{"id":37966,"date":"2025-12-01T11:26:05","date_gmt":"2025-12-01T15:26:05","guid":{"rendered":"https:\/\/blogdalucianaoliveira.com.br\/blog\/?p=37966"},"modified":"2025-12-01T11:26:05","modified_gmt":"2025-12-01T15:26:05","slug":"flamengo-de-deus-e-do-povo-do-asfalto-e-do-morro","status":"publish","type":"post","link":"http:\/\/blogdalucianaoliveira.com.br\/blog\/2025\/12\/01\/flamengo-de-deus-e-do-povo-do-asfalto-e-do-morro\/","title":{"rendered":"Flamengo de Deus e do povo, do asfalto e do morro"},"content":{"rendered":"<p><img data-recalc-dims=\"1\" loading=\"lazy\" decoding=\"async\" data-attachment-id=\"37968\" data-permalink=\"http:\/\/blogdalucianaoliveira.com.br\/blog\/2025\/12\/01\/flamengo-de-deus-e-do-povo-do-asfalto-e-do-morro\/img_1633-2\/\" data-orig-file=\"https:\/\/i0.wp.com\/blogdalucianaoliveira.com.br\/blog\/wp-content\/uploads\/2025\/12\/IMG_1633-1.jpeg?fit=1285%2C950\" data-orig-size=\"1285,950\" data-comments-opened=\"0\" data-image-meta=\"{&quot;aperture&quot;:&quot;0&quot;,&quot;credit&quot;:&quot;&quot;,&quot;camera&quot;:&quot;&quot;,&quot;caption&quot;:&quot;&quot;,&quot;created_timestamp&quot;:&quot;0&quot;,&quot;copyright&quot;:&quot;&quot;,&quot;focal_length&quot;:&quot;0&quot;,&quot;iso&quot;:&quot;0&quot;,&quot;shutter_speed&quot;:&quot;0&quot;,&quot;title&quot;:&quot;&quot;,&quot;orientation&quot;:&quot;1&quot;}\" data-image-title=\"IMG_1633\" data-image-description=\"\" data-image-caption=\"\" data-medium-file=\"https:\/\/i0.wp.com\/blogdalucianaoliveira.com.br\/blog\/wp-content\/uploads\/2025\/12\/IMG_1633-1.jpeg?fit=300%2C222\" data-large-file=\"https:\/\/i0.wp.com\/blogdalucianaoliveira.com.br\/blog\/wp-content\/uploads\/2025\/12\/IMG_1633-1.jpeg?fit=600%2C444\" class=\"alignnone size-medium wp-image-37968\" src=\"https:\/\/i0.wp.com\/blogdalucianaoliveira.com.br\/blog\/wp-content\/uploads\/2025\/12\/IMG_1633-1.jpeg?resize=300%2C222\" alt=\"\" width=\"300\" height=\"222\" srcset=\"https:\/\/i0.wp.com\/blogdalucianaoliveira.com.br\/blog\/wp-content\/uploads\/2025\/12\/IMG_1633-1.jpeg?resize=300%2C222 300w, https:\/\/i0.wp.com\/blogdalucianaoliveira.com.br\/blog\/wp-content\/uploads\/2025\/12\/IMG_1633-1.jpeg?resize=1024%2C757 1024w, https:\/\/i0.wp.com\/blogdalucianaoliveira.com.br\/blog\/wp-content\/uploads\/2025\/12\/IMG_1633-1.jpeg?resize=768%2C568 768w, https:\/\/i0.wp.com\/blogdalucianaoliveira.com.br\/blog\/wp-content\/uploads\/2025\/12\/IMG_1633-1.jpeg?resize=406%2C300 406w, https:\/\/i0.wp.com\/blogdalucianaoliveira.com.br\/blog\/wp-content\/uploads\/2025\/12\/IMG_1633-1.jpeg?w=1285 1285w, https:\/\/i0.wp.com\/blogdalucianaoliveira.com.br\/blog\/wp-content\/uploads\/2025\/12\/IMG_1633-1.jpeg?w=1200 1200w\" sizes=\"auto, (max-width: 300px) 100vw, 300px\" \/><\/p>\n<p class=\"s3\"><strong>Por Marcelo Henrique de Lima Borges<\/strong> &#8211; At\u00e9 canso de refletir sobre essa frase e outras que fazem parte dos dizeres populares. Ela dialoga com a realidade, pois o que vi nas ruas de Porto Velho, minha cidade, foi exatamente isso. Nos bares, carros estacionados; por\u00e9m, havia tamb\u00e9m motos e bicicletas (sim, bicicletas), porque o Flamengo \u00e9 do asfalto e do morro.<!--more--><\/p>\n<p class=\"s3\">Mesas lotadas de desconhecidos que, naquele momento, apenas se encontravam. N\u00e3o se conheciam, mas n\u00e3o era necess\u00e1rio: algo os transformava em seres \u00edntimos \u2014 a camisa, a paix\u00e3o, o objetivo, o amor por uma na\u00e7\u00e3o, a religi\u00e3o rubro-negra, essa op\u00e7\u00e3o de vida chamada Flamengo.<\/p>\n<p class=\"s3\">Crist\u00e3os falando palavr\u00e3o, bebendo, maldizendo&#8230; e ateus de m\u00e3os postas, gritando \u201cMeu Deus!\u201d. Como explicar essas contradi\u00e7\u00f5es? S\u00f3 um estudo sociol\u00f3gico apurado.<\/p>\n<p class=\"s3\">Eu me dirigia \u00e0 sede do meu sindicato para assistir o jogo. S\u00f3 apareceram flamenguistas. Mesmo sendo amigos, cada tribo precisava estar com os seus, e isso pode explicar a aus\u00eancia dos palmeirenses. Imagine uma palavra mal colocada, e uma amizade poderia ficar abalada.<\/p>\n<p class=\"s3\">Flamengo e Palmeiras tornou-se uma guerra, que antes era com o Vasco e o Fluminense, agora temos um novo rival que nos desperta as emo\u00e7\u00f5es mais bestiais poss\u00edveis \u2014 o Porco.<\/p>\n<p class=\"s3\">Lembro-me de uma frase de um colega que assistia conosco: \u201cAs ruas est\u00e3o um inferno de vermelho e preto, mas, se o Flamengo perder, vai ficar s\u00f3 a \u00e1gua da alaga\u00e7\u00e3o\u201d (choveu horrores antes e durante o jogo). \u201cV\u00e3o dormir mais cedo, far\u00e1 sil\u00eancio na maioria dos lares, os bares ter\u00e3o queda nas vendas e o domingo ser\u00e1 p\u00e9ssimo.\u201d<\/p>\n<p class=\"s3\">Flamengo \u00e9 isso que j\u00e1 foi dito: Quando o Flamengo ganha, a economia se aquece, os cora\u00e7\u00f5es se aquecem, o resto do dia fica mais alegre e a semana, mais leve. A produtividade no trabalho sobe, os casamentos se fortalecem, as amizades se consolidam. Flamengo n\u00e3o \u00e9 s\u00f3 um time: \u00e9 um sentimento, um projeto de vida, uma heran\u00e7a para os filhos e um alento aos que partem, pois viver\u00e3o algo que os far\u00e1 seres melhores no pr\u00f3ximo plano.<\/p>\n<p class=\"s3\">FLAMENGO MARAVILHOSO, CHEIO DE ENCANTOS MIL<\/p>\n<p class=\"s3\">FLAMENGO MARAVILHOSO, CAMPE\u00c3O DO MEU BRASIL.<\/p>\n","protected":false},"excerpt":{"rendered":"<p>Por Marcelo Henrique de Lima Borges &#8211; At\u00e9 canso de refletir sobre essa frase e outras que fazem parte dos dizeres populares. Ela dialoga com a realidade, pois o que vi nas ruas de Porto Velho, minha cidade, foi exatamente isso. Nos bares, carros estacionados; por\u00e9m, havia tamb\u00e9m motos e bicicletas (sim, bicicletas), porque o&#8230;<a class=\"more-link\" href=\"http:\/\/blogdalucianaoliveira.com.br\/blog\/2025\/12\/01\/flamengo-de-deus-e-do-povo-do-asfalto-e-do-morro\/\">Continue a leitura <span class=\"meta-nav\">&raquo;<\/span><\/a><\/p>\n","protected":false},"author":1,"featured_media":0,"comment_status":"closed","ping_status":"open","sticky":false,"template":"","format":"standard","meta":{"_exactmetrics_skip_tracking":false,"_exactmetrics_sitenote_active":false,"_exactmetrics_sitenote_note":"","_exactmetrics_sitenote_category":0,"jetpack_post_was_ever_published":false,"_jetpack_newsletter_access":"","_jetpack_dont_email_post_to_subs":false,"_jetpack_newsletter_tier_id":0,"_jetpack_memberships_contains_paywalled_content":false,"_jetpack_memberships_contains_paid_content":false,"footnotes":"","jetpack_publicize_message":"","jetpack_publicize_feature_enabled":true,"jetpack_social_post_already_shared":true,"jetpack_social_options":{"image_generator_settings":{"template":"highway","enabled":false},"version":2}},"categories":[1],"tags":[1593,1594],"class_list":["post-37966","post","type-post","status-publish","format-standard","hentry","category-notas","tag-flamengo","tag-libertadores"],"jetpack_publicize_connections":[],"jetpack_sharing_enabled":true,"jetpack_featured_media_url":"","jetpack_shortlink":"https:\/\/wp.me\/p7wKYW-9Sm","jetpack-related-posts":[],"_links":{"self":[{"href":"http:\/\/blogdalucianaoliveira.com.br\/blog\/wp-json\/wp\/v2\/posts\/37966","targetHints":{"allow":["GET"]}}],"collection":[{"href":"http:\/\/blogdalucianaoliveira.com.br\/blog\/wp-json\/wp\/v2\/posts"}],"about":[{"href":"http:\/\/blogdalucianaoliveira.com.br\/blog\/wp-json\/wp\/v2\/types\/post"}],"author":[{"embeddable":true,"href":"http:\/\/blogdalucianaoliveira.com.br\/blog\/wp-json\/wp\/v2\/users\/1"}],"replies":[{"embeddable":true,"href":"http:\/\/blogdalucianaoliveira.com.br\/blog\/wp-json\/wp\/v2\/comments?post=37966"}],"version-history":[{"count":1,"href":"http:\/\/blogdalucianaoliveira.com.br\/blog\/wp-json\/wp\/v2\/posts\/37966\/revisions"}],"predecessor-version":[{"id":37969,"href":"http:\/\/blogdalucianaoliveira.com.br\/blog\/wp-json\/wp\/v2\/posts\/37966\/revisions\/37969"}],"wp:attachment":[{"href":"http:\/\/blogdalucianaoliveira.com.br\/blog\/wp-json\/wp\/v2\/media?parent=37966"}],"wp:term":[{"taxonomy":"category","embeddable":true,"href":"http:\/\/blogdalucianaoliveira.com.br\/blog\/wp-json\/wp\/v2\/categories?post=37966"},{"taxonomy":"post_tag","embeddable":true,"href":"http:\/\/blogdalucianaoliveira.com.br\/blog\/wp-json\/wp\/v2\/tags?post=37966"}],"curies":[{"name":"wp","href":"https:\/\/api.w.org\/{rel}","templated":true}]}}