{"id":37971,"date":"2025-12-02T22:46:35","date_gmt":"2025-12-03T02:46:35","guid":{"rendered":"https:\/\/blogdalucianaoliveira.com.br\/blog\/?p=37971"},"modified":"2025-12-02T22:46:35","modified_gmt":"2025-12-03T02:46:35","slug":"fenaj-e-sindicatos-condenam-chegada-de-datena-a-ebc","status":"publish","type":"post","link":"http:\/\/blogdalucianaoliveira.com.br\/blog\/2025\/12\/02\/fenaj-e-sindicatos-condenam-chegada-de-datena-a-ebc\/","title":{"rendered":"Fenaj e sindicatos condenam chegada de Datena \u00e0 EBC"},"content":{"rendered":"<p><img data-recalc-dims=\"1\" loading=\"lazy\" decoding=\"async\" data-attachment-id=\"37972\" data-permalink=\"http:\/\/blogdalucianaoliveira.com.br\/blog\/2025\/12\/02\/fenaj-e-sindicatos-condenam-chegada-de-datena-a-ebc\/img_1717-4\/\" data-orig-file=\"https:\/\/i0.wp.com\/blogdalucianaoliveira.com.br\/blog\/wp-content\/uploads\/2025\/12\/IMG_1717.jpeg?fit=576%2C432\" data-orig-size=\"576,432\" data-comments-opened=\"0\" data-image-meta=\"{&quot;aperture&quot;:&quot;0&quot;,&quot;credit&quot;:&quot;&quot;,&quot;camera&quot;:&quot;&quot;,&quot;caption&quot;:&quot;&quot;,&quot;created_timestamp&quot;:&quot;0&quot;,&quot;copyright&quot;:&quot;&quot;,&quot;focal_length&quot;:&quot;0&quot;,&quot;iso&quot;:&quot;0&quot;,&quot;shutter_speed&quot;:&quot;0&quot;,&quot;title&quot;:&quot;&quot;,&quot;orientation&quot;:&quot;0&quot;}\" data-image-title=\"IMG_1717\" data-image-description=\"\" data-image-caption=\"\" data-medium-file=\"https:\/\/i0.wp.com\/blogdalucianaoliveira.com.br\/blog\/wp-content\/uploads\/2025\/12\/IMG_1717.jpeg?fit=300%2C225\" data-large-file=\"https:\/\/i0.wp.com\/blogdalucianaoliveira.com.br\/blog\/wp-content\/uploads\/2025\/12\/IMG_1717.jpeg?fit=576%2C432\" class=\"alignnone size-medium wp-image-37972\" src=\"https:\/\/i0.wp.com\/blogdalucianaoliveira.com.br\/blog\/wp-content\/uploads\/2025\/12\/IMG_1717.jpeg?resize=300%2C225\" alt=\"\" width=\"300\" height=\"225\" srcset=\"https:\/\/i0.wp.com\/blogdalucianaoliveira.com.br\/blog\/wp-content\/uploads\/2025\/12\/IMG_1717.jpeg?resize=300%2C225 300w, https:\/\/i0.wp.com\/blogdalucianaoliveira.com.br\/blog\/wp-content\/uploads\/2025\/12\/IMG_1717.jpeg?resize=400%2C300 400w, https:\/\/i0.wp.com\/blogdalucianaoliveira.com.br\/blog\/wp-content\/uploads\/2025\/12\/IMG_1717.jpeg?w=576 576w\" sizes=\"auto, (max-width: 300px) 100vw, 300px\" \/><\/p>\n<p><strong>Na Folha, por M\u00f4nica Bergamo<\/strong> &#8211; A Federa\u00e7\u00e3o Nacional dos Jornalistas (Fenaj) e os sindicatos dos jornalistas do Distrito Federal, do munic\u00edpio do Rio de Janeiro e de S\u00e3o Paulo v\u00e3o divulgar uma nota de rep\u00fadio contra a contrata\u00e7\u00e3o de Jos\u00e9 Luiz Datena como apresentador da EBC (Empresa Brasil de Comunica\u00e7\u00e3o), ligada ao governo federal.<!--more--><\/p>\n<p>Como mostrou a coluna, Datena comandar\u00e1 um talk show semanal na emissora e ter\u00e1 tamb\u00e9m um programa di\u00e1rio na R\u00e1dio Nacional, que faz parte do conglomerado de ve\u00edculos da empresa.<br \/>\nNa nota, as entidades afirmam que, em sua trajet\u00f3ria, o apresentador &#8220;consolidou um tipo de jornalismo marcado pelo desrespeito sistem\u00e1tico aos direitos humanos e pelo proselitismo pol\u00edtico \u2014pr\u00e1ticas vedadas pela legisla\u00e7\u00e3o que rege a comunica\u00e7\u00e3o p\u00fablica e que criou a EBC.&#8221;<\/p>\n<p>O convite a Datena foi endossado pelo pr\u00f3prio Lula (PT), que o recebeu na segunda (1\u00ba) no Pal\u00e1cio do Planalto. Os dois s\u00e3o amigos h\u00e1 v\u00e1rias d\u00e9cadas.<\/p>\n<p>Para a Fenaj e os sindicatos, a contrata\u00e7\u00e3o do apresentador demonstra a &#8220;aus\u00eancia de um projeto consistente para a comunica\u00e7\u00e3o p\u00fablica federal&#8221;.<\/p>\n<p>As entidades afirmam que denunciam o desmonte na EBC desde 2016. &#8220;No governo Bolsonaro, enfrentamos tentativas de privatiza\u00e7\u00e3o e censura.&#8221; Dizem tamb\u00e9m que, ap\u00f3s tr\u00eas anos de gest\u00e3o Lula, pouco se avan\u00e7ou na valoriza\u00e7\u00e3o profissional e reestrutura\u00e7\u00e3o da empresa.<\/p>\n<p>\u00c0 coluna, Datena disse que o fato de a EBC ser vinculada ao governo n\u00e3o impede que ele mantenha a autonomia que sempre teve em todas as empresas que trabalhou. &#8220;Eu sempre fui independente. E inclusive enfrentei problemas por causa disso. N\u00e3o iriam agora me convidar para ser tendencioso. O meu papel ser\u00e1 sempre o de jornalista, e todos sabem disso&#8221;, afirmou.<\/p>\n","protected":false},"excerpt":{"rendered":"<p>Na Folha, por M\u00f4nica Bergamo &#8211; A Federa\u00e7\u00e3o Nacional dos Jornalistas (Fenaj) e os sindicatos dos jornalistas do Distrito Federal, do munic\u00edpio do Rio de Janeiro e de S\u00e3o Paulo v\u00e3o divulgar uma nota de rep\u00fadio contra a contrata\u00e7\u00e3o de Jos\u00e9 Luiz Datena como apresentador da EBC (Empresa Brasil de Comunica\u00e7\u00e3o), ligada ao governo federal.<\/p>\n","protected":false},"author":1,"featured_media":0,"comment_status":"closed","ping_status":"open","sticky":false,"template":"","format":"standard","meta":{"_exactmetrics_skip_tracking":false,"_exactmetrics_sitenote_active":false,"_exactmetrics_sitenote_note":"","_exactmetrics_sitenote_category":0,"jetpack_post_was_ever_published":false,"_jetpack_newsletter_access":"","_jetpack_dont_email_post_to_subs":false,"_jetpack_newsletter_tier_id":0,"_jetpack_memberships_contains_paywalled_content":false,"_jetpack_memberships_contains_paid_content":false,"footnotes":"","jetpack_publicize_message":"","jetpack_publicize_feature_enabled":true,"jetpack_social_post_already_shared":true,"jetpack_social_options":{"image_generator_settings":{"template":"highway","enabled":false},"version":2}},"categories":[1],"tags":[],"class_list":["post-37971","post","type-post","status-publish","format-standard","hentry","category-notas"],"jetpack_publicize_connections":[],"jetpack_sharing_enabled":true,"jetpack_featured_media_url":"","jetpack_shortlink":"https:\/\/wp.me\/p7wKYW-9Sr","jetpack-related-posts":[],"_links":{"self":[{"href":"http:\/\/blogdalucianaoliveira.com.br\/blog\/wp-json\/wp\/v2\/posts\/37971","targetHints":{"allow":["GET"]}}],"collection":[{"href":"http:\/\/blogdalucianaoliveira.com.br\/blog\/wp-json\/wp\/v2\/posts"}],"about":[{"href":"http:\/\/blogdalucianaoliveira.com.br\/blog\/wp-json\/wp\/v2\/types\/post"}],"author":[{"embeddable":true,"href":"http:\/\/blogdalucianaoliveira.com.br\/blog\/wp-json\/wp\/v2\/users\/1"}],"replies":[{"embeddable":true,"href":"http:\/\/blogdalucianaoliveira.com.br\/blog\/wp-json\/wp\/v2\/comments?post=37971"}],"version-history":[{"count":1,"href":"http:\/\/blogdalucianaoliveira.com.br\/blog\/wp-json\/wp\/v2\/posts\/37971\/revisions"}],"predecessor-version":[{"id":37973,"href":"http:\/\/blogdalucianaoliveira.com.br\/blog\/wp-json\/wp\/v2\/posts\/37971\/revisions\/37973"}],"wp:attachment":[{"href":"http:\/\/blogdalucianaoliveira.com.br\/blog\/wp-json\/wp\/v2\/media?parent=37971"}],"wp:term":[{"taxonomy":"category","embeddable":true,"href":"http:\/\/blogdalucianaoliveira.com.br\/blog\/wp-json\/wp\/v2\/categories?post=37971"},{"taxonomy":"post_tag","embeddable":true,"href":"http:\/\/blogdalucianaoliveira.com.br\/blog\/wp-json\/wp\/v2\/tags?post=37971"}],"curies":[{"name":"wp","href":"https:\/\/api.w.org\/{rel}","templated":true}]}}