{"id":37974,"date":"2025-12-03T08:07:45","date_gmt":"2025-12-03T12:07:45","guid":{"rendered":"https:\/\/blogdalucianaoliveira.com.br\/blog\/?p=37974"},"modified":"2025-12-03T08:16:41","modified_gmt":"2025-12-03T12:16:41","slug":"mutirao-de-plantio-da-campanha-foliao-vira-arvore-acontece-nesta-quinta","status":"publish","type":"post","link":"http:\/\/blogdalucianaoliveira.com.br\/blog\/2025\/12\/03\/mutirao-de-plantio-da-campanha-foliao-vira-arvore-acontece-nesta-quinta\/","title":{"rendered":"MUTIR\u00c3O DE PLANTIO DA CAMPANHA \u201cFOLI\u00c3O VIRA \u00c1RVORE\u201d ACONTECE NESTA SEXTA"},"content":{"rendered":"<p>&nbsp;<\/p>\n<p class=\"s5\"><img data-recalc-dims=\"1\" loading=\"lazy\" decoding=\"async\" data-attachment-id=\"37975\" data-permalink=\"http:\/\/blogdalucianaoliveira.com.br\/blog\/2025\/12\/03\/mutirao-de-plantio-da-campanha-foliao-vira-arvore-acontece-nesta-quinta\/fd6984c2-e68a-4156-9df1-80b6cbadd9a8\/\" data-orig-file=\"https:\/\/i0.wp.com\/blogdalucianaoliveira.com.br\/blog\/wp-content\/uploads\/2025\/12\/fd6984c2-e68a-4156-9df1-80b6cbadd9a8.jpeg?fit=1359%2C681\" data-orig-size=\"1359,681\" data-comments-opened=\"0\" data-image-meta=\"{&quot;aperture&quot;:&quot;0&quot;,&quot;credit&quot;:&quot;&quot;,&quot;camera&quot;:&quot;&quot;,&quot;caption&quot;:&quot;&quot;,&quot;created_timestamp&quot;:&quot;1764685585&quot;,&quot;copyright&quot;:&quot;&quot;,&quot;focal_length&quot;:&quot;0&quot;,&quot;iso&quot;:&quot;0&quot;,&quot;shutter_speed&quot;:&quot;0&quot;,&quot;title&quot;:&quot;&quot;,&quot;orientation&quot;:&quot;0&quot;}\" data-image-title=\"fd6984c2-e68a-4156-9df1-80b6cbadd9a8\" data-image-description=\"\" data-image-caption=\"\" data-medium-file=\"https:\/\/i0.wp.com\/blogdalucianaoliveira.com.br\/blog\/wp-content\/uploads\/2025\/12\/fd6984c2-e68a-4156-9df1-80b6cbadd9a8.jpeg?fit=300%2C150\" data-large-file=\"https:\/\/i0.wp.com\/blogdalucianaoliveira.com.br\/blog\/wp-content\/uploads\/2025\/12\/fd6984c2-e68a-4156-9df1-80b6cbadd9a8.jpeg?fit=600%2C301\" class=\"alignnone size-medium wp-image-37975\" src=\"https:\/\/i0.wp.com\/blogdalucianaoliveira.com.br\/blog\/wp-content\/uploads\/2025\/12\/fd6984c2-e68a-4156-9df1-80b6cbadd9a8.jpeg?resize=300%2C150\" alt=\"\" width=\"300\" height=\"150\" srcset=\"https:\/\/i0.wp.com\/blogdalucianaoliveira.com.br\/blog\/wp-content\/uploads\/2025\/12\/fd6984c2-e68a-4156-9df1-80b6cbadd9a8.jpeg?resize=300%2C150 300w, https:\/\/i0.wp.com\/blogdalucianaoliveira.com.br\/blog\/wp-content\/uploads\/2025\/12\/fd6984c2-e68a-4156-9df1-80b6cbadd9a8.jpeg?resize=1024%2C513 1024w, https:\/\/i0.wp.com\/blogdalucianaoliveira.com.br\/blog\/wp-content\/uploads\/2025\/12\/fd6984c2-e68a-4156-9df1-80b6cbadd9a8.jpeg?resize=768%2C385 768w, https:\/\/i0.wp.com\/blogdalucianaoliveira.com.br\/blog\/wp-content\/uploads\/2025\/12\/fd6984c2-e68a-4156-9df1-80b6cbadd9a8.jpeg?resize=599%2C300 599w, https:\/\/i0.wp.com\/blogdalucianaoliveira.com.br\/blog\/wp-content\/uploads\/2025\/12\/fd6984c2-e68a-4156-9df1-80b6cbadd9a8.jpeg?w=1359 1359w, https:\/\/i0.wp.com\/blogdalucianaoliveira.com.br\/blog\/wp-content\/uploads\/2025\/12\/fd6984c2-e68a-4156-9df1-80b6cbadd9a8.jpeg?w=1200 1200w\" sizes=\"auto, (max-width: 300px) 100vw, 300px\" \/><\/p>\n<p class=\"s5\"><strong>A\u00e7\u00e3o transforma foli\u00f5es em \u00e1rvores, a emiss\u00e3o de carbono no desfile \u00e9 compensada e a educa\u00e7\u00e3o ambiental \u00e9 fortalecida<\/strong><!--more--><\/p>\n<p class=\"s7\">A Ecopor\u00e9 realiza nesta sexta-feira, 5 de dezembro, \u00e0s 15h, no IFRO Campus Calama, o segundo mutir\u00e3o de plantio da campanha Foli\u00e3o Vira \u00c1rvore, idealizada e executada pela equipe de comunica\u00e7\u00e3o da institui\u00e7\u00e3o em parceria com o Bloco Pirarucu do Madeira. A a\u00e7\u00e3o integra a estrat\u00e9gia socioambiental da Ecopor\u00e9 para unir a maior festa popular de Rond\u00f4nia \u2014 o Carnaval \u2014 \u00e0 restaura\u00e7\u00e3o ecol\u00f3gica e \u00e0 neutraliza\u00e7\u00e3o de carbono.<\/p>\n<p class=\"s8\"><span class=\"s9\"><span class=\"bumpedFont15\">Ap\u00f3s o primeiro plantio no Espa\u00e7o Veredas, onde foram colocadas 350 mudas, a campanha agora avan\u00e7a para o IFRO Calama e \u00e1reas do entorno, especialmente pr\u00f3ximas ao canal que corta a regi\u00e3o. O plantio de cerca de 2 mil mudas nesse territ\u00f3rio vai contribuir para manter e fortalecer a vegeta\u00e7\u00e3o existente, ampliando a cobertura verde, evitando processos erosivos e criando \u00e1reas de abrigo e passagem para fauna urbana, como p\u00e1ssaros, insetos polinizadores e pequenos animais.<\/span><\/span><\/p>\n<p class=\"s8\"><span class=\"s9\"><span class=\"bumpedFont15\">A campanha foi planejada para fortalecer a presen\u00e7a da Ecopor\u00e9 no debate socioambiental, alinhando-se diretamente aos programas Administra\u00e7\u00e3o e Governan\u00e7a e Floresta e Agricultura, que focam em a\u00e7\u00f5es de restaura\u00e7\u00e3o ecol\u00f3gica, extens\u00e3o, agricultura regenerativa, regulariza\u00e7\u00e3o ambiental e fortalecimento da economia rural de baixo carbono. Al\u00e9m disso, a campanha atende aos Objetivos de Desenvolvimento Sustent\u00e1vel (ODS) 11, 13, 15 e 16.<\/span><\/span><\/p>\n<p class=\"s8\"><span class=\"s9\"><span class=\"bumpedFont15\">Durante o Carnaval, a Ecopor\u00e9 e o Bloco Pirarucu do Madeira distribu\u00edram adesivos, copos personalizados e materiais de conscientiza\u00e7\u00e3o, associando a alegria da festa \u00e0 responsabilidade ambiental: <\/span><\/span>cada foli\u00e3o representava simbolicamente uma muda plantada, refor\u00e7ando a ideia de que pequenas a\u00e7\u00f5es coletivas podem gerar impactos reais e permanentes.<\/p>\n<p><img data-recalc-dims=\"1\" loading=\"lazy\" decoding=\"async\" data-attachment-id=\"37977\" data-permalink=\"http:\/\/blogdalucianaoliveira.com.br\/blog\/2025\/12\/03\/mutirao-de-plantio-da-campanha-foliao-vira-arvore-acontece-nesta-quinta\/img_1720\/\" data-orig-file=\"https:\/\/i0.wp.com\/blogdalucianaoliveira.com.br\/blog\/wp-content\/uploads\/2025\/12\/IMG_1720.jpeg?fit=1131%2C623\" data-orig-size=\"1131,623\" data-comments-opened=\"0\" data-image-meta=\"{&quot;aperture&quot;:&quot;0&quot;,&quot;credit&quot;:&quot;&quot;,&quot;camera&quot;:&quot;&quot;,&quot;caption&quot;:&quot;&quot;,&quot;created_timestamp&quot;:&quot;0&quot;,&quot;copyright&quot;:&quot;&quot;,&quot;focal_length&quot;:&quot;0&quot;,&quot;iso&quot;:&quot;0&quot;,&quot;shutter_speed&quot;:&quot;0&quot;,&quot;title&quot;:&quot;&quot;,&quot;orientation&quot;:&quot;1&quot;}\" data-image-title=\"IMG_1720\" data-image-description=\"\" data-image-caption=\"\" data-medium-file=\"https:\/\/i0.wp.com\/blogdalucianaoliveira.com.br\/blog\/wp-content\/uploads\/2025\/12\/IMG_1720.jpeg?fit=300%2C165\" data-large-file=\"https:\/\/i0.wp.com\/blogdalucianaoliveira.com.br\/blog\/wp-content\/uploads\/2025\/12\/IMG_1720.jpeg?fit=600%2C330\" class=\"alignnone size-medium wp-image-37977\" src=\"https:\/\/i0.wp.com\/blogdalucianaoliveira.com.br\/blog\/wp-content\/uploads\/2025\/12\/IMG_1720.jpeg?resize=300%2C165\" alt=\"\" width=\"300\" height=\"165\" srcset=\"https:\/\/i0.wp.com\/blogdalucianaoliveira.com.br\/blog\/wp-content\/uploads\/2025\/12\/IMG_1720.jpeg?resize=300%2C165 300w, https:\/\/i0.wp.com\/blogdalucianaoliveira.com.br\/blog\/wp-content\/uploads\/2025\/12\/IMG_1720.jpeg?resize=1024%2C564 1024w, https:\/\/i0.wp.com\/blogdalucianaoliveira.com.br\/blog\/wp-content\/uploads\/2025\/12\/IMG_1720.jpeg?resize=768%2C423 768w, https:\/\/i0.wp.com\/blogdalucianaoliveira.com.br\/blog\/wp-content\/uploads\/2025\/12\/IMG_1720.jpeg?resize=545%2C300 545w, https:\/\/i0.wp.com\/blogdalucianaoliveira.com.br\/blog\/wp-content\/uploads\/2025\/12\/IMG_1720.jpeg?w=1131 1131w\" sizes=\"auto, (max-width: 300px) 100vw, 300px\" \/><\/p>\n<p class=\"s8\"><span class=\"s9\"><span class=\"bumpedFont15\">Agora, o movimento segue para sua segunda etapa pr\u00e1tica: <\/span><\/span>o mutir\u00e3o de plantio no IFRO Calama est\u00e1 aberto para volunt\u00e1rios, convocando toda a comunidade \u2014 foli\u00f5es, simpatizantes, estudantes, trabalhadores e moradores \u2014 a participar do plantio das 2 mil mudas. A Ecopor\u00e9 refor\u00e7a que a participa\u00e7\u00e3o \u00e9 livre, aberta e cheia de significado: transformar folia em floresta, alegria em regenera\u00e7\u00e3o.<\/p>\n<p class=\"s8\"><span class=\"s9\"><span class=\"bumpedFont15\">E para manter o esp\u00edrito carnavalesco vivo, o convite \u00e9 claro: <\/span><\/span>quem puder, venha fantasiado, \u00a0porque consci\u00eancia ambiental tamb\u00e9m pode ser divertida.<\/p>\n<p class=\"s8\"><span class=\"s9\"><span class=\"bumpedFont15\">Com mais essa a\u00e7\u00e3o, a Ecopor\u00e9 reafirma seu compromisso com a restaura\u00e7\u00e3o ecol\u00f3gica, a educa\u00e7\u00e3o ambiental, a mobiliza\u00e7\u00e3o popular e a constru\u00e7\u00e3o de um futuro sustent\u00e1vel para Rond\u00f4nia e para toda a Amaz\u00f4nia<\/span><\/span><\/p>\n<p class=\"s11\"><span class=\"s6\"><span class=\"bumpedFont15\">Mutir\u00e3o de Plantio<\/span><\/span><\/p>\n<p class=\"s12\"><span class=\"s9\"><span class=\"bumpedFont15\">Data: 5 de dezembro (sexta-feira)<\/span><\/span><\/p>\n<p class=\"s12\"><span class=\"s9\"><span class=\"bumpedFont15\">Hor\u00e1rio: 15h<\/span><\/span><\/p>\n<p class=\"s12\"><span class=\"s9\"><span class=\"bumpedFont15\">Local: IFRO Campus Calama e \u00e1reas pr\u00f3ximas ao canal<\/span><\/span><\/p>\n<p class=\"s12\"><span class=\"s9\"><span class=\"bumpedFont15\">Realiza\u00e7\u00e3o: Ecopor\u00e9 &amp; Bloco Pirarucu do Madeira<\/span><\/span><\/p>\n<p class=\"s12\"><span class=\"s9\"><span class=\"bumpedFont15\">Apoio nessa a\u00e7\u00e3o: Ifro Campus Calama, Sema e Semusb<\/span><\/span><\/p>\n<p class=\"s12\"><span class=\"s9\"><span class=\"bumpedFont15\">A\u00e7\u00e3o: Plantio de cerca de 2 mil mudas como parte da campanha de Carnaval Foli\u00e3o Vira \u00c1rvore.<\/span><\/span><\/p>\n<p class=\"s12\"><span class=\"s9\"><span class=\"bumpedFont15\">Observa\u00e7\u00e3o: V\u00e1 fantasiado, se puder<\/span><\/span><\/p>\n","protected":false},"excerpt":{"rendered":"<p>&nbsp; A\u00e7\u00e3o transforma foli\u00f5es em \u00e1rvores, a emiss\u00e3o de carbono no desfile \u00e9 compensada e a educa\u00e7\u00e3o ambiental \u00e9 fortalecida<\/p>\n","protected":false},"author":1,"featured_media":0,"comment_status":"closed","ping_status":"open","sticky":false,"template":"","format":"standard","meta":{"_exactmetrics_skip_tracking":false,"_exactmetrics_sitenote_active":false,"_exactmetrics_sitenote_note":"","_exactmetrics_sitenote_category":0,"jetpack_post_was_ever_published":false,"_jetpack_newsletter_access":"","_jetpack_dont_email_post_to_subs":false,"_jetpack_newsletter_tier_id":0,"_jetpack_memberships_contains_paywalled_content":false,"_jetpack_memberships_contains_paid_content":false,"footnotes":"","jetpack_publicize_message":"","jetpack_publicize_feature_enabled":true,"jetpack_social_post_already_shared":true,"jetpack_social_options":{"image_generator_settings":{"template":"highway","enabled":false},"version":2}},"categories":[1],"tags":[1210,821,1270],"class_list":["post-37974","post","type-post","status-publish","format-standard","hentry","category-notas","tag-ambiental","tag-bloco-pirarucu-do-madeira","tag-ecopore"],"jetpack_publicize_connections":[],"jetpack_sharing_enabled":true,"jetpack_featured_media_url":"","jetpack_shortlink":"https:\/\/wp.me\/p7wKYW-9Su","jetpack-related-posts":[],"_links":{"self":[{"href":"http:\/\/blogdalucianaoliveira.com.br\/blog\/wp-json\/wp\/v2\/posts\/37974","targetHints":{"allow":["GET"]}}],"collection":[{"href":"http:\/\/blogdalucianaoliveira.com.br\/blog\/wp-json\/wp\/v2\/posts"}],"about":[{"href":"http:\/\/blogdalucianaoliveira.com.br\/blog\/wp-json\/wp\/v2\/types\/post"}],"author":[{"embeddable":true,"href":"http:\/\/blogdalucianaoliveira.com.br\/blog\/wp-json\/wp\/v2\/users\/1"}],"replies":[{"embeddable":true,"href":"http:\/\/blogdalucianaoliveira.com.br\/blog\/wp-json\/wp\/v2\/comments?post=37974"}],"version-history":[{"count":2,"href":"http:\/\/blogdalucianaoliveira.com.br\/blog\/wp-json\/wp\/v2\/posts\/37974\/revisions"}],"predecessor-version":[{"id":37979,"href":"http:\/\/blogdalucianaoliveira.com.br\/blog\/wp-json\/wp\/v2\/posts\/37974\/revisions\/37979"}],"wp:attachment":[{"href":"http:\/\/blogdalucianaoliveira.com.br\/blog\/wp-json\/wp\/v2\/media?parent=37974"}],"wp:term":[{"taxonomy":"category","embeddable":true,"href":"http:\/\/blogdalucianaoliveira.com.br\/blog\/wp-json\/wp\/v2\/categories?post=37974"},{"taxonomy":"post_tag","embeddable":true,"href":"http:\/\/blogdalucianaoliveira.com.br\/blog\/wp-json\/wp\/v2\/tags?post=37974"}],"curies":[{"name":"wp","href":"https:\/\/api.w.org\/{rel}","templated":true}]}}