{"id":37984,"date":"2025-12-03T17:16:45","date_gmt":"2025-12-03T21:16:45","guid":{"rendered":"https:\/\/blogdalucianaoliveira.com.br\/blog\/?p=37984"},"modified":"2025-12-03T17:16:45","modified_gmt":"2025-12-03T21:16:45","slug":"quanto-ganham-os-brasileiros-renda-varia-mais-que-o-dobro-entre-estados-aponta-ibge","status":"publish","type":"post","link":"http:\/\/blogdalucianaoliveira.com.br\/blog\/2025\/12\/03\/quanto-ganham-os-brasileiros-renda-varia-mais-que-o-dobro-entre-estados-aponta-ibge\/","title":{"rendered":"Quanto ganham os brasileiros? Renda varia mais que o dobro entre estados, aponta IBGE"},"content":{"rendered":"<p><img data-recalc-dims=\"1\" loading=\"lazy\" decoding=\"async\" data-attachment-id=\"37987\" data-permalink=\"http:\/\/blogdalucianaoliveira.com.br\/blog\/2025\/12\/03\/quanto-ganham-os-brasileiros-renda-varia-mais-que-o-dobro-entre-estados-aponta-ibge\/img_1750-2\/\" data-orig-file=\"https:\/\/i0.wp.com\/blogdalucianaoliveira.com.br\/blog\/wp-content\/uploads\/2025\/12\/IMG_1750.jpeg?fit=1141%2C1407\" data-orig-size=\"1141,1407\" data-comments-opened=\"0\" data-image-meta=\"{&quot;aperture&quot;:&quot;0&quot;,&quot;credit&quot;:&quot;&quot;,&quot;camera&quot;:&quot;&quot;,&quot;caption&quot;:&quot;&quot;,&quot;created_timestamp&quot;:&quot;0&quot;,&quot;copyright&quot;:&quot;&quot;,&quot;focal_length&quot;:&quot;0&quot;,&quot;iso&quot;:&quot;0&quot;,&quot;shutter_speed&quot;:&quot;0&quot;,&quot;title&quot;:&quot;&quot;,&quot;orientation&quot;:&quot;1&quot;}\" data-image-title=\"IMG_1750\" data-image-description=\"\" data-image-caption=\"\" data-medium-file=\"https:\/\/i0.wp.com\/blogdalucianaoliveira.com.br\/blog\/wp-content\/uploads\/2025\/12\/IMG_1750.jpeg?fit=243%2C300\" data-large-file=\"https:\/\/i0.wp.com\/blogdalucianaoliveira.com.br\/blog\/wp-content\/uploads\/2025\/12\/IMG_1750.jpeg?fit=600%2C740\" class=\"alignnone size-medium wp-image-37987\" src=\"https:\/\/i0.wp.com\/blogdalucianaoliveira.com.br\/blog\/wp-content\/uploads\/2025\/12\/IMG_1750.jpeg?resize=243%2C300\" alt=\"\" width=\"243\" height=\"300\" srcset=\"https:\/\/i0.wp.com\/blogdalucianaoliveira.com.br\/blog\/wp-content\/uploads\/2025\/12\/IMG_1750.jpeg?resize=243%2C300 243w, https:\/\/i0.wp.com\/blogdalucianaoliveira.com.br\/blog\/wp-content\/uploads\/2025\/12\/IMG_1750.jpeg?resize=830%2C1024 830w, https:\/\/i0.wp.com\/blogdalucianaoliveira.com.br\/blog\/wp-content\/uploads\/2025\/12\/IMG_1750.jpeg?resize=768%2C947 768w, https:\/\/i0.wp.com\/blogdalucianaoliveira.com.br\/blog\/wp-content\/uploads\/2025\/12\/IMG_1750.jpeg?w=1141 1141w\" sizes=\"auto, (max-width: 243px) 100vw, 243px\" \/><\/p>\n<div class=\"row content-head mc-column non-featured \">\n<div class=\"medium-centered subtitle\">\n<h2 class=\"content-head__subtitle\">Apesar de pa\u00eds alcan\u00e7ar maior rendimento m\u00e9dio da hist\u00f3ria, diferen\u00e7as entre estados permanecem fortes: um trabalhador do Distrito Federal ganha, em m\u00e9dia, mais do que o dobro de um do Maranh\u00e3o.<\/h2>\n<\/div>\n<\/div>\n<p><!--more--><\/p>\n<div class=\"content__signa-share mc-column\">\n<div class=\"content__signature\">\n<div class=\"content-publication-data\">\n<div class=\"content-publication-data__text\">\n<p class=\"content-publication-data__from\" title=\"Reda\u00e7\u00e3o g1\">Por Reda\u00e7\u00e3o g1 &#8211; <span class=\"highlight highlighted\">O rendimento m\u00e9dio de todas as fontes dos brasileiros atingiu R$ 3.208 em 2024<\/span>, segundo o Instituto Brasileiro de Geografia e Estat\u00edstica (IBGE). <strong>Esse \u00e9 o maior valor j\u00e1 registrado na s\u00e9rie hist\u00f3rica, iniciada em 2012.<\/strong><\/p>\n<div class=\"wall protected-content\">\n<div id=\"chunk-dlvec\">\n<div class=\"mc-column content-text active-extra-styles \" data-block-type=\"unstyled\" data-block-weight=\"33\" data-block-id=\"5\">\n<p class=\" content-text__container \" data-track-category=\"Link no Texto\" data-track-links=\"\">O c\u00e1lculo desses valores \u00e9 feito com base na Pesquisa Nacional por Amostra de Domic\u00edlios (PNAD) Cont\u00ednua. O levantamento analisa informa\u00e7\u00f5es sobre os rendimentos provenientes de todos os trabalhos e de outras fontes.<\/p>\n<p data-track-category=\"Link no Texto\" data-track-links=\"\"><img data-recalc-dims=\"1\" loading=\"lazy\" decoding=\"async\" data-attachment-id=\"37985\" data-permalink=\"http:\/\/blogdalucianaoliveira.com.br\/blog\/2025\/12\/03\/quanto-ganham-os-brasileiros-renda-varia-mais-que-o-dobro-entre-estados-aponta-ibge\/img_1748-2\/\" data-orig-file=\"https:\/\/i0.wp.com\/blogdalucianaoliveira.com.br\/blog\/wp-content\/uploads\/2025\/12\/IMG_1748.jpeg?fit=1152%2C1352\" data-orig-size=\"1152,1352\" data-comments-opened=\"0\" data-image-meta=\"{&quot;aperture&quot;:&quot;0&quot;,&quot;credit&quot;:&quot;&quot;,&quot;camera&quot;:&quot;&quot;,&quot;caption&quot;:&quot;&quot;,&quot;created_timestamp&quot;:&quot;0&quot;,&quot;copyright&quot;:&quot;&quot;,&quot;focal_length&quot;:&quot;0&quot;,&quot;iso&quot;:&quot;0&quot;,&quot;shutter_speed&quot;:&quot;0&quot;,&quot;title&quot;:&quot;&quot;,&quot;orientation&quot;:&quot;1&quot;}\" data-image-title=\"IMG_1748\" data-image-description=\"\" data-image-caption=\"\" data-medium-file=\"https:\/\/i0.wp.com\/blogdalucianaoliveira.com.br\/blog\/wp-content\/uploads\/2025\/12\/IMG_1748.jpeg?fit=256%2C300\" data-large-file=\"https:\/\/i0.wp.com\/blogdalucianaoliveira.com.br\/blog\/wp-content\/uploads\/2025\/12\/IMG_1748.jpeg?fit=600%2C704\" class=\"alignnone size-medium wp-image-37985\" src=\"https:\/\/i0.wp.com\/blogdalucianaoliveira.com.br\/blog\/wp-content\/uploads\/2025\/12\/IMG_1748.jpeg?resize=256%2C300\" alt=\"\" width=\"256\" height=\"300\" srcset=\"https:\/\/i0.wp.com\/blogdalucianaoliveira.com.br\/blog\/wp-content\/uploads\/2025\/12\/IMG_1748.jpeg?resize=256%2C300 256w, https:\/\/i0.wp.com\/blogdalucianaoliveira.com.br\/blog\/wp-content\/uploads\/2025\/12\/IMG_1748.jpeg?resize=873%2C1024 873w, https:\/\/i0.wp.com\/blogdalucianaoliveira.com.br\/blog\/wp-content\/uploads\/2025\/12\/IMG_1748.jpeg?resize=768%2C901 768w, https:\/\/i0.wp.com\/blogdalucianaoliveira.com.br\/blog\/wp-content\/uploads\/2025\/12\/IMG_1748.jpeg?w=1152 1152w\" sizes=\"auto, (max-width: 256px) 100vw, 256px\" \/><\/p>\n<\/div>\n<\/div>\n<\/div>\n<div id=\"chunk-3o8du\">\n<div class=\"mc-column content-text active-extra-styles \" data-block-type=\"unstyled\" data-block-weight=\"31\" data-block-id=\"6\">\n<p class=\" content-text__container \" data-track-category=\"Link no Texto\" data-track-links=\"\">H\u00e1 12 anos o rendimento m\u00e9dio era de R$ 2.935. Com isso, o<strong> avan\u00e7o acumulado no per\u00edodo foi de 9,3%<\/strong>, apesar das oscila\u00e7\u00f5es provocadas por crises econ\u00f4micas durante a pandemia.<\/p>\n<\/div>\n<\/div>\n<div id=\"chunk-3s5ef\">\n<div class=\"mc-column\" data-block-type=\"ads\" data-block-id=\"7\"><\/div>\n<\/div>\n<div id=\"chunk-b0a8s\">\n<div class=\"mc-column content-text active-extra-styles \" data-block-type=\"unstyled\" data-block-weight=\"44\" data-block-id=\"8\">\n<p class=\" content-text__container \" data-track-category=\"Link no Texto\" data-track-links=\"\">Entre 2012 e 2014, houve alta consistente, chegando a R$ 3.123. Depois, veio a recess\u00e3o: em 2017, a m\u00e9dia caiu para R$ 2.997. Em 2020, o valor subiu para R$ 3.152, mas voltou a cair para R$ 2.888 em 2022, durante a pandemia.<\/p>\n<\/div>\n<\/div>\n<div id=\"chunk-btvrm\">\n<div class=\"mc-column content-text active-extra-styles \" data-block-type=\"unstyled\" data-block-weight=\"19\" data-block-id=\"9\">\n<p class=\" content-text__container \" data-track-category=\"Link no Texto\" data-track-links=\"\">A recupera\u00e7\u00e3o come\u00e7ou em 2023 (R$ 3.094) at\u00e9 chegar no recorde atual, impulsionada pela retomada econ\u00f4mica e reajustes salariais.<\/p>\n<\/div>\n<\/div>\n<div id=\"chunk-eaijb\">\n<div class=\"mc-column content-text active-extra-styles\" data-block-type=\"raw\" data-block-weight=\"43\" data-block-id=\"10\">\n<p class=\"content-text__container\">\n<ul class=\"content-unordered-list\">\n<li><strong><em>\ud83d\udcce O rendimento m\u00e9dio considera tudo o que a pessoa recebe no m\u00eas: <\/em><\/strong><em>sal\u00e1rios de todos os trabalhos e outras fontes, como aposentadorias, pens\u00f5es, aluguel, benef\u00edcios sociais, aplica\u00e7\u00f5es financeiras e doa\u00e7\u00f5es. \u00c9 a soma dessas entradas que forma o indicador divulgado pelo IBGE.<\/em><\/li>\n<\/ul>\n<p>&nbsp;<\/p>\n<\/div>\n<\/div>\n<div id=\"chunk-tttv\">\n<div class=\"mc-column content-text active-extra-styles \" data-block-type=\"unstyled\" data-block-weight=\"23\" data-block-id=\"11\">\n<p class=\" content-text__container \" data-track-category=\"Link no Texto\" data-track-links=\"\"><span class=\"highlight highlighted\">Apesar do marco hist\u00f3rico, a m\u00e9dia nacional n\u00e3o reflete a realidade heterog\u00eanea do Brasil.<\/span> Quando olhamos para os estados, as diferen\u00e7as s\u00e3o grandes.<\/p>\n<\/div>\n<\/div>\n<div id=\"chunk-f9upl\">\n<div class=\"mc-column content-text active-extra-styles\" data-block-type=\"raw\" data-block-weight=\"47\" data-block-id=\"12\">\n<p class=\"content-text__container\">\n<ul class=\"content-unordered-list\">\n<li>O <strong>Distrito Federal <\/strong>lidera com R$ 5.037, seguido por <strong>S\u00e3o Paulo <\/strong>(R$ 3.884).<\/li>\n<li>Na outra ponta, <strong>Maranh\u00e3o <\/strong>(R$ 2.051) e <strong>Cear\u00e1 <\/strong>(R$ 2.053) t\u00eam os menores valores.<\/li>\n<li>Isso significa que um trabalhador no DF ganha, em m\u00e9dia, mais do que o dobro de um trabalhador no Maranh\u00e3o.<\/li>\n<\/ul>\n<p>&nbsp;<\/p>\n<\/div>\n<\/div>\n<div id=\"chunk-470fc\">\n<div class=\"mc-column content-text active-extra-styles \" data-block-type=\"unstyled\" data-block-weight=\"21\" data-block-id=\"13\">\n<p class=\" content-text__container \" data-track-category=\"Link no Texto\" data-track-links=\"\">Essa disparidade reflete a concentra\u00e7\u00e3o de empregos no DF (funcionalismo p\u00fablico) e setores de alta remunera\u00e7\u00e3o em SP (finan\u00e7as e gest\u00e3o).<\/p>\n<p data-track-category=\"Link no Texto\" data-track-links=\"\"><img data-recalc-dims=\"1\" loading=\"lazy\" decoding=\"async\" data-attachment-id=\"37986\" data-permalink=\"http:\/\/blogdalucianaoliveira.com.br\/blog\/2025\/12\/03\/quanto-ganham-os-brasileiros-renda-varia-mais-que-o-dobro-entre-estados-aponta-ibge\/img_1749-2\/\" data-orig-file=\"https:\/\/i0.wp.com\/blogdalucianaoliveira.com.br\/blog\/wp-content\/uploads\/2025\/12\/IMG_1749.jpeg?fit=1179%2C1360\" data-orig-size=\"1179,1360\" data-comments-opened=\"0\" data-image-meta=\"{&quot;aperture&quot;:&quot;0&quot;,&quot;credit&quot;:&quot;&quot;,&quot;camera&quot;:&quot;&quot;,&quot;caption&quot;:&quot;&quot;,&quot;created_timestamp&quot;:&quot;0&quot;,&quot;copyright&quot;:&quot;&quot;,&quot;focal_length&quot;:&quot;0&quot;,&quot;iso&quot;:&quot;0&quot;,&quot;shutter_speed&quot;:&quot;0&quot;,&quot;title&quot;:&quot;&quot;,&quot;orientation&quot;:&quot;1&quot;}\" data-image-title=\"IMG_1749\" data-image-description=\"\" data-image-caption=\"\" data-medium-file=\"https:\/\/i0.wp.com\/blogdalucianaoliveira.com.br\/blog\/wp-content\/uploads\/2025\/12\/IMG_1749.jpeg?fit=260%2C300\" data-large-file=\"https:\/\/i0.wp.com\/blogdalucianaoliveira.com.br\/blog\/wp-content\/uploads\/2025\/12\/IMG_1749.jpeg?fit=600%2C692\" class=\"alignnone size-medium wp-image-37986\" src=\"https:\/\/i0.wp.com\/blogdalucianaoliveira.com.br\/blog\/wp-content\/uploads\/2025\/12\/IMG_1749.jpeg?resize=260%2C300\" alt=\"\" width=\"260\" height=\"300\" srcset=\"https:\/\/i0.wp.com\/blogdalucianaoliveira.com.br\/blog\/wp-content\/uploads\/2025\/12\/IMG_1749.jpeg?resize=260%2C300 260w, https:\/\/i0.wp.com\/blogdalucianaoliveira.com.br\/blog\/wp-content\/uploads\/2025\/12\/IMG_1749.jpeg?resize=888%2C1024 888w, https:\/\/i0.wp.com\/blogdalucianaoliveira.com.br\/blog\/wp-content\/uploads\/2025\/12\/IMG_1749.jpeg?resize=768%2C886 768w, https:\/\/i0.wp.com\/blogdalucianaoliveira.com.br\/blog\/wp-content\/uploads\/2025\/12\/IMG_1749.jpeg?w=1179 1179w\" sizes=\"auto, (max-width: 260px) 100vw, 260px\" \/><\/p>\n<div id=\"chunk-4airm\">\n<div class=\"mc-column content-text active-extra-styles \" data-block-type=\"unstyled\" data-block-weight=\"9\" data-block-id=\"15\">\n<p class=\" content-text__container \" data-track-category=\"Link no Texto\" data-track-links=\"\">Mas as desigualdades v\u00e3o al\u00e9m da geografia. Em 2024:<\/p>\n<\/div>\n<\/div>\n<div id=\"chunk-5cgfd\">\n<div class=\"mc-column content-text active-extra-styles\" data-block-type=\"raw\" data-block-weight=\"36\" data-block-id=\"16\">\n<p class=\"content-text__container\">\n<ul class=\"content-unordered-list\">\n<li><strong>Homens receberam 27,2% mais que mulheres;<\/strong><\/li>\n<li><strong>Pessoas brancas ganharam, em m\u00e9dia, 65,9% mais que pessoas pretas ou pardas por rendimento hora;<\/strong><\/li>\n<li><strong>No n\u00edvel superior completo, a diferen\u00e7a entre brancos e pretos ou pardos chegava a 44,6%.<\/strong><\/li>\n<\/ul>\n<p>&nbsp;<\/p>\n<\/div>\n<\/div>\n<div id=\"chunk-7697u\">\n<div class=\"mc-column content-text active-extra-styles \" data-block-type=\"unstyled\" data-block-weight=\"35\" data-block-id=\"17\">\n<p class=\" content-text__container \" data-track-category=\"Link no Texto\" data-track-links=\"\">A nova edi\u00e7\u00e3o da S\u00edntese de Indicadores Sociais (SIS), mostra que, mesmo com o recorde de ocupa\u00e7\u00e3o em 2024 (101,3 milh\u00f5es de pessoas), <a class=\"\" href=\"https:\/\/g1.globo.com\/economia\/noticia\/2025\/12\/03\/mulheres-tem-mais-barreiras-e-ganham-menos-ibge.ghtml\">mulheres e homens continuam vivendo realidades muito distintas no mercado de trabalho<\/a>.<\/p>\n<\/div>\n<\/div>\n<div id=\"chunk-bpirm\">\n<div class=\"mc-column content-text active-extra-styles \" data-block-type=\"unstyled\" data-block-weight=\"38\" data-block-id=\"18\">\n<p class=\" content-text__container \" data-track-category=\"Link no Texto\" data-track-links=\"\">O estudo mostra que a diferen\u00e7a entre o percentual de mulheres e homens ocupados permanece praticamente est\u00e1vel desde 2012. <span class=\"highlight highlighted\">Mesmo com maior escolaridade, <\/span><strong><span class=\"highlight highlighted\">apenas 49,1%<\/span><\/strong><span class=\"highlight highlighted\"> delas estavam empregadas em 2024, enquanto entre os homens o \u00edndice <\/span><strong><span class=\"highlight highlighted\">alcan\u00e7ou 68,8%<\/span><\/strong>.<\/p>\n<\/div>\n<\/div>\n<div id=\"chunk-6dpf5\">\n<div class=\"mc-column content-text active-extra-styles \" data-block-type=\"unstyled\" data-block-weight=\"38\" data-block-id=\"19\">\n<p class=\" content-text__container \" data-track-category=\"Link no Texto\" data-track-links=\"\">Quando conseguem emprego, as mulheres tamb\u00e9m ganham menos. <span class=\"highlight highlighted\">Em 2024, receberam, em m\u00e9dia, <\/span><strong><span class=\"highlight highlighted\">78,6% <\/span><\/strong><span class=\"highlight highlighted\">do rendimento dos homens<\/span>. Em setores como servi\u00e7os e com\u00e9rcio, essa propor\u00e7\u00e3o cai ainda mais: elas chegam a receber apenas <strong>63,8% do sal\u00e1rio masculino<\/strong>.<\/p>\n<div id=\"chunk-5604c\">\n<div class=\"mc-column content-text active-extra-styles \" data-block-type=\"unstyled\" data-block-weight=\"38\" data-block-id=\"21\">\n<p class=\" content-text__container \" data-track-category=\"Link no Texto\" data-track-links=\"\">A pesquisa tamb\u00e9m trouxe uma an\u00e1lise por grupos ocupacionais e revelou um cen\u00e1rio de forte desigualdade no mercado de trabalho brasileiro. No topo da hierarquia est\u00e3o os diretores e gerentes, com<strong> rendimento m\u00e9dio de R$ 8.721 mensais<\/strong>.<\/p>\n<\/div>\n<\/div>\n<div id=\"chunk-4b046\">\n<div class=\"mc-column content-text active-extra-styles \" data-block-type=\"unstyled\" data-block-weight=\"19\" data-block-id=\"22\">\n<p class=\" content-text__container \" data-track-category=\"Link no Texto\" data-track-links=\"\">Esses cargos concentram fun\u00e7\u00f5es estrat\u00e9gicas e de lideran\u00e7a, geralmente associadas a empresas de grande porte e ao setor p\u00fablico.<\/p>\n<\/div>\n<\/div>\n<div id=\"chunk-aqqal\">\n<div class=\"mc-column content-text active-extra-styles \" data-block-type=\"unstyled\" data-block-weight=\"46\" data-block-id=\"23\">\n<p class=\" content-text__container \" data-track-category=\"Link no Texto\" data-track-links=\"\">Em seguida aparecem os membros das for\u00e7as armadas, policiais e bombeiros militares, com m\u00e9dia de R$ 6.749, e os profissionais das ci\u00eancias e intelectuais, que recebem cerca de R$ 6.558. S\u00e3o fun\u00e7\u00f5es que exigem alta qualifica\u00e7\u00e3o ou oferecem estabilidade, fatores que contribuem para os sal\u00e1rios elevados.<\/p>\n<\/div>\n<\/div>\n<div id=\"chunk-bcg9t\">\n<div class=\"mc-column content-text active-extra-styles \" data-block-type=\"unstyled\" data-block-weight=\"31\" data-block-id=\"24\">\n<p class=\" content-text__container \" data-track-category=\"Link no Texto\" data-track-links=\"\">Os t\u00e9cnicos e profissionais de n\u00edvel m\u00e9dio registram rendimento de R$ 4.148, aproximadamente 29% acima da m\u00e9dia nacional. Esse grupo inclui ocupa\u00e7\u00f5es intermedi\u00e1rias, essenciais em \u00e1reas como sa\u00fade, educa\u00e7\u00e3o e tecnologia.<\/p>\n<\/div>\n<\/div>\n<div id=\"chunk-8ue4f\">\n<div class=\"mc-column content-text active-extra-styles \" data-block-type=\"unstyled\" data-block-weight=\"29\" data-block-id=\"25\">\n<p class=\" content-text__container \" data-track-category=\"Link no Texto\" data-track-links=\"\">Na base da pir\u00e2mide est\u00e3o as ocupa\u00e7\u00f5es com menor exig\u00eancia de qualifica\u00e7\u00e3o. As chamadas ocupa\u00e7\u00f5es elementares apresentam rendimento m\u00e9dio de R$ 1.454, menos da metade da m\u00e9dia nacional.<\/p>\n<\/div>\n<\/div>\n<div id=\"chunk-7v0kp\">\n<div class=\"mc-column content-text active-extra-styles \" data-block-type=\"unstyled\" data-block-weight=\"34\" data-block-id=\"26\">\n<p class=\" content-text__container \" data-track-category=\"Link no Texto\" data-track-links=\"\">Entre esses extremos, encontram-se grupos como trabalhadores dos servi\u00e7os e vendedores do com\u00e9rcio (R$ 2.393), operadores de instala\u00e7\u00f5es e m\u00e1quinas (R$ 2.657) e trabalhadores qualificados da agropecu\u00e1ria (R$ 2.250), todos abaixo da m\u00e9dia nacional.<\/p>\n<\/div>\n<\/div>\n<div id=\"chunk-5iqhd\">\n<div class=\"mc-column content-text active-extra-styles \" data-block-type=\"unstyled\" data-block-weight=\"2\" data-block-id=\"27\">\n<p>&nbsp;<\/p>\n<\/div>\n<\/div>\n<\/div>\n<\/div>\n<\/div>\n<\/div>\n<\/div>\n<\/div>\n<\/div>\n<\/div>\n","protected":false},"excerpt":{"rendered":"<p>Apesar de pa\u00eds alcan\u00e7ar maior rendimento m\u00e9dio da hist\u00f3ria, diferen\u00e7as entre estados permanecem fortes: um trabalhador do Distrito Federal ganha, em m\u00e9dia, mais do que o dobro de um do Maranh\u00e3o.<\/p>\n","protected":false},"author":1,"featured_media":0,"comment_status":"closed","ping_status":"open","sticky":false,"template":"","format":"standard","meta":{"_exactmetrics_skip_tracking":false,"_exactmetrics_sitenote_active":false,"_exactmetrics_sitenote_note":"","_exactmetrics_sitenote_category":0,"jetpack_post_was_ever_published":false,"_jetpack_newsletter_access":"","_jetpack_dont_email_post_to_subs":false,"_jetpack_newsletter_tier_id":0,"_jetpack_memberships_contains_paywalled_content":false,"_jetpack_memberships_contains_paid_content":false,"footnotes":"","jetpack_publicize_message":"","jetpack_publicize_feature_enabled":true,"jetpack_social_post_already_shared":true,"jetpack_social_options":{"image_generator_settings":{"template":"highway","enabled":false},"version":2}},"categories":[1],"tags":[],"class_list":["post-37984","post","type-post","status-publish","format-standard","hentry","category-notas"],"jetpack_publicize_connections":[],"jetpack_sharing_enabled":true,"jetpack_featured_media_url":"","jetpack_shortlink":"https:\/\/wp.me\/p7wKYW-9SE","jetpack-related-posts":[],"_links":{"self":[{"href":"http:\/\/blogdalucianaoliveira.com.br\/blog\/wp-json\/wp\/v2\/posts\/37984","targetHints":{"allow":["GET"]}}],"collection":[{"href":"http:\/\/blogdalucianaoliveira.com.br\/blog\/wp-json\/wp\/v2\/posts"}],"about":[{"href":"http:\/\/blogdalucianaoliveira.com.br\/blog\/wp-json\/wp\/v2\/types\/post"}],"author":[{"embeddable":true,"href":"http:\/\/blogdalucianaoliveira.com.br\/blog\/wp-json\/wp\/v2\/users\/1"}],"replies":[{"embeddable":true,"href":"http:\/\/blogdalucianaoliveira.com.br\/blog\/wp-json\/wp\/v2\/comments?post=37984"}],"version-history":[{"count":1,"href":"http:\/\/blogdalucianaoliveira.com.br\/blog\/wp-json\/wp\/v2\/posts\/37984\/revisions"}],"predecessor-version":[{"id":37988,"href":"http:\/\/blogdalucianaoliveira.com.br\/blog\/wp-json\/wp\/v2\/posts\/37984\/revisions\/37988"}],"wp:attachment":[{"href":"http:\/\/blogdalucianaoliveira.com.br\/blog\/wp-json\/wp\/v2\/media?parent=37984"}],"wp:term":[{"taxonomy":"category","embeddable":true,"href":"http:\/\/blogdalucianaoliveira.com.br\/blog\/wp-json\/wp\/v2\/categories?post=37984"},{"taxonomy":"post_tag","embeddable":true,"href":"http:\/\/blogdalucianaoliveira.com.br\/blog\/wp-json\/wp\/v2\/tags?post=37984"}],"curies":[{"name":"wp","href":"https:\/\/api.w.org\/{rel}","templated":true}]}}