{"id":37989,"date":"2025-12-03T17:24:57","date_gmt":"2025-12-03T21:24:57","guid":{"rendered":"https:\/\/blogdalucianaoliveira.com.br\/blog\/?p=37989"},"modified":"2025-12-03T17:24:57","modified_gmt":"2025-12-03T21:24:57","slug":"claudia-de-jesus-busca-garantir-psicologos-e-assistentes-sociais-nas-escolas-estaduais","status":"publish","type":"post","link":"http:\/\/blogdalucianaoliveira.com.br\/blog\/2025\/12\/03\/claudia-de-jesus-busca-garantir-psicologos-e-assistentes-sociais-nas-escolas-estaduais\/","title":{"rendered":"Cl\u00e1udia de Jesus busca garantir psic\u00f3logos e assistentes sociais nas escolas estaduais"},"content":{"rendered":"<p><img data-recalc-dims=\"1\" loading=\"lazy\" decoding=\"async\" data-attachment-id=\"37991\" data-permalink=\"http:\/\/blogdalucianaoliveira.com.br\/blog\/2025\/12\/03\/claudia-de-jesus-busca-garantir-psicologos-e-assistentes-sociais-nas-escolas-estaduais\/img_1752\/\" data-orig-file=\"https:\/\/i0.wp.com\/blogdalucianaoliveira.com.br\/blog\/wp-content\/uploads\/2025\/12\/IMG_1752.jpeg?fit=1032%2C669\" data-orig-size=\"1032,669\" data-comments-opened=\"0\" data-image-meta=\"{&quot;aperture&quot;:&quot;0&quot;,&quot;credit&quot;:&quot;&quot;,&quot;camera&quot;:&quot;&quot;,&quot;caption&quot;:&quot;&quot;,&quot;created_timestamp&quot;:&quot;0&quot;,&quot;copyright&quot;:&quot;&quot;,&quot;focal_length&quot;:&quot;0&quot;,&quot;iso&quot;:&quot;0&quot;,&quot;shutter_speed&quot;:&quot;0&quot;,&quot;title&quot;:&quot;&quot;,&quot;orientation&quot;:&quot;1&quot;}\" data-image-title=\"IMG_1752\" data-image-description=\"\" data-image-caption=\"\" data-medium-file=\"https:\/\/i0.wp.com\/blogdalucianaoliveira.com.br\/blog\/wp-content\/uploads\/2025\/12\/IMG_1752.jpeg?fit=300%2C194\" data-large-file=\"https:\/\/i0.wp.com\/blogdalucianaoliveira.com.br\/blog\/wp-content\/uploads\/2025\/12\/IMG_1752.jpeg?fit=600%2C389\" class=\"alignnone size-medium wp-image-37991\" src=\"https:\/\/i0.wp.com\/blogdalucianaoliveira.com.br\/blog\/wp-content\/uploads\/2025\/12\/IMG_1752.jpeg?resize=300%2C194\" alt=\"\" width=\"300\" height=\"194\" srcset=\"https:\/\/i0.wp.com\/blogdalucianaoliveira.com.br\/blog\/wp-content\/uploads\/2025\/12\/IMG_1752.jpeg?resize=300%2C194 300w, https:\/\/i0.wp.com\/blogdalucianaoliveira.com.br\/blog\/wp-content\/uploads\/2025\/12\/IMG_1752.jpeg?resize=1024%2C664 1024w, https:\/\/i0.wp.com\/blogdalucianaoliveira.com.br\/blog\/wp-content\/uploads\/2025\/12\/IMG_1752.jpeg?resize=768%2C498 768w, https:\/\/i0.wp.com\/blogdalucianaoliveira.com.br\/blog\/wp-content\/uploads\/2025\/12\/IMG_1752.jpeg?resize=463%2C300 463w, https:\/\/i0.wp.com\/blogdalucianaoliveira.com.br\/blog\/wp-content\/uploads\/2025\/12\/IMG_1752.jpeg?w=1032 1032w\" sizes=\"auto, (max-width: 300px) 100vw, 300px\" \/><\/p>\n<p class=\"yiv3733564043MsoNormal\"><strong><i><br \/>\nRequerimento solicita ao Estado a implementar equipes multiprofissionais.<\/i><\/strong><!--more--><\/p>\n<p class=\"yiv3733564043MsoNormal\">A necessidade de garantir equipes multiprofissionais nas escolas estaduais motivou a deputada estadual Cl\u00e1udia de Jesus (PT) a solicitar, por meio de requerimento, esclarecimentos e a\u00e7\u00f5es do Governo de Rond\u00f4nia sobre o cumprimento da Lei Federal n\u00ba 13.935 de 2019, que determina a atua\u00e7\u00e3o de psic\u00f3logos e assistentes sociais na educa\u00e7\u00e3o b\u00e1sica p\u00fablica.<\/p>\n<p class=\"yiv3733564043MsoNormal\">\u00a0No documento encaminhado \u00e0 Secretaria de Estado da Educa\u00e7\u00e3o (Seduc), a parlamentar pede informa\u00e7\u00f5es detalhadas sobre a exist\u00eancia de um plano de implementa\u00e7\u00e3o da lei. Entre os questionamentos apresentados est\u00e3o a previs\u00e3o or\u00e7ament\u00e1ria, as etapas de execu\u00e7\u00e3o e o quantitativo de profissionais previsto para atender as escolas p\u00fablicas de Rond\u00f4nia. Caso o Estado ainda n\u00e3o tenha iniciado o processo, a deputada solicita justificativas e a indica\u00e7\u00e3o das medidas administrativas necess\u00e1rias para garantir o cumprimento da legisla\u00e7\u00e3o.<\/p>\n<p class=\"yiv3733564043MsoNormal\">Cl\u00e1udia de Jesus refor\u00e7ou a urg\u00eancia do tema e destacou que a presen\u00e7a de equipes multiprofissionais \u00e9 indispens\u00e1vel para o bem-estar dos estudantes. \u201cA presen\u00e7a de psic\u00f3logos e assistentes sociais nas escolas n\u00e3o \u00e9 apenas uma pol\u00edtica p\u00fablica prevista em lei, \u00e9 uma demanda real da comunidade escolar. Precisamos garantir apoio emocional, social e educacional para nossas crian\u00e7as e adolescentes, principalmente diante dos desafios que impactam a aprendizagem e a conviv\u00eancia escolar\u201d, afirmou.<\/p>\n<p class=\"yiv3733564043MsoNormal\">\n<p><a href=\"https:\/\/sapl.al.ro.leg.br\/media\/sapl\/public\/materialegislativa\/2025\/52009\/req_3291-25.pdf\" target=\"_blank\" rel=\"nofollow noopener noreferrer\">LEIA AQUI O REQUERIMENTO PARLAMENTAR.<\/a><\/p>\n","protected":false},"excerpt":{"rendered":"<p>Requerimento solicita ao Estado a implementar equipes multiprofissionais.<\/p>\n","protected":false},"author":1,"featured_media":0,"comment_status":"closed","ping_status":"open","sticky":false,"template":"","format":"standard","meta":{"_exactmetrics_skip_tracking":false,"_exactmetrics_sitenote_active":false,"_exactmetrics_sitenote_note":"","_exactmetrics_sitenote_category":0,"jetpack_post_was_ever_published":false,"_jetpack_newsletter_access":"","_jetpack_dont_email_post_to_subs":false,"_jetpack_newsletter_tier_id":0,"_jetpack_memberships_contains_paywalled_content":false,"_jetpack_memberships_contains_paid_content":false,"footnotes":"","jetpack_publicize_message":"","jetpack_publicize_feature_enabled":true,"jetpack_social_post_already_shared":true,"jetpack_social_options":{"image_generator_settings":{"template":"highway","enabled":false},"version":2}},"categories":[1],"tags":[1429,1511],"class_list":["post-37989","post","type-post","status-publish","format-standard","hentry","category-notas","tag-deputada-claudia-de-jesus","tag-psicologos"],"jetpack_publicize_connections":[],"jetpack_sharing_enabled":true,"jetpack_featured_media_url":"","jetpack_shortlink":"https:\/\/wp.me\/p7wKYW-9SJ","jetpack-related-posts":[],"_links":{"self":[{"href":"http:\/\/blogdalucianaoliveira.com.br\/blog\/wp-json\/wp\/v2\/posts\/37989","targetHints":{"allow":["GET"]}}],"collection":[{"href":"http:\/\/blogdalucianaoliveira.com.br\/blog\/wp-json\/wp\/v2\/posts"}],"about":[{"href":"http:\/\/blogdalucianaoliveira.com.br\/blog\/wp-json\/wp\/v2\/types\/post"}],"author":[{"embeddable":true,"href":"http:\/\/blogdalucianaoliveira.com.br\/blog\/wp-json\/wp\/v2\/users\/1"}],"replies":[{"embeddable":true,"href":"http:\/\/blogdalucianaoliveira.com.br\/blog\/wp-json\/wp\/v2\/comments?post=37989"}],"version-history":[{"count":1,"href":"http:\/\/blogdalucianaoliveira.com.br\/blog\/wp-json\/wp\/v2\/posts\/37989\/revisions"}],"predecessor-version":[{"id":37992,"href":"http:\/\/blogdalucianaoliveira.com.br\/blog\/wp-json\/wp\/v2\/posts\/37989\/revisions\/37992"}],"wp:attachment":[{"href":"http:\/\/blogdalucianaoliveira.com.br\/blog\/wp-json\/wp\/v2\/media?parent=37989"}],"wp:term":[{"taxonomy":"category","embeddable":true,"href":"http:\/\/blogdalucianaoliveira.com.br\/blog\/wp-json\/wp\/v2\/categories?post=37989"},{"taxonomy":"post_tag","embeddable":true,"href":"http:\/\/blogdalucianaoliveira.com.br\/blog\/wp-json\/wp\/v2\/tags?post=37989"}],"curies":[{"name":"wp","href":"https:\/\/api.w.org\/{rel}","templated":true}]}}