{"id":37993,"date":"2025-12-04T17:06:05","date_gmt":"2025-12-04T21:06:05","guid":{"rendered":"https:\/\/blogdalucianaoliveira.com.br\/blog\/?p=37993"},"modified":"2025-12-08T11:50:33","modified_gmt":"2025-12-08T15:50:33","slug":"claudia-de-jesus-entrega-votos-de-louvor-a-arquidiocese-e-organismos-da-igreja-catolica","status":"publish","type":"post","link":"http:\/\/blogdalucianaoliveira.com.br\/blog\/2025\/12\/04\/claudia-de-jesus-entrega-votos-de-louvor-a-arquidiocese-e-organismos-da-igreja-catolica\/","title":{"rendered":"Cl\u00e1udia de Jesus entrega Votos de Louvor \u00e0 arquidiocese e organismos da igreja cat\u00f3lica"},"content":{"rendered":"<p><img data-recalc-dims=\"1\" loading=\"lazy\" decoding=\"async\" data-attachment-id=\"37995\" data-permalink=\"http:\/\/blogdalucianaoliveira.com.br\/blog\/2025\/12\/04\/claudia-de-jesus-entrega-votos-de-louvor-a-arquidiocese-e-organismos-da-igreja-catolica\/thy_0162-2-2\/\" data-orig-file=\"https:\/\/i0.wp.com\/blogdalucianaoliveira.com.br\/blog\/wp-content\/uploads\/2025\/12\/THY_0162-2-1.jpeg?fit=1050%2C700\" data-orig-size=\"1050,700\" data-comments-opened=\"0\" data-image-meta=\"{&quot;aperture&quot;:&quot;3.5&quot;,&quot;credit&quot;:&quot;THYLO&quot;,&quot;camera&quot;:&quot;Canon EOS 5D Mark III&quot;,&quot;caption&quot;:&quot;&quot;,&quot;created_timestamp&quot;:&quot;1764792073&quot;,&quot;copyright&quot;:&quot;TROL&quot;,&quot;focal_length&quot;:&quot;95&quot;,&quot;iso&quot;:&quot;5000&quot;,&quot;shutter_speed&quot;:&quot;0.008&quot;,&quot;title&quot;:&quot;&quot;,&quot;orientation&quot;:&quot;0&quot;}\" data-image-title=\"THY_0162-2\" data-image-description=\"\" data-image-caption=\"\" data-medium-file=\"https:\/\/i0.wp.com\/blogdalucianaoliveira.com.br\/blog\/wp-content\/uploads\/2025\/12\/THY_0162-2-1.jpeg?fit=300%2C200\" data-large-file=\"https:\/\/i0.wp.com\/blogdalucianaoliveira.com.br\/blog\/wp-content\/uploads\/2025\/12\/THY_0162-2-1.jpeg?fit=600%2C400\" class=\"alignnone size-medium wp-image-37995\" src=\"https:\/\/i0.wp.com\/blogdalucianaoliveira.com.br\/blog\/wp-content\/uploads\/2025\/12\/THY_0162-2-1.jpeg?resize=300%2C200\" alt=\"\" width=\"300\" height=\"200\" srcset=\"https:\/\/i0.wp.com\/blogdalucianaoliveira.com.br\/blog\/wp-content\/uploads\/2025\/12\/THY_0162-2-1.jpeg?resize=300%2C200 300w, https:\/\/i0.wp.com\/blogdalucianaoliveira.com.br\/blog\/wp-content\/uploads\/2025\/12\/THY_0162-2-1.jpeg?resize=1024%2C683 1024w, https:\/\/i0.wp.com\/blogdalucianaoliveira.com.br\/blog\/wp-content\/uploads\/2025\/12\/THY_0162-2-1.jpeg?resize=768%2C512 768w, https:\/\/i0.wp.com\/blogdalucianaoliveira.com.br\/blog\/wp-content\/uploads\/2025\/12\/THY_0162-2-1.jpeg?resize=450%2C300 450w, https:\/\/i0.wp.com\/blogdalucianaoliveira.com.br\/blog\/wp-content\/uploads\/2025\/12\/THY_0162-2-1.jpeg?w=1050 1050w\" sizes=\"auto, (max-width: 300px) 100vw, 300px\" \/><\/p>\n<p class=\"p1\">A sess\u00e3o solene para entrega de Votos de Louvor \u00e0 Arquidiocese, sela as comemora\u00e7\u00f5es do Centen\u00e1rio da Igreja Particular de Porto Velho. A homenagem reconhece o valoroso trabalho de um conjunto de 23 organismos ligados \u00e0 igreja cat\u00f3lica.<!--more--><\/p>\n<p><img data-recalc-dims=\"1\" loading=\"lazy\" decoding=\"async\" data-attachment-id=\"38001\" data-permalink=\"http:\/\/blogdalucianaoliveira.com.br\/blog\/2025\/12\/04\/claudia-de-jesus-entrega-votos-de-louvor-a-arquidiocese-e-organismos-da-igreja-catolica\/thy_0020-2-2\/\" data-orig-file=\"https:\/\/i0.wp.com\/blogdalucianaoliveira.com.br\/blog\/wp-content\/uploads\/2025\/12\/THY_0020-2-1.jpeg?fit=1050%2C700\" data-orig-size=\"1050,700\" data-comments-opened=\"0\" data-image-meta=\"{&quot;aperture&quot;:&quot;3.2&quot;,&quot;credit&quot;:&quot;THYLO&quot;,&quot;camera&quot;:&quot;Canon EOS 5D Mark III&quot;,&quot;caption&quot;:&quot;&quot;,&quot;created_timestamp&quot;:&quot;1764788349&quot;,&quot;copyright&quot;:&quot;TROL&quot;,&quot;focal_length&quot;:&quot;195&quot;,&quot;iso&quot;:&quot;5000&quot;,&quot;shutter_speed&quot;:&quot;0.008&quot;,&quot;title&quot;:&quot;&quot;,&quot;orientation&quot;:&quot;0&quot;}\" data-image-title=\"THY_0020-2\" data-image-description=\"\" data-image-caption=\"\" data-medium-file=\"https:\/\/i0.wp.com\/blogdalucianaoliveira.com.br\/blog\/wp-content\/uploads\/2025\/12\/THY_0020-2-1.jpeg?fit=300%2C200\" data-large-file=\"https:\/\/i0.wp.com\/blogdalucianaoliveira.com.br\/blog\/wp-content\/uploads\/2025\/12\/THY_0020-2-1.jpeg?fit=600%2C400\" class=\"alignnone size-medium wp-image-38001\" src=\"https:\/\/i0.wp.com\/blogdalucianaoliveira.com.br\/blog\/wp-content\/uploads\/2025\/12\/THY_0020-2-1.jpeg?resize=300%2C200\" alt=\"\" width=\"300\" height=\"200\" srcset=\"https:\/\/i0.wp.com\/blogdalucianaoliveira.com.br\/blog\/wp-content\/uploads\/2025\/12\/THY_0020-2-1.jpeg?resize=300%2C200 300w, https:\/\/i0.wp.com\/blogdalucianaoliveira.com.br\/blog\/wp-content\/uploads\/2025\/12\/THY_0020-2-1.jpeg?resize=1024%2C683 1024w, https:\/\/i0.wp.com\/blogdalucianaoliveira.com.br\/blog\/wp-content\/uploads\/2025\/12\/THY_0020-2-1.jpeg?resize=768%2C512 768w, https:\/\/i0.wp.com\/blogdalucianaoliveira.com.br\/blog\/wp-content\/uploads\/2025\/12\/THY_0020-2-1.jpeg?resize=450%2C300 450w, https:\/\/i0.wp.com\/blogdalucianaoliveira.com.br\/blog\/wp-content\/uploads\/2025\/12\/THY_0020-2-1.jpeg?w=1050 1050w\" sizes=\"auto, (max-width: 300px) 100vw, 300px\" \/> <img data-recalc-dims=\"1\" loading=\"lazy\" decoding=\"async\" data-attachment-id=\"38002\" data-permalink=\"http:\/\/blogdalucianaoliveira.com.br\/blog\/2025\/12\/04\/claudia-de-jesus-entrega-votos-de-louvor-a-arquidiocese-e-organismos-da-igreja-catolica\/thy_0038-2\/\" data-orig-file=\"https:\/\/i0.wp.com\/blogdalucianaoliveira.com.br\/blog\/wp-content\/uploads\/2025\/12\/THY_0038-2.jpeg?fit=1050%2C700\" data-orig-size=\"1050,700\" data-comments-opened=\"0\" data-image-meta=\"{&quot;aperture&quot;:&quot;3.5&quot;,&quot;credit&quot;:&quot;THYLO&quot;,&quot;camera&quot;:&quot;Canon EOS 5D Mark III&quot;,&quot;caption&quot;:&quot;&quot;,&quot;created_timestamp&quot;:&quot;1764788592&quot;,&quot;copyright&quot;:&quot;TROL&quot;,&quot;focal_length&quot;:&quot;110&quot;,&quot;iso&quot;:&quot;5000&quot;,&quot;shutter_speed&quot;:&quot;0.008&quot;,&quot;title&quot;:&quot;&quot;,&quot;orientation&quot;:&quot;0&quot;}\" data-image-title=\"THY_0038-2\" data-image-description=\"\" data-image-caption=\"\" data-medium-file=\"https:\/\/i0.wp.com\/blogdalucianaoliveira.com.br\/blog\/wp-content\/uploads\/2025\/12\/THY_0038-2.jpeg?fit=300%2C200\" data-large-file=\"https:\/\/i0.wp.com\/blogdalucianaoliveira.com.br\/blog\/wp-content\/uploads\/2025\/12\/THY_0038-2.jpeg?fit=600%2C400\" class=\"alignnone size-medium wp-image-38002\" src=\"https:\/\/i0.wp.com\/blogdalucianaoliveira.com.br\/blog\/wp-content\/uploads\/2025\/12\/THY_0038-2.jpeg?resize=300%2C200\" alt=\"\" width=\"300\" height=\"200\" srcset=\"https:\/\/i0.wp.com\/blogdalucianaoliveira.com.br\/blog\/wp-content\/uploads\/2025\/12\/THY_0038-2.jpeg?resize=300%2C200 300w, https:\/\/i0.wp.com\/blogdalucianaoliveira.com.br\/blog\/wp-content\/uploads\/2025\/12\/THY_0038-2.jpeg?resize=1024%2C683 1024w, https:\/\/i0.wp.com\/blogdalucianaoliveira.com.br\/blog\/wp-content\/uploads\/2025\/12\/THY_0038-2.jpeg?resize=768%2C512 768w, https:\/\/i0.wp.com\/blogdalucianaoliveira.com.br\/blog\/wp-content\/uploads\/2025\/12\/THY_0038-2.jpeg?resize=450%2C300 450w, https:\/\/i0.wp.com\/blogdalucianaoliveira.com.br\/blog\/wp-content\/uploads\/2025\/12\/THY_0038-2.jpeg?w=1050 1050w\" sizes=\"auto, (max-width: 300px) 100vw, 300px\" \/><\/p>\n<p class=\"p3\"><span class=\"s2\">Em espec\u00edfico, foi reconhecida a contribui\u00e7\u00e3o \u00e0 miss\u00e3o cat\u00f3lica dos seguintes organismos: <\/span><\/p>\n<p class=\"p3\"><span class=\"s2\">1) Semin\u00e1rio Maior S\u00e3o Jo\u00e3o XXIII (40 anos);<br \/>\n<\/span>2) Semin\u00e1rio Menor Dom H\u00e9lder C\u00e2mara &#8211; Casa Vocacional;<\/p>\n<p class=\"p3\">3) Confer\u00eancia dos Religiosos do Brasil &#8211; CRB Regional Porto Velho;<br \/>\n4) Instituto Maria Auxiliadora;<\/p>\n<p class=\"p3\"><span class=\"s2\">5) Instituto Laura Vicu\u00f1a;<\/span><\/p>\n<p class=\"p3\"><span class=\"s2\">6) Centro Salesiano do Menor de Porto Velho;<\/span><\/p>\n<p class=\"p3\"><span class=\"s2\">7) Pastoral da Juventude (42 anos);<\/span><\/p>\n<p class=\"p3\"><span class=\"s2\">8) Pastorais Sociais da Arquidiocese de Porto Velho;<\/span><\/p>\n<p class=\"p3\"><span class=\"s2\">9) Escola Diaconal Santo Estev\u00e3o e Di\u00e1conos Permanentes;<\/span><\/p>\n<p class=\"p3\"><span class=\"s2\">10) Conselho Presbiteral e Presb\u00edteros da Arquidiocese de Porto Velho;<\/span><\/p>\n<p class=\"p3\"><span class=\"s2\">11) C\u00e1ritas Arquidiocesana de Porto Velho;<\/span><\/p>\n<p class=\"p3\"><span class=\"s2\">12) Projeto Levanta-te e Anda;<\/span><\/p>\n<p class=\"p3\"><span class=\"s2\">13) Projeto: &#8220;Aprender a Ser&#8221;;<\/span><\/p>\n<p class=\"p3\"><span class=\"s2\">14) Casa de Acolhida as Pessoas com c\u00e2ncer (N. Sra. Do Amparo);<\/span><\/p>\n<p class=\"p3\"><span class=\"s2\">15) Casa Fam\u00edlia Rosetta (desde 1992);<\/span><\/p>\n<p class=\"p3\"><span class=\"s2\">16) Associa\u00e7\u00e3o S\u00e3o Tiago Maior (1989) e Museu Internacional do Pres\u00e9pio;<\/span><\/p>\n<p class=\"p3\"><span class=\"s2\">17) Escola e Associa\u00e7\u00e3o S\u00e3o Jose (Filhas da Cruz);<\/span><\/p>\n<p class=\"p3\"><span class=\"s2\">18) Escolas e Hospital Santa Marcelina de Porto Velho (50 anos);<\/span><\/p>\n<p class=\"p3\"><span class=\"s2\">19) Centro de Forma\u00e7\u00e3o e acolhida Madre Assunta Marchetti e Irm\u00e3s Scalabrinianas (19\/02\/1983<\/span>&#8211; 42 anos);<\/p>\n<p class=\"p3\"><span class=\"s2\">20) Conselho dos Leigos de Porto Velho;<\/span><\/p>\n<p class=\"p3\"><span class=\"s2\">21) Comunidades Eclesiais de Base &#8211; CEBs da Arquidiocese de Porto Velho;<\/span><\/p>\n<p class=\"p3\"><span class=\"s2\">22) Fazenda Esperan\u00e7a;<\/span><\/p>\n<p class=\"p3\"><span class=\"s2\">23) Projeto Mulheres de Todas Cores.<\/span><\/p>\n<p class=\"p3\"><span class=\"s2\">Por iniciativa da deputada Cl\u00e1udia de Jesus, tamb\u00e9m foram outorgadas Medalhas do M\u00e9rito Cultural Professor Amizael Gomes da Silva, a Jo\u00e3o Batista Costa (in <\/span>memoriam), ao Arcebispo de Porto Velho, Dom Roque Paloschi e \u00e0 ex-professora e catequista Nazira Dias de Menezes.<\/p>\n<p>&nbsp;<\/p>\n<p class=\"p3\"><span class=\"s2\"><img data-recalc-dims=\"1\" loading=\"lazy\" decoding=\"async\" data-attachment-id=\"37997\" data-permalink=\"http:\/\/blogdalucianaoliveira.com.br\/blog\/2025\/12\/04\/claudia-de-jesus-entrega-votos-de-louvor-a-arquidiocese-e-organismos-da-igreja-catolica\/thy_0058-2\/\" data-orig-file=\"https:\/\/i0.wp.com\/blogdalucianaoliveira.com.br\/blog\/wp-content\/uploads\/2025\/12\/THY_0058-2.jpeg?fit=1050%2C700\" data-orig-size=\"1050,700\" data-comments-opened=\"0\" data-image-meta=\"{&quot;aperture&quot;:&quot;3.5&quot;,&quot;credit&quot;:&quot;THYLO&quot;,&quot;camera&quot;:&quot;Canon EOS 5D Mark III&quot;,&quot;caption&quot;:&quot;&quot;,&quot;created_timestamp&quot;:&quot;1764789260&quot;,&quot;copyright&quot;:&quot;TROL&quot;,&quot;focal_length&quot;:&quot;200&quot;,&quot;iso&quot;:&quot;5000&quot;,&quot;shutter_speed&quot;:&quot;0.008&quot;,&quot;title&quot;:&quot;&quot;,&quot;orientation&quot;:&quot;0&quot;}\" data-image-title=\"THY_0058-2\" data-image-description=\"\" data-image-caption=\"\" data-medium-file=\"https:\/\/i0.wp.com\/blogdalucianaoliveira.com.br\/blog\/wp-content\/uploads\/2025\/12\/THY_0058-2.jpeg?fit=300%2C200\" data-large-file=\"https:\/\/i0.wp.com\/blogdalucianaoliveira.com.br\/blog\/wp-content\/uploads\/2025\/12\/THY_0058-2.jpeg?fit=600%2C400\" class=\"size-medium wp-image-37997 alignleft\" src=\"https:\/\/i0.wp.com\/blogdalucianaoliveira.com.br\/blog\/wp-content\/uploads\/2025\/12\/THY_0058-2.jpeg?resize=300%2C200\" alt=\"\" width=\"300\" height=\"200\" srcset=\"https:\/\/i0.wp.com\/blogdalucianaoliveira.com.br\/blog\/wp-content\/uploads\/2025\/12\/THY_0058-2.jpeg?resize=300%2C200 300w, https:\/\/i0.wp.com\/blogdalucianaoliveira.com.br\/blog\/wp-content\/uploads\/2025\/12\/THY_0058-2.jpeg?resize=1024%2C683 1024w, https:\/\/i0.wp.com\/blogdalucianaoliveira.com.br\/blog\/wp-content\/uploads\/2025\/12\/THY_0058-2.jpeg?resize=768%2C512 768w, https:\/\/i0.wp.com\/blogdalucianaoliveira.com.br\/blog\/wp-content\/uploads\/2025\/12\/THY_0058-2.jpeg?resize=450%2C300 450w, https:\/\/i0.wp.com\/blogdalucianaoliveira.com.br\/blog\/wp-content\/uploads\/2025\/12\/THY_0058-2.jpeg?w=1050 1050w\" sizes=\"auto, (max-width: 300px) 100vw, 300px\" \/>\u201c\u00c9 fundamental formalizarmos esse reconhecimento da miss\u00e3o da igreja cat\u00f3lica ao longo dessas d\u00e9cadas, sempre focada na evangeliza\u00e7\u00e3o, na educa\u00e7\u00e3o, acolhimento na promo\u00e7\u00e3o da justi\u00e7a social\u201d, disse a deputada.<\/span><\/p>\n<p class=\"p3\"><span class=\"s2\">O Arcebispo Dom Roque Paloschi, lembrou em seu discurso que a igreja desde que chegou na Amaz\u00f4nia tem trabalhado para promover a vida.<\/span><\/p>\n<p class=\"p3\"><span class=\"s2\"><img data-recalc-dims=\"1\" loading=\"lazy\" decoding=\"async\" data-attachment-id=\"37998\" data-permalink=\"http:\/\/blogdalucianaoliveira.com.br\/blog\/2025\/12\/04\/claudia-de-jesus-entrega-votos-de-louvor-a-arquidiocese-e-organismos-da-igreja-catolica\/thy_0032-2\/\" data-orig-file=\"https:\/\/i0.wp.com\/blogdalucianaoliveira.com.br\/blog\/wp-content\/uploads\/2025\/12\/THY_0032-2.jpeg?fit=1050%2C700\" data-orig-size=\"1050,700\" data-comments-opened=\"0\" data-image-meta=\"{&quot;aperture&quot;:&quot;3.5&quot;,&quot;credit&quot;:&quot;THYLO&quot;,&quot;camera&quot;:&quot;Canon EOS 5D Mark III&quot;,&quot;caption&quot;:&quot;&quot;,&quot;created_timestamp&quot;:&quot;1764788530&quot;,&quot;copyright&quot;:&quot;TROL&quot;,&quot;focal_length&quot;:&quot;165&quot;,&quot;iso&quot;:&quot;5000&quot;,&quot;shutter_speed&quot;:&quot;0.008&quot;,&quot;title&quot;:&quot;&quot;,&quot;orientation&quot;:&quot;0&quot;}\" data-image-title=\"THY_0032-2\" data-image-description=\"\" data-image-caption=\"\" data-medium-file=\"https:\/\/i0.wp.com\/blogdalucianaoliveira.com.br\/blog\/wp-content\/uploads\/2025\/12\/THY_0032-2.jpeg?fit=300%2C200\" data-large-file=\"https:\/\/i0.wp.com\/blogdalucianaoliveira.com.br\/blog\/wp-content\/uploads\/2025\/12\/THY_0032-2.jpeg?fit=600%2C400\" class=\"size-medium wp-image-37998 aligncenter\" src=\"https:\/\/i0.wp.com\/blogdalucianaoliveira.com.br\/blog\/wp-content\/uploads\/2025\/12\/THY_0032-2.jpeg?resize=300%2C200\" alt=\"\" width=\"300\" height=\"200\" srcset=\"https:\/\/i0.wp.com\/blogdalucianaoliveira.com.br\/blog\/wp-content\/uploads\/2025\/12\/THY_0032-2.jpeg?resize=300%2C200 300w, https:\/\/i0.wp.com\/blogdalucianaoliveira.com.br\/blog\/wp-content\/uploads\/2025\/12\/THY_0032-2.jpeg?resize=1024%2C683 1024w, https:\/\/i0.wp.com\/blogdalucianaoliveira.com.br\/blog\/wp-content\/uploads\/2025\/12\/THY_0032-2.jpeg?resize=768%2C512 768w, https:\/\/i0.wp.com\/blogdalucianaoliveira.com.br\/blog\/wp-content\/uploads\/2025\/12\/THY_0032-2.jpeg?resize=450%2C300 450w, https:\/\/i0.wp.com\/blogdalucianaoliveira.com.br\/blog\/wp-content\/uploads\/2025\/12\/THY_0032-2.jpeg?w=1050 1050w\" sizes=\"auto, (max-width: 300px) 100vw, 300px\" \/><br \/>\nEle agradeceu a homenagem e refor\u00e7ou que \u201ca miss\u00e3o segue sendo criar pontes para que a <span class=\"Apple-converted-space\">\u00a0 <\/span>promo\u00e7\u00e3o humana ajude as pessoas a viverem com dignidade\u201d.<\/span><\/p>\n<p>&nbsp;<\/p>\n","protected":false},"excerpt":{"rendered":"<p>A sess\u00e3o solene para entrega de Votos de Louvor \u00e0 Arquidiocese, sela as comemora\u00e7\u00f5es do Centen\u00e1rio da Igreja Particular de Porto Velho. A homenagem reconhece o valoroso trabalho de um conjunto de 23 organismos ligados \u00e0 igreja cat\u00f3lica.<\/p>\n","protected":false},"author":1,"featured_media":0,"comment_status":"closed","ping_status":"open","sticky":false,"template":"","format":"standard","meta":{"_exactmetrics_skip_tracking":false,"_exactmetrics_sitenote_active":false,"_exactmetrics_sitenote_note":"","_exactmetrics_sitenote_category":0,"jetpack_post_was_ever_published":false,"_jetpack_newsletter_access":"","_jetpack_dont_email_post_to_subs":false,"_jetpack_newsletter_tier_id":0,"_jetpack_memberships_contains_paywalled_content":false,"_jetpack_memberships_contains_paid_content":false,"footnotes":"","jetpack_publicize_message":"","jetpack_publicize_feature_enabled":true,"jetpack_social_post_already_shared":true,"jetpack_social_options":{"image_generator_settings":{"template":"highway","enabled":false},"version":2}},"categories":[1],"tags":[1595,1401,1429],"class_list":["post-37993","post","type-post","status-publish","format-standard","hentry","category-notas","tag-arquidiocese","tag-centenario","tag-deputada-claudia-de-jesus"],"jetpack_publicize_connections":[],"jetpack_sharing_enabled":true,"jetpack_featured_media_url":"","jetpack_shortlink":"https:\/\/wp.me\/p7wKYW-9SN","jetpack-related-posts":[],"_links":{"self":[{"href":"http:\/\/blogdalucianaoliveira.com.br\/blog\/wp-json\/wp\/v2\/posts\/37993","targetHints":{"allow":["GET"]}}],"collection":[{"href":"http:\/\/blogdalucianaoliveira.com.br\/blog\/wp-json\/wp\/v2\/posts"}],"about":[{"href":"http:\/\/blogdalucianaoliveira.com.br\/blog\/wp-json\/wp\/v2\/types\/post"}],"author":[{"embeddable":true,"href":"http:\/\/blogdalucianaoliveira.com.br\/blog\/wp-json\/wp\/v2\/users\/1"}],"replies":[{"embeddable":true,"href":"http:\/\/blogdalucianaoliveira.com.br\/blog\/wp-json\/wp\/v2\/comments?post=37993"}],"version-history":[{"count":4,"href":"http:\/\/blogdalucianaoliveira.com.br\/blog\/wp-json\/wp\/v2\/posts\/37993\/revisions"}],"predecessor-version":[{"id":38004,"href":"http:\/\/blogdalucianaoliveira.com.br\/blog\/wp-json\/wp\/v2\/posts\/37993\/revisions\/38004"}],"wp:attachment":[{"href":"http:\/\/blogdalucianaoliveira.com.br\/blog\/wp-json\/wp\/v2\/media?parent=37993"}],"wp:term":[{"taxonomy":"category","embeddable":true,"href":"http:\/\/blogdalucianaoliveira.com.br\/blog\/wp-json\/wp\/v2\/categories?post=37993"},{"taxonomy":"post_tag","embeddable":true,"href":"http:\/\/blogdalucianaoliveira.com.br\/blog\/wp-json\/wp\/v2\/tags?post=37993"}],"curies":[{"name":"wp","href":"https:\/\/api.w.org\/{rel}","templated":true}]}}