{"id":38005,"date":"2025-12-08T11:53:41","date_gmt":"2025-12-08T15:53:41","guid":{"rendered":"https:\/\/blogdalucianaoliveira.com.br\/blog\/?p=38005"},"modified":"2025-12-08T11:53:41","modified_gmt":"2025-12-08T15:53:41","slug":"o-agente-secreto-e-wagner-moura-sao-indicados-ao-globo-de-ouro","status":"publish","type":"post","link":"http:\/\/blogdalucianaoliveira.com.br\/blog\/2025\/12\/08\/o-agente-secreto-e-wagner-moura-sao-indicados-ao-globo-de-ouro\/","title":{"rendered":"O Agente Secreto e Wagner Moura s\u00e3o indicados ao Globo de Ouro"},"content":{"rendered":"<p><img data-recalc-dims=\"1\" loading=\"lazy\" decoding=\"async\" data-attachment-id=\"38007\" data-permalink=\"http:\/\/blogdalucianaoliveira.com.br\/blog\/2025\/12\/08\/o-agente-secreto-e-wagner-moura-sao-indicados-ao-globo-de-ouro\/img_2226\/\" data-orig-file=\"https:\/\/i0.wp.com\/blogdalucianaoliveira.com.br\/blog\/wp-content\/uploads\/2025\/12\/IMG_2226.webp?fit=1170%2C700\" data-orig-size=\"1170,700\" data-comments-opened=\"0\" data-image-meta=\"{&quot;aperture&quot;:&quot;0&quot;,&quot;credit&quot;:&quot;&quot;,&quot;camera&quot;:&quot;&quot;,&quot;caption&quot;:&quot;&quot;,&quot;created_timestamp&quot;:&quot;0&quot;,&quot;copyright&quot;:&quot;&quot;,&quot;focal_length&quot;:&quot;0&quot;,&quot;iso&quot;:&quot;0&quot;,&quot;shutter_speed&quot;:&quot;0&quot;,&quot;title&quot;:&quot;&quot;,&quot;orientation&quot;:&quot;0&quot;}\" data-image-title=\"IMG_2226\" data-image-description=\"\" data-image-caption=\"\" data-medium-file=\"https:\/\/i0.wp.com\/blogdalucianaoliveira.com.br\/blog\/wp-content\/uploads\/2025\/12\/IMG_2226.webp?fit=300%2C179\" data-large-file=\"https:\/\/i0.wp.com\/blogdalucianaoliveira.com.br\/blog\/wp-content\/uploads\/2025\/12\/IMG_2226.webp?fit=600%2C359\" class=\"alignnone size-medium wp-image-38007\" src=\"https:\/\/i0.wp.com\/blogdalucianaoliveira.com.br\/blog\/wp-content\/uploads\/2025\/12\/IMG_2226.webp?resize=300%2C179\" alt=\"\" width=\"300\" height=\"179\" srcset=\"https:\/\/i0.wp.com\/blogdalucianaoliveira.com.br\/blog\/wp-content\/uploads\/2025\/12\/IMG_2226.webp?resize=300%2C179 300w, https:\/\/i0.wp.com\/blogdalucianaoliveira.com.br\/blog\/wp-content\/uploads\/2025\/12\/IMG_2226.webp?resize=1024%2C613 1024w, https:\/\/i0.wp.com\/blogdalucianaoliveira.com.br\/blog\/wp-content\/uploads\/2025\/12\/IMG_2226.webp?resize=768%2C459 768w, https:\/\/i0.wp.com\/blogdalucianaoliveira.com.br\/blog\/wp-content\/uploads\/2025\/12\/IMG_2226.webp?resize=501%2C300 501w, https:\/\/i0.wp.com\/blogdalucianaoliveira.com.br\/blog\/wp-content\/uploads\/2025\/12\/IMG_2226.webp?w=1170 1170w\" sizes=\"auto, (max-width: 300px) 100vw, 300px\" \/><\/p>\n<p>Pr\u00eamio consagrou Fernanda Torres no in\u00edcio do ano por Ainda Estou Aqui<!--more--><\/p>\n<p><strong>O filme brasileiro <em>O Agente Secreto<\/em> vai concorrer ao Globo de Ouro 2026 nas categorias Melhor Filme de Drama, Melhor Filme de L\u00edngua N\u00e3o-Inglesa, e seu protagonista, o ator Wagner Moura, tamb\u00e9m foi indicado na categoria de Melhor Ator. As indica\u00e7\u00f5es ao pr\u00eamio foram divulgadas nesta segunda-feira (8).<\/strong><img data-recalc-dims=\"1\" decoding=\"async\" src=\"https:\/\/i0.wp.com\/agenciabrasil.ebc.com.br\/ebc.png?w=600&#038;ssl=1\" \/><img data-recalc-dims=\"1\" decoding=\"async\" src=\"https:\/\/i0.wp.com\/agenciabrasil.ebc.com.br\/ebc.gif?w=600&#038;ssl=1\" \/><\/p>\n<p>O filme dirigido por Kleber Mendon\u00e7a Filho foi bastante elogiado pela cr\u00edtica nacional e internacional e foi muito bem recebido nos festivais por onde passou nos \u00faltimos meses. A atua\u00e7\u00e3o de Wagner Moura tamb\u00e9m \u00e9 destaque, com v\u00e1rios especialistas afirmando que tanto o longa quanto o ator devem estar entre os indicados ao Oscar 2026.<\/p>\n<h2>Concorr\u00eancia<\/h2>\n<p><img data-recalc-dims=\"1\" loading=\"lazy\" decoding=\"async\" data-attachment-id=\"38006\" data-permalink=\"http:\/\/blogdalucianaoliveira.com.br\/blog\/2025\/12\/08\/o-agente-secreto-e-wagner-moura-sao-indicados-ao-globo-de-ouro\/img_2227\/\" data-orig-file=\"https:\/\/i0.wp.com\/blogdalucianaoliveira.com.br\/blog\/wp-content\/uploads\/2025\/12\/IMG_2227.webp?fit=754%2C475\" data-orig-size=\"754,475\" data-comments-opened=\"0\" data-image-meta=\"{&quot;aperture&quot;:&quot;0&quot;,&quot;credit&quot;:&quot;&quot;,&quot;camera&quot;:&quot;&quot;,&quot;caption&quot;:&quot;&quot;,&quot;created_timestamp&quot;:&quot;0&quot;,&quot;copyright&quot;:&quot;&quot;,&quot;focal_length&quot;:&quot;0&quot;,&quot;iso&quot;:&quot;0&quot;,&quot;shutter_speed&quot;:&quot;0&quot;,&quot;title&quot;:&quot;&quot;,&quot;orientation&quot;:&quot;0&quot;}\" data-image-title=\"IMG_2227\" data-image-description=\"\" data-image-caption=\"\" data-medium-file=\"https:\/\/i0.wp.com\/blogdalucianaoliveira.com.br\/blog\/wp-content\/uploads\/2025\/12\/IMG_2227.webp?fit=300%2C189\" data-large-file=\"https:\/\/i0.wp.com\/blogdalucianaoliveira.com.br\/blog\/wp-content\/uploads\/2025\/12\/IMG_2227.webp?fit=600%2C378\" class=\"alignnone size-medium wp-image-38006\" src=\"https:\/\/i0.wp.com\/blogdalucianaoliveira.com.br\/blog\/wp-content\/uploads\/2025\/12\/IMG_2227.webp?resize=300%2C189\" alt=\"\" width=\"300\" height=\"189\" srcset=\"https:\/\/i0.wp.com\/blogdalucianaoliveira.com.br\/blog\/wp-content\/uploads\/2025\/12\/IMG_2227.webp?resize=300%2C189 300w, https:\/\/i0.wp.com\/blogdalucianaoliveira.com.br\/blog\/wp-content\/uploads\/2025\/12\/IMG_2227.webp?resize=476%2C300 476w, https:\/\/i0.wp.com\/blogdalucianaoliveira.com.br\/blog\/wp-content\/uploads\/2025\/12\/IMG_2227.webp?w=754 754w\" sizes=\"auto, (max-width: 300px) 100vw, 300px\" \/><\/p>\n<p>Na categoria Melhor Filme de Drama, <em>O Agente Secreto<\/em> enfrentar\u00e1 as produ\u00e7\u00f5es <em>Frankenstein<\/em>, <em>Hamnet: A Vida de Hamlet<\/em>, <em>It Was Just An Accident<\/em>, <em>Valor Sentimental<\/em> e <em>Pecadores<\/em>.<\/p>\n<p>Em Melhor Filme de L\u00edngua N\u00e3o-Inglesa, o longa brasileiro encara <em>It Was Just An Accident<\/em> (Fran\u00e7a), <em>No Other Choice<\/em> (Coreia do Sul), <em>Sentimental Value<\/em> (Noruega), <em>Sir\u00e3t<\/em> (Espanha) e <em>A Voz de Hind Rajab<\/em> (Tun\u00edsia).<\/p>\n<p><strong>J\u00e1 Wagner Moura tem como concorrentes os atores Joe Edgerton (<em>Train Dreams<\/em>), Oscar Isaac (<em>Frankenstein<\/em>), Dwayne Johnson (<em>The Smashing Machine<\/em>), Michael B. Jordan (<em>Sinners<\/em>) e Jeremy Allen White (<em>Springsteen: Salve-me do Desconhecido<\/em>).<\/strong><\/p>\n<p>Em janeiro deste ano, Fernanda Torres ganhou o Globo de Ouro 2025 como Melhor Atriz em Filme de Drama por sua atua\u00e7\u00e3o em <em>Ainda Estou Aqui<\/em>.<\/p>\n","protected":false},"excerpt":{"rendered":"<p>Pr\u00eamio consagrou Fernanda Torres no in\u00edcio do ano por Ainda Estou Aqui<\/p>\n","protected":false},"author":1,"featured_media":0,"comment_status":"closed","ping_status":"open","sticky":false,"template":"","format":"standard","meta":{"_exactmetrics_skip_tracking":false,"_exactmetrics_sitenote_active":false,"_exactmetrics_sitenote_note":"","_exactmetrics_sitenote_category":0,"jetpack_post_was_ever_published":false,"_jetpack_newsletter_access":"","_jetpack_dont_email_post_to_subs":false,"_jetpack_newsletter_tier_id":0,"_jetpack_memberships_contains_paywalled_content":false,"_jetpack_memberships_contains_paid_content":false,"footnotes":"","jetpack_publicize_message":"","jetpack_publicize_feature_enabled":true,"jetpack_social_post_already_shared":true,"jetpack_social_options":{"image_generator_settings":{"template":"highway","enabled":false},"version":2}},"categories":[1],"tags":[1596,253,1256],"class_list":["post-38005","post","type-post","status-publish","format-standard","hentry","category-notas","tag-agente-secreto","tag-filme","tag-oscar"],"jetpack_publicize_connections":[],"jetpack_sharing_enabled":true,"jetpack_featured_media_url":"","jetpack_shortlink":"https:\/\/wp.me\/p7wKYW-9SZ","jetpack-related-posts":[],"_links":{"self":[{"href":"http:\/\/blogdalucianaoliveira.com.br\/blog\/wp-json\/wp\/v2\/posts\/38005","targetHints":{"allow":["GET"]}}],"collection":[{"href":"http:\/\/blogdalucianaoliveira.com.br\/blog\/wp-json\/wp\/v2\/posts"}],"about":[{"href":"http:\/\/blogdalucianaoliveira.com.br\/blog\/wp-json\/wp\/v2\/types\/post"}],"author":[{"embeddable":true,"href":"http:\/\/blogdalucianaoliveira.com.br\/blog\/wp-json\/wp\/v2\/users\/1"}],"replies":[{"embeddable":true,"href":"http:\/\/blogdalucianaoliveira.com.br\/blog\/wp-json\/wp\/v2\/comments?post=38005"}],"version-history":[{"count":1,"href":"http:\/\/blogdalucianaoliveira.com.br\/blog\/wp-json\/wp\/v2\/posts\/38005\/revisions"}],"predecessor-version":[{"id":38008,"href":"http:\/\/blogdalucianaoliveira.com.br\/blog\/wp-json\/wp\/v2\/posts\/38005\/revisions\/38008"}],"wp:attachment":[{"href":"http:\/\/blogdalucianaoliveira.com.br\/blog\/wp-json\/wp\/v2\/media?parent=38005"}],"wp:term":[{"taxonomy":"category","embeddable":true,"href":"http:\/\/blogdalucianaoliveira.com.br\/blog\/wp-json\/wp\/v2\/categories?post=38005"},{"taxonomy":"post_tag","embeddable":true,"href":"http:\/\/blogdalucianaoliveira.com.br\/blog\/wp-json\/wp\/v2\/tags?post=38005"}],"curies":[{"name":"wp","href":"https:\/\/api.w.org\/{rel}","templated":true}]}}