{"id":38009,"date":"2025-12-08T11:57:55","date_gmt":"2025-12-08T15:57:55","guid":{"rendered":"https:\/\/blogdalucianaoliveira.com.br\/blog\/?p=38009"},"modified":"2025-12-08T11:58:33","modified_gmt":"2025-12-08T15:58:33","slug":"um-4o-mandato-do-lula-para-que","status":"publish","type":"post","link":"http:\/\/blogdalucianaoliveira.com.br\/blog\/2025\/12\/08\/um-4o-mandato-do-lula-para-que\/","title":{"rendered":"Um 4\u00ba mandato do Lula, para que?"},"content":{"rendered":"<p><img data-recalc-dims=\"1\" loading=\"lazy\" decoding=\"async\" data-attachment-id=\"38011\" data-permalink=\"http:\/\/blogdalucianaoliveira.com.br\/blog\/2025\/12\/08\/um-4o-mandato-do-lula-para-que\/img_2228\/\" data-orig-file=\"https:\/\/i0.wp.com\/blogdalucianaoliveira.com.br\/blog\/wp-content\/uploads\/2025\/12\/IMG_2228.webp?fit=610%2C380\" data-orig-size=\"610,380\" data-comments-opened=\"0\" data-image-meta=\"{&quot;aperture&quot;:&quot;0&quot;,&quot;credit&quot;:&quot;&quot;,&quot;camera&quot;:&quot;&quot;,&quot;caption&quot;:&quot;&quot;,&quot;created_timestamp&quot;:&quot;0&quot;,&quot;copyright&quot;:&quot;&quot;,&quot;focal_length&quot;:&quot;0&quot;,&quot;iso&quot;:&quot;0&quot;,&quot;shutter_speed&quot;:&quot;0&quot;,&quot;title&quot;:&quot;&quot;,&quot;orientation&quot;:&quot;0&quot;}\" data-image-title=\"IMG_2228\" data-image-description=\"\" data-image-caption=\"\" data-medium-file=\"https:\/\/i0.wp.com\/blogdalucianaoliveira.com.br\/blog\/wp-content\/uploads\/2025\/12\/IMG_2228.webp?fit=300%2C187\" data-large-file=\"https:\/\/i0.wp.com\/blogdalucianaoliveira.com.br\/blog\/wp-content\/uploads\/2025\/12\/IMG_2228.webp?fit=600%2C374\" class=\"alignnone size-medium wp-image-38011\" src=\"https:\/\/i0.wp.com\/blogdalucianaoliveira.com.br\/blog\/wp-content\/uploads\/2025\/12\/IMG_2228.webp?resize=300%2C187\" alt=\"\" width=\"300\" height=\"187\" srcset=\"https:\/\/i0.wp.com\/blogdalucianaoliveira.com.br\/blog\/wp-content\/uploads\/2025\/12\/IMG_2228.webp?resize=300%2C187 300w, https:\/\/i0.wp.com\/blogdalucianaoliveira.com.br\/blog\/wp-content\/uploads\/2025\/12\/IMG_2228.webp?resize=482%2C300 482w, https:\/\/i0.wp.com\/blogdalucianaoliveira.com.br\/blog\/wp-content\/uploads\/2025\/12\/IMG_2228.webp?w=610 610w\" sizes=\"auto, (max-width: 300px) 100vw, 300px\" \/><\/p>\n<h2 class=\"article__lead\">&#8220;2026 tem desafios enormes, mas, ao mesmo tempo, excelentes perspectivas&#8221;<\/h2>\n<p><!--more--><\/p>\n<p><strong>247, por Emir Sader &#8211;<\/strong> Parece mais prov\u00e1vel a reelei\u00e7\u00e3o do Lula do que a elei\u00e7\u00e3o de um Congresso menos ruim que este, o pior da hist\u00f3ria. O apoio ao Lula, mesmo nas pesquisas dirigidas contra ele, aumentou desde o tarifa\u00e7o, enquanto a direita est\u00e1 cada vez mais enrolada para ter um candidato.<\/p>\n<p>D\u00e1 a impress\u00e3o de que est\u00e3o resignados com a reelei\u00e7\u00e3o do Lula. Tarciso, seu queridinho, al\u00e9m dos erros que comete, entre os quais a fidelidade canina ao Bolsonaro, hesita entre ser candidato para perder e ficar como o prov\u00e1vel candidato para 2030, mas ficar sem o governo de S\u00e3o Paulo e sem mandato. Ou buscar a reelei\u00e7\u00e3o, ficar como governador de S\u00e3o Paulo em 2030, mas, ainda assim, ter que lutar contra a prov\u00e1vel candidatura de Alckmin.<\/p>\n<p>A direita parece concentrar-se nas elei\u00e7\u00f5es parlamentares, para manter os obst\u00e1culos e as negocia\u00e7\u00f5es com um eventual quarto mandato do Lula. Sem lideran\u00e7as nacionais, prefere se concentrar no que \u00e9 sua especialidade: elei\u00e7\u00f5es parlamentares.O prov\u00e1vel cen\u00e1rio \u00e9 o de um quarto mandato do Lula, talvez com um Congresso menos pior que o atual \u2013 pior que este seria imposs\u00edvel. Trazendo para mais pr\u00f3ximo setores do pr\u00f3prio centr\u00e3o, que tem sempre dificuldades de ficar fora ou longe do governo. E cujos candidatos ao Congresso precisam do apoio do Lula nos seus estados, onde o prest\u00edgio do presidente \u00e9 alto.<\/p>\n<p>O melhor cen\u00e1rio para o Lula seria esse: uma melhor elei\u00e7\u00e3o parlamentar e condi\u00e7\u00f5es mais favor\u00e1veis de negocia\u00e7\u00e3o com o Congresso. Porque ele ter\u00e1 n\u00e3o apenas que dar continuidade \u00e0s pol\u00edticas atuais do governo, como teria que avan\u00e7ar para quebrar a for\u00e7a do capital especulativo na economia, impondo ao pa\u00eds um novo ciclo longo expansivo da economia.<\/p>\n<div data-cy=\"articleBody\">\n<p>As elei\u00e7\u00f5es estaduais tamb\u00e9m pesar\u00e3o no cen\u00e1rio futuro do pa\u00eds. D\u00e1 a impress\u00e3o de que n\u00e3o se repetir\u00e3o as elei\u00e7\u00f5es anteriores. Em estados importantes como o Rio de Janeiro e o Rio Grande do Sul, pelo menos, as perspectivas de elei\u00e7\u00e3o de candidatos favor\u00e1veis ao governo parecem prov\u00e1veis, o que j\u00e1 romperia com o isolamento atual em rela\u00e7\u00e3o ao governo federal.Lula precisa de novas bandeiras, al\u00e9m das atuais, como a do imposto de renda, que funciona muito bem. Uma seria o fim do analfabetismo no Brasil, transformar o pa\u00eds em um territ\u00f3rio livre do analfabetismo, condi\u00e7\u00e3o para que milh\u00f5es de brasileiros se transformassem realmente em cidad\u00e3os. Sem o acesso m\u00ednimo \u00e0 leitura e \u00e0 escrita, isto \u00e9 imposs\u00edvel. Uma grande mobiliza\u00e7\u00e3o de estudantes para campanhas nacionais de alfabetiza\u00e7\u00e3o, valendo-se da adapta\u00e7\u00e3o dos m\u00e9todos de Paulo Freire, seria uma bandeira nova e importante.<\/p>\n<p>Um novo ciclo de crescimento econ\u00f4mico, por sua vez, exige um novo PAC, um novo projeto de expans\u00e3o da economia, com grandes obras em \u00e1reas ainda carentes do pa\u00eds.Em suma, o grande tema de debate para a esquerda deveria ser o quarto mandato do Lula e o futuro do Brasil. A supera\u00e7\u00e3o definitiva do neoliberalismo e a passagem para um p\u00f3s-neoliberalismo, um novo ciclo de expans\u00e3o persistente da economia. O que sup\u00f5e, por sua vez, uma mudan\u00e7a na pol\u00edtica de juros altos do Banco Central, um entrave para um novo ciclo expansivo da economia.<\/p>\n<p>Uma campanha presidencial que, al\u00e9m disso, teria que servir para as mobiliza\u00e7\u00f5es populares, de que carece hoje a esquerda brasileira. Provavelmente com a mobiliza\u00e7\u00e3o dos setores mais jovens da popula\u00e7\u00e3o, chegando a eles, como propostas e com linguagem mais adequada.<\/p>\n<p>Em suma, 2026 tem desafios enormes, mas, ao mesmo tempo, excelentes perspectivas, com um prov\u00e1vel quarto mandato do Lula. Temos que fazer, desde j\u00e1, um processo de campanha presidencial e parlamentar, \u00e0 altura dos grandes desafios que temos pela frente.<\/p>\n<\/div>\n<p><em><b data-nosnippet=\"\">* Este \u00e9 um artigo de opini\u00e3o, de responsabilidade do autor, e n\u00e3o reflete a opini\u00e3o do Brasil 247.<\/b><\/em><\/p>\n","protected":false},"excerpt":{"rendered":"<p>&#8220;2026 tem desafios enormes, mas, ao mesmo tempo, excelentes perspectivas&#8221;<\/p>\n","protected":false},"author":1,"featured_media":0,"comment_status":"closed","ping_status":"open","sticky":false,"template":"","format":"standard","meta":{"_exactmetrics_skip_tracking":false,"_exactmetrics_sitenote_active":false,"_exactmetrics_sitenote_note":"","_exactmetrics_sitenote_category":0,"jetpack_post_was_ever_published":false,"_jetpack_newsletter_access":"","_jetpack_dont_email_post_to_subs":false,"_jetpack_newsletter_tier_id":0,"_jetpack_memberships_contains_paywalled_content":false,"_jetpack_memberships_contains_paid_content":false,"footnotes":"","jetpack_publicize_message":"","jetpack_publicize_feature_enabled":true,"jetpack_social_post_already_shared":true,"jetpack_social_options":{"image_generator_settings":{"template":"highway","enabled":false},"version":2}},"categories":[1],"tags":[1147,78,1520],"class_list":["post-38009","post","type-post","status-publish","format-standard","hentry","category-notas","tag-direita","tag-lula","tag-reeleicao"],"jetpack_publicize_connections":[],"jetpack_sharing_enabled":true,"jetpack_featured_media_url":"","jetpack_shortlink":"https:\/\/wp.me\/p7wKYW-9T3","jetpack-related-posts":[],"_links":{"self":[{"href":"http:\/\/blogdalucianaoliveira.com.br\/blog\/wp-json\/wp\/v2\/posts\/38009","targetHints":{"allow":["GET"]}}],"collection":[{"href":"http:\/\/blogdalucianaoliveira.com.br\/blog\/wp-json\/wp\/v2\/posts"}],"about":[{"href":"http:\/\/blogdalucianaoliveira.com.br\/blog\/wp-json\/wp\/v2\/types\/post"}],"author":[{"embeddable":true,"href":"http:\/\/blogdalucianaoliveira.com.br\/blog\/wp-json\/wp\/v2\/users\/1"}],"replies":[{"embeddable":true,"href":"http:\/\/blogdalucianaoliveira.com.br\/blog\/wp-json\/wp\/v2\/comments?post=38009"}],"version-history":[{"count":2,"href":"http:\/\/blogdalucianaoliveira.com.br\/blog\/wp-json\/wp\/v2\/posts\/38009\/revisions"}],"predecessor-version":[{"id":38012,"href":"http:\/\/blogdalucianaoliveira.com.br\/blog\/wp-json\/wp\/v2\/posts\/38009\/revisions\/38012"}],"wp:attachment":[{"href":"http:\/\/blogdalucianaoliveira.com.br\/blog\/wp-json\/wp\/v2\/media?parent=38009"}],"wp:term":[{"taxonomy":"category","embeddable":true,"href":"http:\/\/blogdalucianaoliveira.com.br\/blog\/wp-json\/wp\/v2\/categories?post=38009"},{"taxonomy":"post_tag","embeddable":true,"href":"http:\/\/blogdalucianaoliveira.com.br\/blog\/wp-json\/wp\/v2\/tags?post=38009"}],"curies":[{"name":"wp","href":"https:\/\/api.w.org\/{rel}","templated":true}]}}