{"id":38013,"date":"2025-12-08T12:09:38","date_gmt":"2025-12-08T16:09:38","guid":{"rendered":"https:\/\/blogdalucianaoliveira.com.br\/blog\/?p=38013"},"modified":"2025-12-08T12:09:38","modified_gmt":"2025-12-08T16:09:38","slug":"soberania-primeira-ia-completamente-brasileira-sera-lancada-em-brasilia","status":"publish","type":"post","link":"http:\/\/blogdalucianaoliveira.com.br\/blog\/2025\/12\/08\/soberania-primeira-ia-completamente-brasileira-sera-lancada-em-brasilia\/","title":{"rendered":"SoberanIA: primeira IA completamente brasileira ser\u00e1 lan\u00e7ada em Bras\u00edlia"},"content":{"rendered":"<p><img data-recalc-dims=\"1\" loading=\"lazy\" decoding=\"async\" data-attachment-id=\"38014\" data-permalink=\"http:\/\/blogdalucianaoliveira.com.br\/blog\/2025\/12\/08\/soberania-primeira-ia-completamente-brasileira-sera-lancada-em-brasilia\/img_2229\/\" data-orig-file=\"https:\/\/i0.wp.com\/blogdalucianaoliveira.com.br\/blog\/wp-content\/uploads\/2025\/12\/IMG_2229.jpeg?fit=425%2C230\" data-orig-size=\"425,230\" data-comments-opened=\"0\" data-image-meta=\"{&quot;aperture&quot;:&quot;0&quot;,&quot;credit&quot;:&quot;&quot;,&quot;camera&quot;:&quot;&quot;,&quot;caption&quot;:&quot;&quot;,&quot;created_timestamp&quot;:&quot;0&quot;,&quot;copyright&quot;:&quot;&quot;,&quot;focal_length&quot;:&quot;0&quot;,&quot;iso&quot;:&quot;0&quot;,&quot;shutter_speed&quot;:&quot;0&quot;,&quot;title&quot;:&quot;&quot;,&quot;orientation&quot;:&quot;0&quot;}\" data-image-title=\"IMG_2229\" data-image-description=\"\" data-image-caption=\"\" data-medium-file=\"https:\/\/i0.wp.com\/blogdalucianaoliveira.com.br\/blog\/wp-content\/uploads\/2025\/12\/IMG_2229.jpeg?fit=300%2C162\" data-large-file=\"https:\/\/i0.wp.com\/blogdalucianaoliveira.com.br\/blog\/wp-content\/uploads\/2025\/12\/IMG_2229.jpeg?fit=425%2C230\" class=\"alignnone size-medium wp-image-38014\" src=\"https:\/\/i0.wp.com\/blogdalucianaoliveira.com.br\/blog\/wp-content\/uploads\/2025\/12\/IMG_2229.jpeg?resize=300%2C162\" alt=\"\" width=\"300\" height=\"162\" srcset=\"https:\/\/i0.wp.com\/blogdalucianaoliveira.com.br\/blog\/wp-content\/uploads\/2025\/12\/IMG_2229.jpeg?resize=300%2C162 300w, https:\/\/i0.wp.com\/blogdalucianaoliveira.com.br\/blog\/wp-content\/uploads\/2025\/12\/IMG_2229.jpeg?w=425 425w\" sizes=\"auto, (max-width: 300px) 100vw, 300px\" \/><\/p>\n<h2 class=\"bajada\">A Intelig\u00eancia Artificial (IA) SoberanIA, criada no Piau\u00ed, ser\u00e1 lan\u00e7ada em escala nacional em Bras\u00edlia, com a presen\u00e7a de ministras do governo.<\/h2>\n<p><!--more--><\/p>\n<p>Revista F\u00f3rum &#8211; Uma Intelig\u00eancia Artificial (IA) completamente brasileira ser\u00e1 lan\u00e7ada nesta ter\u00e7a-feira (9), em Bras\u00edlia: a SoberanIA. A tecnologia in\u00e9dita foi desenvolvida no Piau\u00ed, possui mais de 350 bilh\u00f5es de tokens treinados e j\u00e1 se consolida como o maior modelo de linguagem em portugu\u00eas validado para uso comercial.<\/p>\n<p>Ser\u00e1 anunciada tamb\u00e9m uma alian\u00e7a nacional pela infraestrutura f\u00edsica de IA mais segura e avan\u00e7ada da Am\u00e9rica Latina \u2014 envolvendo o Minist\u00e9rio da Ci\u00eancia e Tecnologia (MCTI), e empresas como a Modular, Scala, Telebras, Ceiba Energy e outros parceiros p\u00fablicos e privados. Estar\u00e3o presentes a ministra do MCTI, Luciana Santos; a ministra da Gest\u00e3o e Inova\u00e7\u00e3o em Servi\u00e7os P\u00fablicos, Esther Dweck; e o presidente da Telebras, Andr\u00e9 Leandro Magalh\u00e3es.<\/p>\n<p>O evento de lan\u00e7amento, que ocorre \u00e0s 15h no BHotel Bras\u00edlia, reunir\u00e1 governo federal, estados, academia e empresas do setor para apresentar uma vis\u00e3o integrada sobre como o Brasil pode ampliar sua capacidade de desenvolver e operar tecnologias estrat\u00e9gicas. Haver\u00e1, ainda, um debate ampliado sobre o futuro da transforma\u00e7\u00e3o digital no Brasil e sobre a import\u00e2ncia de construir modelos de IA com dados brasileiros, governan\u00e7a nacional e infraestrutura pr\u00f3pria.<br \/>\nA SoberanIA j\u00e1 est\u00e1 em vigor no Piau\u00ed, por meio do Piau\u00ed Oportunidades, que utiliza IA para personalizar trilhas educacionais, e o BO F\u00e1cil, que permite registrar boletins de ocorr\u00eancia por voz diretamente pelo WhatsApp.<\/p>\n<p>&nbsp;<\/p>\n<p>&nbsp;<\/p>\n","protected":false},"excerpt":{"rendered":"<p>A Intelig\u00eancia Artificial (IA) SoberanIA, criada no Piau\u00ed, ser\u00e1 lan\u00e7ada em escala nacional em Bras\u00edlia, com a presen\u00e7a de ministras do governo.<\/p>\n","protected":false},"author":1,"featured_media":0,"comment_status":"closed","ping_status":"open","sticky":false,"template":"","format":"standard","meta":{"_exactmetrics_skip_tracking":false,"_exactmetrics_sitenote_active":false,"_exactmetrics_sitenote_note":"","_exactmetrics_sitenote_category":0,"jetpack_post_was_ever_published":false,"_jetpack_newsletter_access":"","_jetpack_dont_email_post_to_subs":false,"_jetpack_newsletter_tier_id":0,"_jetpack_memberships_contains_paywalled_content":false,"_jetpack_memberships_contains_paid_content":false,"footnotes":"","jetpack_publicize_message":"","jetpack_publicize_feature_enabled":true,"jetpack_social_post_already_shared":true,"jetpack_social_options":{"image_generator_settings":{"template":"highway","enabled":false},"version":2}},"categories":[1],"tags":[1131,1597],"class_list":["post-38013","post","type-post","status-publish","format-standard","hentry","category-notas","tag-ia","tag-piaui"],"jetpack_publicize_connections":[],"jetpack_sharing_enabled":true,"jetpack_featured_media_url":"","jetpack_shortlink":"https:\/\/wp.me\/p7wKYW-9T7","jetpack-related-posts":[],"_links":{"self":[{"href":"http:\/\/blogdalucianaoliveira.com.br\/blog\/wp-json\/wp\/v2\/posts\/38013","targetHints":{"allow":["GET"]}}],"collection":[{"href":"http:\/\/blogdalucianaoliveira.com.br\/blog\/wp-json\/wp\/v2\/posts"}],"about":[{"href":"http:\/\/blogdalucianaoliveira.com.br\/blog\/wp-json\/wp\/v2\/types\/post"}],"author":[{"embeddable":true,"href":"http:\/\/blogdalucianaoliveira.com.br\/blog\/wp-json\/wp\/v2\/users\/1"}],"replies":[{"embeddable":true,"href":"http:\/\/blogdalucianaoliveira.com.br\/blog\/wp-json\/wp\/v2\/comments?post=38013"}],"version-history":[{"count":1,"href":"http:\/\/blogdalucianaoliveira.com.br\/blog\/wp-json\/wp\/v2\/posts\/38013\/revisions"}],"predecessor-version":[{"id":38015,"href":"http:\/\/blogdalucianaoliveira.com.br\/blog\/wp-json\/wp\/v2\/posts\/38013\/revisions\/38015"}],"wp:attachment":[{"href":"http:\/\/blogdalucianaoliveira.com.br\/blog\/wp-json\/wp\/v2\/media?parent=38013"}],"wp:term":[{"taxonomy":"category","embeddable":true,"href":"http:\/\/blogdalucianaoliveira.com.br\/blog\/wp-json\/wp\/v2\/categories?post=38013"},{"taxonomy":"post_tag","embeddable":true,"href":"http:\/\/blogdalucianaoliveira.com.br\/blog\/wp-json\/wp\/v2\/tags?post=38013"}],"curies":[{"name":"wp","href":"https:\/\/api.w.org\/{rel}","templated":true}]}}