{"id":38017,"date":"2025-12-08T13:23:04","date_gmt":"2025-12-08T17:23:04","guid":{"rendered":"https:\/\/blogdalucianaoliveira.com.br\/blog\/?p=38017"},"modified":"2025-12-08T13:23:04","modified_gmt":"2025-12-08T17:23:04","slug":"prestacao-de-contas-destaca-acoes-e-investimentos-do-mandato-de-claudia-de-jesus-em-rondonia","status":"publish","type":"post","link":"http:\/\/blogdalucianaoliveira.com.br\/blog\/2025\/12\/08\/prestacao-de-contas-destaca-acoes-e-investimentos-do-mandato-de-claudia-de-jesus-em-rondonia\/","title":{"rendered":"Presta\u00e7\u00e3o de contas destaca a\u00e7\u00f5es e investimentos do mandato de Cl\u00e1udia de Jesus em Rond\u00f4nia"},"content":{"rendered":"<p><img data-recalc-dims=\"1\" loading=\"lazy\" decoding=\"async\" data-attachment-id=\"38018\" data-permalink=\"http:\/\/blogdalucianaoliveira.com.br\/blog\/2025\/12\/08\/prestacao-de-contas-destaca-acoes-e-investimentos-do-mandato-de-claudia-de-jesus-em-rondonia\/img_2224\/\" data-orig-file=\"https:\/\/i0.wp.com\/blogdalucianaoliveira.com.br\/blog\/wp-content\/uploads\/2025\/12\/IMG_2224.jpeg?fit=1620%2C1080\" data-orig-size=\"1620,1080\" data-comments-opened=\"0\" data-image-meta=\"{&quot;aperture&quot;:&quot;4&quot;,&quot;credit&quot;:&quot;&quot;,&quot;camera&quot;:&quot;Canon EOS Rebel SL3&quot;,&quot;caption&quot;:&quot;&quot;,&quot;created_timestamp&quot;:&quot;1764880054&quot;,&quot;copyright&quot;:&quot;&quot;,&quot;focal_length&quot;:&quot;18&quot;,&quot;iso&quot;:&quot;1600&quot;,&quot;shutter_speed&quot;:&quot;0.016666666666667&quot;,&quot;title&quot;:&quot;&quot;,&quot;orientation&quot;:&quot;1&quot;}\" data-image-title=\"IMG_2224\" data-image-description=\"\" data-image-caption=\"\" data-medium-file=\"https:\/\/i0.wp.com\/blogdalucianaoliveira.com.br\/blog\/wp-content\/uploads\/2025\/12\/IMG_2224.jpeg?fit=300%2C200\" data-large-file=\"https:\/\/i0.wp.com\/blogdalucianaoliveira.com.br\/blog\/wp-content\/uploads\/2025\/12\/IMG_2224.jpeg?fit=600%2C400\" class=\"alignnone size-medium wp-image-38018\" src=\"https:\/\/i0.wp.com\/blogdalucianaoliveira.com.br\/blog\/wp-content\/uploads\/2025\/12\/IMG_2224.jpeg?resize=300%2C200\" alt=\"\" width=\"300\" height=\"200\" srcset=\"https:\/\/i0.wp.com\/blogdalucianaoliveira.com.br\/blog\/wp-content\/uploads\/2025\/12\/IMG_2224.jpeg?resize=300%2C200 300w, https:\/\/i0.wp.com\/blogdalucianaoliveira.com.br\/blog\/wp-content\/uploads\/2025\/12\/IMG_2224.jpeg?resize=1024%2C683 1024w, https:\/\/i0.wp.com\/blogdalucianaoliveira.com.br\/blog\/wp-content\/uploads\/2025\/12\/IMG_2224.jpeg?resize=768%2C512 768w, https:\/\/i0.wp.com\/blogdalucianaoliveira.com.br\/blog\/wp-content\/uploads\/2025\/12\/IMG_2224.jpeg?resize=1536%2C1024 1536w, https:\/\/i0.wp.com\/blogdalucianaoliveira.com.br\/blog\/wp-content\/uploads\/2025\/12\/IMG_2224.jpeg?resize=450%2C300 450w, https:\/\/i0.wp.com\/blogdalucianaoliveira.com.br\/blog\/wp-content\/uploads\/2025\/12\/IMG_2224.jpeg?w=1620 1620w, https:\/\/i0.wp.com\/blogdalucianaoliveira.com.br\/blog\/wp-content\/uploads\/2025\/12\/IMG_2224.jpeg?w=1200 1200w\" sizes=\"auto, (max-width: 300px) 100vw, 300px\" \/><\/p>\n<p>Em tr\u00eas anos de atua\u00e7\u00e3o, a deputada estadual Cl\u00e1udia de Jesus (PT) apresentou um balan\u00e7o marcado pela valoriza\u00e7\u00e3o dos trabalhadores, fortalecimento das pol\u00edticas p\u00fablicas e libera\u00e7\u00e3o de mais de R$ 43 milh\u00f5es em investimentos para os munic\u00edpios rondonienses. O evento aconteceu na \u00faltima semana, em Porto Velho.<!--more--><\/p>\n<p>Cl\u00e1udia de Jesus (PT) refor\u00e7ou que sua atua\u00e7\u00e3o na Assembleia Legislativa tem como base o di\u00e1logo permanente com a popula\u00e7\u00e3o e a constru\u00e7\u00e3o coletiva de solu\u00e7\u00f5es para as demandas do estado. \u201cNosso mandato \u00e9 popular e participativo. Aprendi que s\u00f3 se faz pol\u00edtica com di\u00e1logo e participa\u00e7\u00e3o popular nas decis\u00f5es. O respeito \u00e0 diversidade e o di\u00e1logo como ferramentas de resolu\u00e7\u00e3o dos problemas sempre ser\u00e3o meus guias nesta caminhada\u201d, afirmou.<\/p>\n<p>&#8220;Entre as principais conquistas apresentadas no relat\u00f3rio, est\u00e1 a valoriza\u00e7\u00e3o dos trabalhadores de \u00e1reas essenciais. Em 2025, avan\u00e7aram medidas hist\u00f3ricas como o Plano de Cargos, Carreira e Remunera\u00e7\u00e3o da Sa\u00fade (Lei 6.033\/25) e novos aux\u00edlios aos servidores; na Educa\u00e7\u00e3o, foram aprovadas gratifica\u00e7\u00f5es e aux\u00edlios transporte e alimenta\u00e7\u00e3o (Lei 1.246\/24). A deputada destacou ainda o reajuste salarial da Emater ap\u00f3s 12 anos (Lei 885\/25) e a garantia de realoca\u00e7\u00e3o dos servidores da Caerd durante o processo de privatiza\u00e7\u00e3o (REQ 1850\/2025).<\/p>\n<p>\u201cAp\u00f3s d\u00e9cadas, conseguimos promover audi\u00eancias p\u00fablicas importantes para nosso Estado. Destaco as audi\u00eancias da cultura e das mulheres negras. Com base nesses di\u00e1logos, conseguimos encaminhar dezenas de requerimentos ao Governo do Estado, e agora estamos fazendo gest\u00e3o dessas demandas\u201d, explicou.<\/p>\n<p>No campo legislativo, o mandato alcan\u00e7ou ampla produtividade: foram apresentados 38 Projetos de Leis Ordin\u00e1rias, resultando em 12 leis aprovadas, al\u00e9m de 676 mat\u00e9rias discutidas e votadas ao longo do per\u00edodo. A atua\u00e7\u00e3o j\u00e1 chegou a 49 dos 52 munic\u00edpios de Rond\u00f4nia, incluindo dezenas de distritos, com a meta de contemplar todas as regi\u00f5es at\u00e9 o final de 2026.<\/p>\n<p>O relat\u00f3rio tamb\u00e9m aponta que mais de R$ 43 milh\u00f5es:<\/p>\n<p><strong>R$ 14,4 milh\u00f5es para Agricultura e Meio Ambiente;<\/strong><br \/>\n<strong>R$ 16,3 milh\u00f5es para Sa\u00fade;<\/strong><br \/>\n<strong>R$ 7,6 milh\u00f5es para Educa\u00e7\u00e3o, Infraestrutura e Seguran\u00e7a;<\/strong><br \/>\n<strong>R$ 4,5 milh\u00f5es para Esporte e Cultura;<\/strong><br \/>\n<strong>R$ 1,2 milh\u00e3o para Assist\u00eancia Social, Emprego e Renda;<\/strong><\/p>\n<p>Al\u00e9m de mais de R$ 1,4 milh\u00e3o para Porto Velho.<\/p>\n<p>\u201cTodo recurso investido pelo nosso mandato foi encaminhado atrav\u00e9s de demandas coletivas recebidas pela popula\u00e7\u00e3o. Ajudando quem mais precisa!\u201d, refor\u00e7ou Cl\u00e1udia de Jesus.<\/p>\n<p><img data-recalc-dims=\"1\" loading=\"lazy\" decoding=\"async\" data-attachment-id=\"38019\" data-permalink=\"http:\/\/blogdalucianaoliveira.com.br\/blog\/2025\/12\/08\/prestacao-de-contas-destaca-acoes-e-investimentos-do-mandato-de-claudia-de-jesus-em-rondonia\/img_2225\/\" data-orig-file=\"https:\/\/i0.wp.com\/blogdalucianaoliveira.com.br\/blog\/wp-content\/uploads\/2025\/12\/IMG_2225.jpeg?fit=1620%2C1080\" data-orig-size=\"1620,1080\" data-comments-opened=\"0\" data-image-meta=\"{&quot;aperture&quot;:&quot;4&quot;,&quot;credit&quot;:&quot;&quot;,&quot;camera&quot;:&quot;Canon EOS Rebel SL3&quot;,&quot;caption&quot;:&quot;&quot;,&quot;created_timestamp&quot;:&quot;1764882070&quot;,&quot;copyright&quot;:&quot;&quot;,&quot;focal_length&quot;:&quot;18&quot;,&quot;iso&quot;:&quot;2000&quot;,&quot;shutter_speed&quot;:&quot;0.016666666666667&quot;,&quot;title&quot;:&quot;&quot;,&quot;orientation&quot;:&quot;1&quot;}\" data-image-title=\"IMG_2225\" data-image-description=\"\" data-image-caption=\"\" data-medium-file=\"https:\/\/i0.wp.com\/blogdalucianaoliveira.com.br\/blog\/wp-content\/uploads\/2025\/12\/IMG_2225.jpeg?fit=300%2C200\" data-large-file=\"https:\/\/i0.wp.com\/blogdalucianaoliveira.com.br\/blog\/wp-content\/uploads\/2025\/12\/IMG_2225.jpeg?fit=600%2C400\" class=\"alignnone size-medium wp-image-38019\" src=\"https:\/\/i0.wp.com\/blogdalucianaoliveira.com.br\/blog\/wp-content\/uploads\/2025\/12\/IMG_2225.jpeg?resize=300%2C200\" alt=\"\" width=\"300\" height=\"200\" srcset=\"https:\/\/i0.wp.com\/blogdalucianaoliveira.com.br\/blog\/wp-content\/uploads\/2025\/12\/IMG_2225.jpeg?resize=300%2C200 300w, https:\/\/i0.wp.com\/blogdalucianaoliveira.com.br\/blog\/wp-content\/uploads\/2025\/12\/IMG_2225.jpeg?resize=1024%2C683 1024w, https:\/\/i0.wp.com\/blogdalucianaoliveira.com.br\/blog\/wp-content\/uploads\/2025\/12\/IMG_2225.jpeg?resize=768%2C512 768w, https:\/\/i0.wp.com\/blogdalucianaoliveira.com.br\/blog\/wp-content\/uploads\/2025\/12\/IMG_2225.jpeg?resize=1536%2C1024 1536w, https:\/\/i0.wp.com\/blogdalucianaoliveira.com.br\/blog\/wp-content\/uploads\/2025\/12\/IMG_2225.jpeg?resize=450%2C300 450w, https:\/\/i0.wp.com\/blogdalucianaoliveira.com.br\/blog\/wp-content\/uploads\/2025\/12\/IMG_2225.jpeg?w=1620 1620w, https:\/\/i0.wp.com\/blogdalucianaoliveira.com.br\/blog\/wp-content\/uploads\/2025\/12\/IMG_2225.jpeg?w=1200 1200w\" sizes=\"auto, (max-width: 300px) 100vw, 300px\" \/><\/p>\n<p>A presta\u00e7\u00e3o de contas do mandato continua em movimento pelo estado. Em Ji-Paran\u00e1, a pr\u00f3xima apresenta\u00e7\u00e3o ser\u00e1 realizada na sexta-feira (12), \u00e0s 19h30, no Sesc Clementina, localizado na Linha 94.<\/p>\n","protected":false},"excerpt":{"rendered":"<p>Em tr\u00eas anos de atua\u00e7\u00e3o, a deputada estadual Cl\u00e1udia de Jesus (PT) apresentou um balan\u00e7o marcado pela valoriza\u00e7\u00e3o dos trabalhadores, fortalecimento das pol\u00edticas p\u00fablicas e libera\u00e7\u00e3o de mais de R$ 43 milh\u00f5es em investimentos para os munic\u00edpios rondonienses. O evento aconteceu na \u00faltima semana, em Porto Velho.<\/p>\n","protected":false},"author":1,"featured_media":0,"comment_status":"closed","ping_status":"open","sticky":false,"template":"","format":"standard","meta":{"_exactmetrics_skip_tracking":false,"_exactmetrics_sitenote_active":false,"_exactmetrics_sitenote_note":"","_exactmetrics_sitenote_category":0,"jetpack_post_was_ever_published":false,"_jetpack_newsletter_access":"","_jetpack_dont_email_post_to_subs":false,"_jetpack_newsletter_tier_id":0,"_jetpack_memberships_contains_paywalled_content":false,"_jetpack_memberships_contains_paid_content":false,"footnotes":"","jetpack_publicize_message":"","jetpack_publicize_feature_enabled":true,"jetpack_social_post_already_shared":true,"jetpack_social_options":{"image_generator_settings":{"template":"highway","enabled":false},"version":2}},"categories":[1],"tags":[1429,1598],"class_list":["post-38017","post","type-post","status-publish","format-standard","hentry","category-notas","tag-deputada-claudia-de-jesus","tag-prestacao-de-contas"],"jetpack_publicize_connections":[],"jetpack_sharing_enabled":true,"jetpack_featured_media_url":"","jetpack_shortlink":"https:\/\/wp.me\/p7wKYW-9Tb","jetpack-related-posts":[],"_links":{"self":[{"href":"http:\/\/blogdalucianaoliveira.com.br\/blog\/wp-json\/wp\/v2\/posts\/38017","targetHints":{"allow":["GET"]}}],"collection":[{"href":"http:\/\/blogdalucianaoliveira.com.br\/blog\/wp-json\/wp\/v2\/posts"}],"about":[{"href":"http:\/\/blogdalucianaoliveira.com.br\/blog\/wp-json\/wp\/v2\/types\/post"}],"author":[{"embeddable":true,"href":"http:\/\/blogdalucianaoliveira.com.br\/blog\/wp-json\/wp\/v2\/users\/1"}],"replies":[{"embeddable":true,"href":"http:\/\/blogdalucianaoliveira.com.br\/blog\/wp-json\/wp\/v2\/comments?post=38017"}],"version-history":[{"count":1,"href":"http:\/\/blogdalucianaoliveira.com.br\/blog\/wp-json\/wp\/v2\/posts\/38017\/revisions"}],"predecessor-version":[{"id":38020,"href":"http:\/\/blogdalucianaoliveira.com.br\/blog\/wp-json\/wp\/v2\/posts\/38017\/revisions\/38020"}],"wp:attachment":[{"href":"http:\/\/blogdalucianaoliveira.com.br\/blog\/wp-json\/wp\/v2\/media?parent=38017"}],"wp:term":[{"taxonomy":"category","embeddable":true,"href":"http:\/\/blogdalucianaoliveira.com.br\/blog\/wp-json\/wp\/v2\/categories?post=38017"},{"taxonomy":"post_tag","embeddable":true,"href":"http:\/\/blogdalucianaoliveira.com.br\/blog\/wp-json\/wp\/v2\/tags?post=38017"}],"curies":[{"name":"wp","href":"https:\/\/api.w.org\/{rel}","templated":true}]}}