{"id":38024,"date":"2025-12-09T10:11:38","date_gmt":"2025-12-09T14:11:38","guid":{"rendered":"https:\/\/blogdalucianaoliveira.com.br\/blog\/?p=38024"},"modified":"2025-12-09T10:11:38","modified_gmt":"2025-12-09T14:11:38","slug":"acesso-a-internet-cresce-entre-classes-sociais-mas-ainda-e-desigual","status":"publish","type":"post","link":"http:\/\/blogdalucianaoliveira.com.br\/blog\/2025\/12\/09\/acesso-a-internet-cresce-entre-classes-sociais-mas-ainda-e-desigual\/","title":{"rendered":"Acesso \u00e0 internet cresce entre classes sociais, mas ainda \u00e9 desigual"},"content":{"rendered":"<p><img data-recalc-dims=\"1\" loading=\"lazy\" decoding=\"async\" data-attachment-id=\"38025\" data-permalink=\"http:\/\/blogdalucianaoliveira.com.br\/blog\/2025\/12\/09\/acesso-a-internet-cresce-entre-classes-sociais-mas-ainda-e-desigual\/img_2243-2\/\" data-orig-file=\"https:\/\/i0.wp.com\/blogdalucianaoliveira.com.br\/blog\/wp-content\/uploads\/2025\/12\/IMG_2243.webp?fit=1170%2C700\" data-orig-size=\"1170,700\" data-comments-opened=\"0\" data-image-meta=\"{&quot;aperture&quot;:&quot;0&quot;,&quot;credit&quot;:&quot;&quot;,&quot;camera&quot;:&quot;&quot;,&quot;caption&quot;:&quot;&quot;,&quot;created_timestamp&quot;:&quot;0&quot;,&quot;copyright&quot;:&quot;&quot;,&quot;focal_length&quot;:&quot;0&quot;,&quot;iso&quot;:&quot;0&quot;,&quot;shutter_speed&quot;:&quot;0&quot;,&quot;title&quot;:&quot;&quot;,&quot;orientation&quot;:&quot;0&quot;}\" data-image-title=\"IMG_2243\" data-image-description=\"\" data-image-caption=\"\" data-medium-file=\"https:\/\/i0.wp.com\/blogdalucianaoliveira.com.br\/blog\/wp-content\/uploads\/2025\/12\/IMG_2243.webp?fit=300%2C179\" data-large-file=\"https:\/\/i0.wp.com\/blogdalucianaoliveira.com.br\/blog\/wp-content\/uploads\/2025\/12\/IMG_2243.webp?fit=600%2C359\" class=\"alignnone size-medium wp-image-38025\" src=\"https:\/\/i0.wp.com\/blogdalucianaoliveira.com.br\/blog\/wp-content\/uploads\/2025\/12\/IMG_2243.webp?resize=300%2C179\" alt=\"\" width=\"300\" height=\"179\" srcset=\"https:\/\/i0.wp.com\/blogdalucianaoliveira.com.br\/blog\/wp-content\/uploads\/2025\/12\/IMG_2243.webp?resize=300%2C179 300w, https:\/\/i0.wp.com\/blogdalucianaoliveira.com.br\/blog\/wp-content\/uploads\/2025\/12\/IMG_2243.webp?resize=1024%2C613 1024w, https:\/\/i0.wp.com\/blogdalucianaoliveira.com.br\/blog\/wp-content\/uploads\/2025\/12\/IMG_2243.webp?resize=768%2C459 768w, https:\/\/i0.wp.com\/blogdalucianaoliveira.com.br\/blog\/wp-content\/uploads\/2025\/12\/IMG_2243.webp?resize=501%2C300 501w, https:\/\/i0.wp.com\/blogdalucianaoliveira.com.br\/blog\/wp-content\/uploads\/2025\/12\/IMG_2243.webp?w=1170 1170w\" sizes=\"auto, (max-width: 300px) 100vw, 300px\" \/><\/p>\n<p>Ag\u00eancia Brasil &#8211; Qualidade em acesso e conte\u00fado revela diferen\u00e7as de renda dos usu\u00e1rios<!--more--><\/p>\n<p><strong>Os brasileiros j\u00e1 acessam a internet, em ampla maioria, mas a qualidade\u00a0e o tipo de conte\u00fado que buscam pode apresentar diferen\u00e7as consider\u00e1veis, relacionadas \u00e0 renda das fam\u00edlias<\/strong>. Segundo a pesquisa TIC Domic\u00edlios, lan\u00e7ada nesta ter\u00e7a-feira (9), 86% dos domic\u00edlios tem acesso a internet, maior n\u00famero da s\u00e9rie hist\u00f3rica, iniciada em 2015, quando 51% tinham acesso. Isso significa 157 milh\u00f5es de usu\u00e1rios da rede, chegando a 163 milh\u00f5es se considerado o acesso de aplicativos que acessam indiretamente a rede.<img data-recalc-dims=\"1\" decoding=\"async\" src=\"https:\/\/i0.wp.com\/agenciabrasil.ebc.com.br\/ebc.png?w=600&#038;ssl=1\" \/><img data-recalc-dims=\"1\" decoding=\"async\" src=\"https:\/\/i0.wp.com\/agenciabrasil.ebc.com.br\/ebc.gif?w=600&#038;ssl=1\" \/><\/p>\n<p><strong>O salto expressivo em uma d\u00e9cada reflete a expans\u00e3o do acesso aos mais pobres. Em 2015, 15% dos lares considerados de classes D e E tinham acesso \u00e0 rede. Em 2025, o n\u00famero chega a 73%, tendo avan\u00e7ado 5 pontos somente no \u00faltimo ano<\/strong>.<\/p>\n<p>O aumento reflete a expans\u00e3o do acesso por cabo ou fibra \u00f3ptica entre os mais pobres. A tecnologia se consolidou como a principal porta de acesso, sendo usada por 73% das pessoas, mas aqui j\u00e1 \u00e9 percebido\u00a0o primeiro dado de desigualdade: nas classes D e E apenas 60% usam essa tecnologia.<\/p>\n<h2>Quest\u00e3o financeira<\/h2>\n<p><strong>A desigualdade motivada pela quest\u00e3o financeira permanece muito expressiva para o acesso em termos gerais<\/strong>. Nas classes A e B, o acesso \u00e9 pr\u00f3ximo do universal, com 99% e 95% de acessos respectivamente. Na classe C, o n\u00famero j\u00e1 despenca para 86%, e nas classes D e E, ele se resume a 73%, ou seja, um quarto dos brasileiros das classes D e E n\u00e3o t\u00eam acesso.<\/p>\n<p><strong>A classe D e E lidera quando o quesito \u00e9 o acesso somente por celulares. S\u00e3o 87% dos brasileiros nesta classe que utilizaram a rede somente por meio de aparelhos de telefone, indicando que o uso supera o de p\u00e1ginas de internet, redes sociais e afins<\/strong>. A pesquisa percebeu ainda a consolida\u00e7\u00e3o das ferramentas de governo virtual, com acesso motivado principalmente pelo uso de servi\u00e7os de sa\u00fade e pela emiss\u00e3o ou acesso de documentos.<\/p>\n<p><strong>O acesso \u00e0 rede, em geral, tamb\u00e9m cai drasticamente entre os moradores de \u00e1reas rurais, chegando a 77%<\/strong>. A escolaridade \u00e9 outro fator determinante: 98% dos brasileiros com ensino superior usam a internet, ante 91% daqueles com ensino m\u00e9dio e 74% daqueles com ensino fundamental. Seu uso tamb\u00e9m est\u00e1 relacionado \u00e0 idade.<\/p>\n<p><strong>Todas as faixas et\u00e1rias entre 10 e 44 anos tem mais de 90% de acesso. Esse n\u00famero recua para 86% entre aqueles com mais de 45 anos e para 54% entre aqueles com mais de 60 anos<\/strong>. Em todos esses recortes o uso de celulares como \u00fanica forma de acesso \u00e9 mais difundido entre as popula\u00e7\u00f5es que tem menos acesso.<\/p>\n<p><strong>A pesquisa tamb\u00e9m avaliou, pela primeira vez, a qualidade do acesso de internet entre os usu\u00e1rios de pacotes para celulares<\/strong>. A maior parte dos que responderam, 55%, t\u00eam pacotes suficientes para seu uso, mas um grupo significativo indica queda na velocidade ap\u00f3s o uso completo do pacote (33% dos brasileiros e 38% entre os das classes DE) e ter de contratar pacotes adicionais de acesso (30-37%, respectivamente).<\/p>\n<p>A pesquisa\u00a0TIC Domic\u00edlios\u00a0\u00e9 um levantamento do\u00a0Centro Regional de Estudos para o Desenvolvimento da Sociedade da Informa\u00e7\u00e3o (Cetic.br)\u00a0que mapeia o acesso e o uso das Tecnologias de Informa\u00e7\u00e3o e Comunica\u00e7\u00e3o (TICs) nos lares e por indiv\u00edduos de 10 anos ou mais no Brasil, os tr\u00eas principais \u00f3rg\u00e3os de acompanhamento e gest\u00e3o da internet no pa\u00eds, e teve apoio da Unesco.<\/p>\n<h2>Como o brasileiro usa a internet<\/h2>\n<p><strong>Em 2023 e 2024, o brasileiro usou a internet principalmente para se comunicar, com 92% das pessoas enviando mensagens instant\u00e2neas, 81 realizando chamadas de v\u00eddeo e 80% usando redes sociais<\/strong>. Houve queda na predomin\u00e2ncia de uso da rede para assistir a filmes (71% em 2025 ante 77% em 2024) e queda entre aqueles que compartilharam algum conte\u00fado (62% em 2025 e 67% em 2024). O uso da rede para o pagamento por pix, por sua vez, aparece pela primeira vez e est\u00e1 consolidado, sendo usado por 75% das pessoas.<\/p>\n<p><strong>O uso da rede para apostas <em>online<\/em>\u00a0passou a ser medido neste ano, indicando que\u00a019% dos brasileiros usam a rede para esse fim, com predomin\u00e2ncia masculina (25%) nos quatro\u00a0tipos de uso medidos, que foram o acesso a cassinos <em>online<\/em> (10% dos homens e 6% das mulheres); a participa\u00e7\u00e3o em rifas ou sorteios (9% e 5%); a realiza\u00e7\u00e3o de apostas esportivas (12% e 2%); e a aposta em loterias federais (9% e 4%)<\/strong>.<\/p>\n<p>O uso de Intelig\u00eancia Artificial (IA) generativa\u00a0tamb\u00e9m foi questionado pela primeira vez:\u00a032% dos brasileiros j\u00e1 as usam, sendo 35% dos homens. H\u00e1 uma diferen\u00e7a marcante de uso por classe &#8211; 59% daqueles com ensino superior, 29% entre os que completaram o m\u00e9dio e 17% entre os que completaram o fundamental &#8211;\u00a0e por renda (69% na classe A, 52% na B, 32% na C e 16% nas classes DE).<\/p>\n<p><strong>O uso das ferramentas de IA ainda tem rela\u00e7\u00e3o com a idade:\u00a055% dos jovens de 16 a 24 anos usam IAs, n\u00famero que cai para 44% na popula\u00e7\u00e3o entre 25 e 34 anos, 40% entre os jovens de 10 a 15 anos e fica abaixo de 30% para aqueles com 35 a 44 anos<\/strong>. Entre as pessoas com idades entre 45 e 59 anos somente 18% usa IAs, e entre os maiores de 60 anos esse n\u00famero beira o residual, com 6% de uso.<\/p>\n<p>Entre os que usam a maioria utiliza a IA para fins pessoais (84%), enquanto 53% usa para pesquisas ou trabalhos acad\u00eamicos e 50% para uso profissional ou de trabalho. A principapal diferen\u00e7a aqui est\u00e1 no uso para trabalho, sendo predominante entre os profissionais com ensino superior, dos quais 69% utilizam a IA para uso profissional.<\/p>\n<p><strong>Entre os que tem n\u00edvel m\u00e9dio esse uso cai para 41%, e para os trabalhadores com n\u00edvel fundamental apenas 23% usam a IA para fins profissionais. No ensino fundamental, por\u00e9m, o maior uso \u00e9 para pesquisas acad\u00eamica, 67%, o que pode indicar uso amplo da tecnologia entre os estudantes de ensino fundamental<\/strong>.<\/p>\n<h2>Governo eletr\u00f4nico \u00e9 amplamente utilizado<\/h2>\n<p>A pesquisa tamb\u00e9m constatou que\u00a0 a plataforma de governo p\u00fablico <a href=\"https:\/\/www.gov.br\/pt-br\" target=\"_blank\" rel=\"noopener\">gov.br<\/a> permanece sendo amplamente utilizada, com acesso por 56% da popula\u00e7\u00e3o total e divis\u00e3o, por classe, de 94% para a classe A e queda conforme diminui a renda, sendo 79% para a B, 56% para a C e 35% para D e E. H\u00e1 tamb\u00e9m uma disparidade regional importante. A m\u00e9dia de uso por regi\u00e3o \u00e9 entre 57 e 60%, mas entre os moradores do nordeste s\u00e3o apenas 48% os que utilizam a plataforma.<\/p>\n<div class=\"noticias-relacionadas rel-position rowflex\"><\/div>\n","protected":false},"excerpt":{"rendered":"<p>Ag\u00eancia Brasil &#8211; Qualidade em acesso e conte\u00fado revela diferen\u00e7as de renda dos usu\u00e1rios<\/p>\n","protected":false},"author":1,"featured_media":0,"comment_status":"closed","ping_status":"open","sticky":false,"template":"","format":"standard","meta":{"_exactmetrics_skip_tracking":false,"_exactmetrics_sitenote_active":false,"_exactmetrics_sitenote_note":"","_exactmetrics_sitenote_category":0,"jetpack_post_was_ever_published":false,"_jetpack_newsletter_access":"","_jetpack_dont_email_post_to_subs":false,"_jetpack_newsletter_tier_id":0,"_jetpack_memberships_contains_paywalled_content":false,"_jetpack_memberships_contains_paid_content":false,"footnotes":"","jetpack_publicize_message":"","jetpack_publicize_feature_enabled":true,"jetpack_social_post_already_shared":true,"jetpack_social_options":{"image_generator_settings":{"template":"highway","enabled":false},"version":2}},"categories":[1],"tags":[1599,506,15],"class_list":["post-38024","post","type-post","status-publish","format-standard","hentry","category-notas","tag-acesso","tag-desigualdade","tag-internet"],"jetpack_publicize_connections":[],"jetpack_sharing_enabled":true,"jetpack_featured_media_url":"","jetpack_shortlink":"https:\/\/wp.me\/p7wKYW-9Ti","jetpack-related-posts":[],"_links":{"self":[{"href":"http:\/\/blogdalucianaoliveira.com.br\/blog\/wp-json\/wp\/v2\/posts\/38024","targetHints":{"allow":["GET"]}}],"collection":[{"href":"http:\/\/blogdalucianaoliveira.com.br\/blog\/wp-json\/wp\/v2\/posts"}],"about":[{"href":"http:\/\/blogdalucianaoliveira.com.br\/blog\/wp-json\/wp\/v2\/types\/post"}],"author":[{"embeddable":true,"href":"http:\/\/blogdalucianaoliveira.com.br\/blog\/wp-json\/wp\/v2\/users\/1"}],"replies":[{"embeddable":true,"href":"http:\/\/blogdalucianaoliveira.com.br\/blog\/wp-json\/wp\/v2\/comments?post=38024"}],"version-history":[{"count":1,"href":"http:\/\/blogdalucianaoliveira.com.br\/blog\/wp-json\/wp\/v2\/posts\/38024\/revisions"}],"predecessor-version":[{"id":38026,"href":"http:\/\/blogdalucianaoliveira.com.br\/blog\/wp-json\/wp\/v2\/posts\/38024\/revisions\/38026"}],"wp:attachment":[{"href":"http:\/\/blogdalucianaoliveira.com.br\/blog\/wp-json\/wp\/v2\/media?parent=38024"}],"wp:term":[{"taxonomy":"category","embeddable":true,"href":"http:\/\/blogdalucianaoliveira.com.br\/blog\/wp-json\/wp\/v2\/categories?post=38024"},{"taxonomy":"post_tag","embeddable":true,"href":"http:\/\/blogdalucianaoliveira.com.br\/blog\/wp-json\/wp\/v2\/tags?post=38024"}],"curies":[{"name":"wp","href":"https:\/\/api.w.org\/{rel}","templated":true}]}}