{"id":38030,"date":"2025-12-15T16:56:30","date_gmt":"2025-12-15T20:56:30","guid":{"rendered":"https:\/\/blogdalucianaoliveira.com.br\/blog\/?p=38030"},"modified":"2025-12-15T16:56:30","modified_gmt":"2025-12-15T20:56:30","slug":"lula-destaca-mais-de-500-mercados-abertos-quem-pensa-pequeno-nem-sonha","status":"publish","type":"post","link":"http:\/\/blogdalucianaoliveira.com.br\/blog\/2025\/12\/15\/lula-destaca-mais-de-500-mercados-abertos-quem-pensa-pequeno-nem-sonha\/","title":{"rendered":"Lula destaca mais de 500 mercados abertos: \u201cquem pensa pequeno, nem sonha\u201d"},"content":{"rendered":"<p><img decoding=\"async\" src=\"https:\/\/www.brasil247.com\/_next\/image?url=https%3A%2F%2Fcdn.brasil247.com%2Fpb-b247gcp%2Fswp%2Fjtjeq9%2Fmedia%2F20251215151224_639d02c3-8106-4cae-a6a6-218262992db9.webp&amp;w=3840&amp;q=75\" alt=\"Bras\u00edlia (DF) - 15\/12\/2025 - O presidente Luiz In\u00e1cio Lula da Silva (d) e o presidente da ApexBrasil, Jorge Viana, participam da inaugura\u00e7\u00e3o da nova sede da ApexBrasil e ato alusivo \u00e0 abertura de 500 novos mercados para a exporta\u00e7\u00e3o de produtos agropecu\u00e1rios\" \/><\/p>\n<h2 class=\"article__lead\">Em evento da ApexBrasil, presidente ressalta competitividade, coopera\u00e7\u00e3o pol\u00edtica e avan\u00e7o ambiental para consolidar presen\u00e7a no com\u00e9rcio internacional<\/h2>\n<p><!--more--><\/p>\n<div class=\"article__meta\">\n<p><b>247<\/b>\u00a0&#8211; O presidente Luiz In\u00e1cio Lula da Silva (PT) destacou nesta segunda-feira (15) a abertura de mais de 500 mercados internacionais para produtos brasileiros, ao discursar durante a cerim\u00f4nia de celebra\u00e7\u00e3o da marca e de inaugura\u00e7\u00e3o da nova sede da ApexBrasil, em Bras\u00edlia. Lula defendeu uma atua\u00e7\u00e3o coletiva do governo, do setor produtivo e da diplomacia para ampliar a inser\u00e7\u00e3o do pa\u00eds no com\u00e9rcio mundial.<\/p>\n<div class=\"ctaButton\">\n<div id=\"__next\"><main class=\"__variable_3ae35e\"><\/p>\n<div class=\"container\"><main class=\"main\"><\/p>\n<div class=\"mainCols article\">\n<div class=\"main--left\">\n<article class=\"article__full\">\n<div class=\"article__text article_speakable\">\n<div data-cy=\"articleBody\">\n<p>Durante o evento, Lula comparou a pol\u00edtica ao futebol para refor\u00e7ar a ideia de trabalho em equipe. \u201cO que sempre me incomodou no futebol \u00e9 que \u00e0s vezes voc\u00ea tem um jogador que dribla tr\u00eas ou quatro advers\u00e1rios, passa bola livre para marcar o gol, o cara marca o gol e, ao inv\u00e9s de agradecer ao cara que passou a bola, ele corre para a plateia\u201d, afirmou. Para ele, o sucesso das pol\u00edticas p\u00fablicas n\u00e3o pode ser apropriado individualmente quando os resultados s\u00e3o positivos.<\/p>\n<div class=\"marginBottom30\">\n<div id=\"notsy_container_633262892\" class=\"B24_VIDEO\" data-notsy-container-index=\"2\" data-notsy-mapped-container=\"1\">\n<div>\n<div id=\"video_62482-container\" class=\"nts-container\" data-mobile=\"0\">\n<div id=\"video_62482-sub-container\" class=\"ym-video--sub-container\">\n<div id=\"video_62482-placeholder\">\n<p>Ao abordar a condu\u00e7\u00e3o pol\u00edtica, o presidente afirmou que erros precisam ser assumidos, mas acertos devem ser compartilhados. \u201cMas quando as coisas d\u00e3o certo, voc\u00ea n\u00e3o pode correr para o abra\u00e7o sozinho\u201d, disse. Segundo Lula, os avan\u00e7os recentes do Brasil decorrem de um aprendizado acumulado ao longo de anos, que envolve tanto o governo quanto o setor empresarial, especialmente no que diz respeito \u00e0s exig\u00eancias ambientais, clim\u00e1ticas e de qualidade dos produtos exportados.<\/p>\n<p>Lula tamb\u00e9m destacou a import\u00e2ncia da postura brasileira no exterior e criticou a ideia de que outros pa\u00edses teriam obriga\u00e7\u00e3o de comprar produtos nacionais. \u201cO que interessa \u00e9 a qualidade daquilo que a gente est\u00e1 oferecendo, n\u00e3o s\u00f3 de pre\u00e7o, mas tamb\u00e9m de qualidade\u201d, afirmou. Ele ressaltou que o pa\u00eds trabalha para superar um per\u00edodo de isolamento internacional, marcado pela redu\u00e7\u00e3o de rela\u00e7\u00f5es diplom\u00e1ticas e comerciais.<\/p>\n<p>O presidente mencionou ainda a necessidade de ampliar a presen\u00e7a t\u00e9cnica do Brasil no exterior, defendendo a atua\u00e7\u00e3o conjunta de adidos do Minist\u00e9rio da Agricultura, do Itamaraty, da Embrapa e de outros \u00f3rg\u00e3os. Segundo ele, essa articula\u00e7\u00e3o \u00e9 fundamental para promover os produtos brasileiros em diferentes mercados e fortalecer a estrat\u00e9gia de exporta\u00e7\u00e3o.<\/p>\n<p>Ao tratar da rela\u00e7\u00e3o entre mercado interno e externo, Lula afirmou que o cen\u00e1rio ideal \u00e9 aquele em que o pa\u00eds consegue atender sua pr\u00f3pria demanda e, ao mesmo tempo, exportar o excedente. \u201cEssa \u00e9 a coisa mais perfeita que poderia acontecer\u201d, disse, ao ressaltar que esse equil\u00edbrio fortalece a economia e amplia o poder de negocia\u00e7\u00e3o do Brasil.<\/p>\n<p>O presidente tamb\u00e9m rebateu cr\u00edticas recorrentes ao setor agropecu\u00e1rio, frequentemente acusado de exportar apenas commodities de baixo valor agregado. Ele destacou os investimentos em gen\u00e9tica, tecnologia e inova\u00e7\u00e3o presentes na produ\u00e7\u00e3o brasileira, citando exemplos como a carne, a soja e a lideran\u00e7a do pa\u00eds na transi\u00e7\u00e3o energ\u00e9tica.<\/p>\n<p>Nesse contexto, Lula comparou a matriz energ\u00e9tica brasileira com a de pa\u00edses ricos. Segundo ele, enquanto na\u00e7\u00f5es desenvolvidas projetam alcan\u00e7ar 40% de energia renov\u00e1vel em 2050, o Brasil j\u00e1 conta com 53% em 2025. Para o presidente, esse desempenho demonstra que o pa\u00eds n\u00e3o pode abrir m\u00e3o de oportunidades estrat\u00e9gicas no cen\u00e1rio global.<\/p>\n<p>Lula fez um apelo por uma mudan\u00e7a de mentalidade. \u201cChega do Brasil se apresentar como se fosse um coitadinho. \u2018N\u00e3o posso fazer porque vai gastar\u2019. Quem pensa pequeno nem sonha. \u00c9 preciso a gente pensar grande\u201d, concluiu, ao defender uma postura mais ambiciosa e confiante do pa\u00eds no com\u00e9rcio internacional.<\/p>\n<\/div>\n<\/div>\n<\/div>\n<\/div>\n<\/div>\n<\/div>\n<\/div>\n<\/div>\n<\/article>\n<\/div>\n<\/div>\n<p><\/main><\/div>\n<p><\/main><\/div>\n<\/div>\n<\/div>\n","protected":false},"excerpt":{"rendered":"<p>Em evento da ApexBrasil, presidente ressalta competitividade, coopera\u00e7\u00e3o pol\u00edtica e avan\u00e7o ambiental para consolidar presen\u00e7a no com\u00e9rcio internacional<\/p>\n","protected":false},"author":1,"featured_media":0,"comment_status":"closed","ping_status":"open","sticky":false,"template":"","format":"standard","meta":{"_exactmetrics_skip_tracking":false,"_exactmetrics_sitenote_active":false,"_exactmetrics_sitenote_note":"","_exactmetrics_sitenote_category":0,"jetpack_post_was_ever_published":false,"_jetpack_newsletter_access":"","_jetpack_dont_email_post_to_subs":false,"_jetpack_newsletter_tier_id":0,"_jetpack_memberships_contains_paywalled_content":false,"_jetpack_memberships_contains_paid_content":false,"footnotes":"","jetpack_publicize_message":"","jetpack_publicize_feature_enabled":true,"jetpack_social_post_already_shared":true,"jetpack_social_options":{"image_generator_settings":{"template":"highway","enabled":false},"version":2}},"categories":[1],"tags":[],"class_list":["post-38030","post","type-post","status-publish","format-standard","hentry","category-notas"],"jetpack_publicize_connections":[],"jetpack_sharing_enabled":true,"jetpack_featured_media_url":"","jetpack_shortlink":"https:\/\/wp.me\/p7wKYW-9To","jetpack-related-posts":[],"_links":{"self":[{"href":"http:\/\/blogdalucianaoliveira.com.br\/blog\/wp-json\/wp\/v2\/posts\/38030","targetHints":{"allow":["GET"]}}],"collection":[{"href":"http:\/\/blogdalucianaoliveira.com.br\/blog\/wp-json\/wp\/v2\/posts"}],"about":[{"href":"http:\/\/blogdalucianaoliveira.com.br\/blog\/wp-json\/wp\/v2\/types\/post"}],"author":[{"embeddable":true,"href":"http:\/\/blogdalucianaoliveira.com.br\/blog\/wp-json\/wp\/v2\/users\/1"}],"replies":[{"embeddable":true,"href":"http:\/\/blogdalucianaoliveira.com.br\/blog\/wp-json\/wp\/v2\/comments?post=38030"}],"version-history":[{"count":1,"href":"http:\/\/blogdalucianaoliveira.com.br\/blog\/wp-json\/wp\/v2\/posts\/38030\/revisions"}],"predecessor-version":[{"id":38031,"href":"http:\/\/blogdalucianaoliveira.com.br\/blog\/wp-json\/wp\/v2\/posts\/38030\/revisions\/38031"}],"wp:attachment":[{"href":"http:\/\/blogdalucianaoliveira.com.br\/blog\/wp-json\/wp\/v2\/media?parent=38030"}],"wp:term":[{"taxonomy":"category","embeddable":true,"href":"http:\/\/blogdalucianaoliveira.com.br\/blog\/wp-json\/wp\/v2\/categories?post=38030"},{"taxonomy":"post_tag","embeddable":true,"href":"http:\/\/blogdalucianaoliveira.com.br\/blog\/wp-json\/wp\/v2\/tags?post=38030"}],"curies":[{"name":"wp","href":"https:\/\/api.w.org\/{rel}","templated":true}]}}