{"id":38032,"date":"2025-12-15T18:50:50","date_gmt":"2025-12-15T22:50:50","guid":{"rendered":"https:\/\/blogdalucianaoliveira.com.br\/blog\/?p=38032"},"modified":"2025-12-15T18:50:50","modified_gmt":"2025-12-15T22:50:50","slug":"politicas-de-direitos-humanos-ganham-folego-na-reta-final-do-governo-lula-com-fortalecimento-do-cndh-e-plano-de-protecao-a-defensores","status":"publish","type":"post","link":"http:\/\/blogdalucianaoliveira.com.br\/blog\/2025\/12\/15\/politicas-de-direitos-humanos-ganham-folego-na-reta-final-do-governo-lula-com-fortalecimento-do-cndh-e-plano-de-protecao-a-defensores\/","title":{"rendered":"Pol\u00edticas de direitos humanos ganham f\u00f4lego na reta final do governo Lula com fortalecimento do CNDH e plano de prote\u00e7\u00e3o a defensores"},"content":{"rendered":"<p><img data-recalc-dims=\"1\" loading=\"lazy\" decoding=\"async\" data-attachment-id=\"38033\" data-permalink=\"http:\/\/blogdalucianaoliveira.com.br\/blog\/2025\/12\/15\/politicas-de-direitos-humanos-ganham-folego-na-reta-final-do-governo-lula-com-fortalecimento-do-cndh-e-plano-de-protecao-a-defensores\/img_2530\/\" data-orig-file=\"https:\/\/i0.wp.com\/blogdalucianaoliveira.com.br\/blog\/wp-content\/uploads\/2025\/12\/IMG_2530.jpeg?fit=1536%2C1025\" data-orig-size=\"1536,1025\" data-comments-opened=\"0\" data-image-meta=\"{&quot;aperture&quot;:&quot;0&quot;,&quot;credit&quot;:&quot;Clarice Castro\\\/MDHC&quot;,&quot;camera&quot;:&quot;&quot;,&quot;caption&quot;:&quot;&quot;,&quot;created_timestamp&quot;:&quot;0&quot;,&quot;copyright&quot;:&quot;MDHC&quot;,&quot;focal_length&quot;:&quot;0&quot;,&quot;iso&quot;:&quot;0&quot;,&quot;shutter_speed&quot;:&quot;0&quot;,&quot;title&quot;:&quot;&quot;,&quot;orientation&quot;:&quot;0&quot;}\" data-image-title=\"IMG_2530\" data-image-description=\"\" data-image-caption=\"\" data-medium-file=\"https:\/\/i0.wp.com\/blogdalucianaoliveira.com.br\/blog\/wp-content\/uploads\/2025\/12\/IMG_2530.jpeg?fit=300%2C200\" data-large-file=\"https:\/\/i0.wp.com\/blogdalucianaoliveira.com.br\/blog\/wp-content\/uploads\/2025\/12\/IMG_2530.jpeg?fit=600%2C400\" class=\"alignnone size-medium wp-image-38033\" src=\"https:\/\/i0.wp.com\/blogdalucianaoliveira.com.br\/blog\/wp-content\/uploads\/2025\/12\/IMG_2530.jpeg?resize=300%2C200\" alt=\"\" width=\"300\" height=\"200\" srcset=\"https:\/\/i0.wp.com\/blogdalucianaoliveira.com.br\/blog\/wp-content\/uploads\/2025\/12\/IMG_2530.jpeg?resize=300%2C200 300w, https:\/\/i0.wp.com\/blogdalucianaoliveira.com.br\/blog\/wp-content\/uploads\/2025\/12\/IMG_2530.jpeg?resize=1024%2C683 1024w, https:\/\/i0.wp.com\/blogdalucianaoliveira.com.br\/blog\/wp-content\/uploads\/2025\/12\/IMG_2530.jpeg?resize=768%2C513 768w, https:\/\/i0.wp.com\/blogdalucianaoliveira.com.br\/blog\/wp-content\/uploads\/2025\/12\/IMG_2530.jpeg?resize=450%2C300 450w, https:\/\/i0.wp.com\/blogdalucianaoliveira.com.br\/blog\/wp-content\/uploads\/2025\/12\/IMG_2530.jpeg?w=1536 1536w, https:\/\/i0.wp.com\/blogdalucianaoliveira.com.br\/blog\/wp-content\/uploads\/2025\/12\/IMG_2530.jpeg?w=1200 1200w\" sizes=\"auto, (max-width: 300px) 100vw, 300px\" \/><\/p>\n<h2 class=\"elementor-heading-title elementor-size-default\">Governo aumenta protagonismo do Conselho e tenta ampliar or\u00e7amento para minist\u00e9rio<\/h2>\n<p><!--more--><\/p>\n<div class=\"elementor-element elementor-element-8136daa elementor-widget elementor-widget-theme-post-content\" data-id=\"8136daa\" data-element_type=\"widget\" data-widget_type=\"theme-post-content.default\">\n<div class=\"elementor-widget-container\">\n<p>Brasil de Fato &#8211; A segunda metade do governo Lula ficou marcada pela acelera\u00e7\u00e3o das pol\u00edticas de inclus\u00e3o no Brasil. Essa \u00e9 a percep\u00e7\u00e3o de movimentos e organiza\u00e7\u00f5es brasileiras que trabalham com os direitos humanos. A trajet\u00f3ria come\u00e7ou a ser solidificada no final de 2025, com a <a title=\"\" href=\"https:\/\/www.brasildefato.com.br\/2025\/12\/12\/cuidar-do-povo-brasileiro-lula-assina-plano-nacional-dos-defensores-de-direitos-humanos-e-anuncia-programas-de-protecao\/\">aprova\u00e7\u00e3o de programas do Minist\u00e9rio de Direitos Humanos durante a 13\u00aa Confer\u00eancia Nacional sobre o tema <\/a>e o fortalecimento do Conselho Nacional de Direitos Humanos (CNDH). Para representantes da sociedade civil, a guinada se d\u00e1 em resposta \u00e0 demanda de grupos e movimentos populares que cobram o car\u00e1ter progressista da gest\u00e3o petista.<\/p>\n<p>O come\u00e7o do mandato de Lula colocou no centro do debate um anseio que se expressou nas elei\u00e7\u00f5es de 2022. Mesmo antes de assumir, o presidente anunciou a recria\u00e7\u00e3o de minist\u00e9rios, o fortalecimento de institutos e organiza\u00e7\u00f5es e a retomada de pol\u00edticas de inclus\u00e3o. Depois de dois anos dando prioridade a uma pol\u00edtica econ\u00f4mica que equilibra as contas do pa\u00eds, o governo passou a pisar no acelerador e, faltando 1 ano para as elei\u00e7\u00f5es, voltou a acenar para uma das pautas priorit\u00e1rias para a esquerda brasileira.<\/p>\n<p>A aprova\u00e7\u00e3o do <a title=\"\" href=\"https:\/\/www.brasildefato.com.br\/2025\/12\/10\/dia-internacional-dos-direitos-humanos-brasil-precisa-de-articulacao-federal-para-combater-o-neonazismo\/\">Plano Nacional de Prote\u00e7\u00e3o a Defensores e Defensoras de Direitos Humanos<\/a> na \u00faltima sexta-feira (12) encerrou um ciclo de um ano de debates sobre o tema no governo, que passou a dar protagonismo ao CNDH. O grupo elaborou um documento de propostas e entregou ao Executivo, com 18 temas priorit\u00e1rios.<\/p>\n<div id=\"brasi-4117634220\" class=\"brasi-apos-paragrafo-3\">\n<div id=\"div-gpt-ad-artigos-medium_incontent_1\" class=\"ad-slot\"><\/div>\n<\/div>\n<p>A principal proposta \u00e9 a cria\u00e7\u00e3o do Sistema Nacional Integrado de Prote\u00e7\u00e3o, Apura\u00e7\u00e3o e Fiscaliza\u00e7\u00e3o de Direitos Humanos. Inspirado no Sistema \u00danico de Sa\u00fade (SUS) e na proposta do governo de instalar o Sistema \u00danico de Seguran\u00e7a P\u00fablico (SUSP), essa medida tem como objetivo integrar acolhimento, den\u00fancias, apura\u00e7\u00e3o, gera\u00e7\u00e3o de dados e fiscaliza\u00e7\u00e3o no pa\u00eds.<\/p>\n<p>A tend\u00eancia \u00e9 que esse projeto esteja no programa de governo para as elei\u00e7\u00f5es do ano que vem.<\/p>\n<div id=\"brasi-2200418221\" class=\"brasi-apos-paragrafo-5\">\n<div id=\"div-gpt-ad-artigos-medium_incontent_2\" class=\"ad-slot\"><\/div>\n<\/div>\n<h4 class=\"wp-block-heading\">Conselho como ferramenta<\/h4>\n<p>A elabora\u00e7\u00e3o desse projeto foi feita pelo Conselho, uma institui\u00e7\u00e3o que retomou import\u00e2ncia na gest\u00e3o p\u00fablica dos direitos humanos. O grupo que passou por ataques durante a gest\u00e3o de Jair Bolsonaro (PL) resistiu e agora tem a responsabilidade de elaborar programas que reflitam as demandas da sociedade.<\/p>\n<p>O CNDH foi criado inicialmente em mar\u00e7o de 1964, pouco antes do golpe militar, e foi institu\u00eddo como lei a partir de 2014. O grupo \u00e9 composto por 11 representantes da sociedade civil e 11 do poder p\u00fablico, garantindo paridade na tomada de decis\u00f5es.<\/p>\n<p>O fortalecimento do Conselho est\u00e1 diretamente relacionado a essa expans\u00e3o da pol\u00edtica p\u00fablica no pa\u00eds, j\u00e1 que atua na prote\u00e7\u00e3o e acolhe den\u00fancias de viola\u00e7\u00e3o de direitos humanos no Brasil. \u00c9 a organiza\u00e7\u00e3o que pode intervir, projetar e formular pol\u00edticas p\u00fablicas a n\u00edvel nacional.<\/p>\n<p>Depois da extin\u00e7\u00e3o do Minist\u00e9rio dos Direitos Humanos em 2019, o CNDH passou por momentos de enfrentamento ao governo Bolsonaro. Primeiro com a exonera\u00e7\u00e3o da coordenadora geral da entidade, Caroline Dias dos Reis, eleita pelo pr\u00f3prio Conselho. Depois. Depois, a ministra das Mulheres, Damares Alves, disse que as manifesta\u00e7\u00f5es do Conselho deveriam ser ignoradas e declarou que a entidade \u201cest\u00e1 longe de se preocupar com direitos humanos\u201d.<\/p>\n<p>Essa rela\u00e7\u00e3o ficou ainda mais tensa com a pandemia da covid-19. O Conselho denunciou as reiteradas a\u00e7\u00f5es e omiss\u00f5es da gest\u00e3o Bolsonaro, al\u00e9m da incita\u00e7\u00e3o constante \u00e0 exposi\u00e7\u00e3o da popula\u00e7\u00e3o ao v\u00edrus e da banaliza\u00e7\u00e3o das mortes.<\/p>\n<p>Darci Frigo \u00e9 advogado e ex-presidente do CNDH. De acordo com ele, o Conselho foi o principal respons\u00e1vel pela defesa dos direitos humanos de maneira institucional durante o governo Bolsonaro, especialmente pela articula\u00e7\u00e3o com os movimentos populares.<\/p>\n<p>\u201cO Conselho salvou a pol\u00edtica. O Conselho virou uma inst\u00e2ncia de press\u00e3o sobre o Minist\u00e9rio da Damares. Eles n\u00e3o conseguiram acabar com o Conselho por isso. Tinha a decis\u00e3o da Justi\u00e7a de fazer esse plano e o Bolsonaro n\u00e3o conseguiu fechar o Conselho. Foi um lugar que manteve a resist\u00eancia aos retrocessos e ainda cobrava aumento do or\u00e7amento\u201d, disse ao <strong>Brasil de Fato<\/strong>.<\/p>\n<p>O Minist\u00e9rio, no entanto, tamb\u00e9m passou por seu momento de crise durante a gest\u00e3o de Lula. O ex-ministro Silvio Almeida foi demitido depois de acusa\u00e7\u00f5es de ass\u00e9dio sexual feitas pela ONG Me Too, que <a title=\"\" href=\"https:\/\/www.brasildefato.com.br\/2024\/09\/06\/silvio-almeida-e-demitido-apos-denuncias-de-assedio-sexual\/\">afirma ter reunido o depoimento de mulheres que confirmando o caso<\/a>, entre elas a ministra da Igualdade Racial, Anielle Franco.<\/p>\n<p>Ele foi substitu\u00eddo por Maca\u00e9 Evaristo, mas as apura\u00e7\u00f5es contra o ex-ministro ainda n\u00e3o tiveram uma conclus\u00e3o.<\/p>\n<h4 class=\"wp-block-heading\">Campo e meio ambiente<\/h4>\n<p>Os principais desafios do CNDH em 2025 s\u00e3o as viola\u00e7\u00f5es de direitos humanos em disputa por territ\u00f3rios improdutivos. Amea\u00e7as, viol\u00eancia e assassinatos de lideran\u00e7as no campo s\u00e3o as principais formas que grileiros t\u00eam de tentar evitar ocupa\u00e7\u00f5es de espa\u00e7os improdutivos e a a\u00e7\u00e3o de movimentos populares que buscam a democratiza\u00e7\u00e3o do acesso \u00e0 terra no pa\u00eds.<\/p>\n<p>De acordo com <a title=\"\" href=\"https:\/\/terradedireitos.org.br\/nalinhadefrente\/\">levantamento dos grupos Terra de Direitos e da Justi\u00e7a Global<\/a>, em 2023 e 2024 foram 486 casos de viol\u00eancias e amea\u00e7as a defensores de direitos humanos e, desses casos, 80,9% s\u00e3o relativos \u00e0 terra, territ\u00f3rio e meio ambiente.<\/p>\n<p>Esses dados deram embasamento para a 10\u00aa proposta apresentada pela Confer\u00eancia: o estabelecimento de uma Pol\u00edtica Nacional de Justi\u00e7a Clim\u00e1tica com a participa\u00e7\u00e3o ativa de camponeses, ambientalistas e popula\u00e7\u00f5es vulner\u00e1veis.<\/p>\n<p>Uma das fun\u00e7\u00f5es do CNDH \u00e9 justamente fazer o monitoramento e enviar representantes para locais que enviam den\u00fancias de viola\u00e7\u00f5es aos direitos humanos.<\/p>\n<p>Um dos casos mais conhecidos que contou com a participa\u00e7\u00e3o do CNDH foi o do indigenista brasileiro Bruno Pereira e do jornalista brit\u00e2nico Dom Philips. Mortos durante uma expedi\u00e7\u00e3o no Vale do Javari, o Conselho participou das investiga\u00e7\u00f5es e diz que poderia ter evitado a morte dos dois se os trabalhos estivessem recebendo apoio do governo na ocasi\u00e3o, especialmente no monitoramento do trabalho deles, se tivesse feito o alerta na ocasi\u00e3o.<\/p>\n<p>Bruno Pereira e Dom Philips tiveram participa\u00e7\u00e3o importante no CNDH, ajudando a escrever uma resolu\u00e7\u00e3o sobre povos ind\u00edgenas isolados, um documento que norteia a pol\u00edtica p\u00fablica sobre o assunto.<\/p>\n<p>O brasileiro era servidor de carreira na Funda\u00e7\u00e3o Nacional dos Povos Ind\u00edgenas (Funai), mas teve que se afastar do trabalho por causa de persegui\u00e7\u00f5es pol\u00edticas. Depois da morte, o Conselho fez uma recomenda\u00e7\u00e3o pedindo o afastamento do ent\u00e3o presidente da Funai, Marcelo Augusto Xavier.<\/p>\n<p>\u201cSe tivesse o Plano Nacional de Prote\u00e7\u00e3o a Defensores e Defensoras de Direitos Humanos que aprovamos na semana passada e uma atua\u00e7\u00e3o forte e articulada, eles poderiam estar vivos com preven\u00e7\u00e3o\u201d, afirmou Frigo.<\/p>\n<p>A constru\u00e7\u00e3o do Plano come\u00e7ou a ser feita logo no in\u00edcio do governo Lula. O Grupo de Trabalho foi formado em novembro de 2023 e o documento foi finalizado em 12 de dezembro de 2024. Um ano depois, o texto foi sancionado pelo governo e promove uma articula\u00e7\u00e3o entre diferentes minist\u00e9rios para uma atua\u00e7\u00e3o conjunta e com respostas r\u00e1pidas \u00e0s demandas dos profissionais que atuam nessa defesa.<\/p>\n<h4 class=\"wp-block-heading\">Lacunas<\/h4>\n<p>Mesmo com a aprova\u00e7\u00e3o do plano, quem atua no Conselho entende que ainda \u00e9 preciso fortalecer os trabalhos para que o CNDH tenha uma atua\u00e7\u00e3o contundente. Lara Estev\u00e3o \u00e9 conselheira nacional e integrante da Comiss\u00e3o Pastoral da Terra e afirma que uma das principais demandas \u00e9 pelo aumento do or\u00e7amento. Ela afirma que, da forma que est\u00e1, \u00e9 dif\u00edcil cumprir urgentes que surgem ao longo do ano.<\/p>\n<p>Os recursos do conselho est\u00e3o vinculados ao Minist\u00e9rio dos Direitos Humanos. A pasta chegou a ter de R$ 297,9 milh\u00f5es de or\u00e7amento em 2023 e R$ 412 milh\u00f5es em 2024. Em 2025 esse valor subiu para R$ 502 milh\u00f5es. Ainda assim, os valores repassados ao Conselho s\u00e3o vistos como insuficientes.<\/p>\n<p>\u201cEm que pese a autonomia, o or\u00e7amento \u00e9 ligado ao or\u00e7amento do Minist\u00e9rio e ainda \u00e9 muito aqu\u00e9m do que deveria. N\u00e3o conseguimos atingir todas as den\u00fancias que recebemos. N\u00e3o conseguimos dar resposta, porque impactam o pessoal, infraestrutura e compra de passagens. Esse \u00e9 o principal desafio, mas o externo \u00e9 a intensifica\u00e7\u00e3o das viola\u00e7\u00f5es de DH no Brasil. Aumento de viol\u00eancia no campo, por exemplo. Atuamos de imediato\u201d, afirmou ao <strong>Brasil de Fato<\/strong>.<\/p>\n<p>Com maiores recursos, ela entende que seria poss\u00edvel ter um sistema de ouvidorias eficiente, que responderia \u00e0s den\u00fancias de maneira imediata.<\/p>\n<div id=\"brasi-4060041544\" class=\"brasi-fim-do-conteudo\">\n<div id=\"div-gpt-ad-artigos-leaderboard_content_end\" class=\"ad-slot\"><\/div>\n<\/div>\n<\/div>\n<\/div>\n<div class=\"elementor-element elementor-element-6950de8 elementor-widget elementor-widget-text-editor\" data-id=\"6950de8\" data-element_type=\"widget\" data-widget_type=\"text-editor.default\">\n<div class=\"elementor-widget-container\">Editado por: Nathallia Fonseca<\/div>\n<\/div>\n","protected":false},"excerpt":{"rendered":"<p>Governo aumenta protagonismo do Conselho e tenta ampliar or\u00e7amento para minist\u00e9rio<\/p>\n","protected":false},"author":1,"featured_media":0,"comment_status":"closed","ping_status":"open","sticky":false,"template":"","format":"standard","meta":{"_exactmetrics_skip_tracking":false,"_exactmetrics_sitenote_active":false,"_exactmetrics_sitenote_note":"","_exactmetrics_sitenote_category":0,"jetpack_post_was_ever_published":false,"_jetpack_newsletter_access":"","_jetpack_dont_email_post_to_subs":false,"_jetpack_newsletter_tier_id":0,"_jetpack_memberships_contains_paywalled_content":false,"_jetpack_memberships_contains_paid_content":false,"footnotes":"","jetpack_publicize_message":"","jetpack_publicize_feature_enabled":true,"jetpack_social_post_already_shared":true,"jetpack_social_options":{"image_generator_settings":{"template":"highway","enabled":false},"version":2}},"categories":[1],"tags":[317,78,1600],"class_list":["post-38032","post","type-post","status-publish","format-standard","hentry","category-notas","tag-direitos-humanos","tag-lula","tag-politicas"],"jetpack_publicize_connections":[],"jetpack_sharing_enabled":true,"jetpack_featured_media_url":"","jetpack_shortlink":"https:\/\/wp.me\/p7wKYW-9Tq","jetpack-related-posts":[],"_links":{"self":[{"href":"http:\/\/blogdalucianaoliveira.com.br\/blog\/wp-json\/wp\/v2\/posts\/38032","targetHints":{"allow":["GET"]}}],"collection":[{"href":"http:\/\/blogdalucianaoliveira.com.br\/blog\/wp-json\/wp\/v2\/posts"}],"about":[{"href":"http:\/\/blogdalucianaoliveira.com.br\/blog\/wp-json\/wp\/v2\/types\/post"}],"author":[{"embeddable":true,"href":"http:\/\/blogdalucianaoliveira.com.br\/blog\/wp-json\/wp\/v2\/users\/1"}],"replies":[{"embeddable":true,"href":"http:\/\/blogdalucianaoliveira.com.br\/blog\/wp-json\/wp\/v2\/comments?post=38032"}],"version-history":[{"count":1,"href":"http:\/\/blogdalucianaoliveira.com.br\/blog\/wp-json\/wp\/v2\/posts\/38032\/revisions"}],"predecessor-version":[{"id":38034,"href":"http:\/\/blogdalucianaoliveira.com.br\/blog\/wp-json\/wp\/v2\/posts\/38032\/revisions\/38034"}],"wp:attachment":[{"href":"http:\/\/blogdalucianaoliveira.com.br\/blog\/wp-json\/wp\/v2\/media?parent=38032"}],"wp:term":[{"taxonomy":"category","embeddable":true,"href":"http:\/\/blogdalucianaoliveira.com.br\/blog\/wp-json\/wp\/v2\/categories?post=38032"},{"taxonomy":"post_tag","embeddable":true,"href":"http:\/\/blogdalucianaoliveira.com.br\/blog\/wp-json\/wp\/v2\/tags?post=38032"}],"curies":[{"name":"wp","href":"https:\/\/api.w.org\/{rel}","templated":true}]}}