{"id":38035,"date":"2025-12-15T18:56:06","date_gmt":"2025-12-15T22:56:06","guid":{"rendered":"https:\/\/blogdalucianaoliveira.com.br\/blog\/?p=38035"},"modified":"2025-12-15T18:56:06","modified_gmt":"2025-12-15T22:56:06","slug":"stf-tem-dois-votos-contra-marco-temporal-de-terras-indigenas","status":"publish","type":"post","link":"http:\/\/blogdalucianaoliveira.com.br\/blog\/2025\/12\/15\/stf-tem-dois-votos-contra-marco-temporal-de-terras-indigenas\/","title":{"rendered":"STF tem dois votos contra marco temporal de terras ind\u00edgenas"},"content":{"rendered":"<p><img data-recalc-dims=\"1\" loading=\"lazy\" decoding=\"async\" data-attachment-id=\"38036\" data-permalink=\"http:\/\/blogdalucianaoliveira.com.br\/blog\/2025\/12\/15\/stf-tem-dois-votos-contra-marco-temporal-de-terras-indigenas\/img_2531\/\" data-orig-file=\"https:\/\/i0.wp.com\/blogdalucianaoliveira.com.br\/blog\/wp-content\/uploads\/2025\/12\/IMG_2531.webp?fit=1170%2C700\" data-orig-size=\"1170,700\" data-comments-opened=\"0\" data-image-meta=\"{&quot;aperture&quot;:&quot;0&quot;,&quot;credit&quot;:&quot;&quot;,&quot;camera&quot;:&quot;&quot;,&quot;caption&quot;:&quot;&quot;,&quot;created_timestamp&quot;:&quot;0&quot;,&quot;copyright&quot;:&quot;&quot;,&quot;focal_length&quot;:&quot;0&quot;,&quot;iso&quot;:&quot;0&quot;,&quot;shutter_speed&quot;:&quot;0&quot;,&quot;title&quot;:&quot;&quot;,&quot;orientation&quot;:&quot;0&quot;}\" data-image-title=\"IMG_2531\" data-image-description=\"\" data-image-caption=\"\" data-medium-file=\"https:\/\/i0.wp.com\/blogdalucianaoliveira.com.br\/blog\/wp-content\/uploads\/2025\/12\/IMG_2531.webp?fit=300%2C179\" data-large-file=\"https:\/\/i0.wp.com\/blogdalucianaoliveira.com.br\/blog\/wp-content\/uploads\/2025\/12\/IMG_2531.webp?fit=600%2C359\" class=\"alignnone size-medium wp-image-38036\" src=\"https:\/\/i0.wp.com\/blogdalucianaoliveira.com.br\/blog\/wp-content\/uploads\/2025\/12\/IMG_2531.webp?resize=300%2C179\" alt=\"\" width=\"300\" height=\"179\" srcset=\"https:\/\/i0.wp.com\/blogdalucianaoliveira.com.br\/blog\/wp-content\/uploads\/2025\/12\/IMG_2531.webp?resize=300%2C179 300w, https:\/\/i0.wp.com\/blogdalucianaoliveira.com.br\/blog\/wp-content\/uploads\/2025\/12\/IMG_2531.webp?resize=1024%2C613 1024w, https:\/\/i0.wp.com\/blogdalucianaoliveira.com.br\/blog\/wp-content\/uploads\/2025\/12\/IMG_2531.webp?resize=768%2C459 768w, https:\/\/i0.wp.com\/blogdalucianaoliveira.com.br\/blog\/wp-content\/uploads\/2025\/12\/IMG_2531.webp?resize=501%2C300 501w, https:\/\/i0.wp.com\/blogdalucianaoliveira.com.br\/blog\/wp-content\/uploads\/2025\/12\/IMG_2531.webp?w=1170 1170w\" sizes=\"auto, (max-width: 300px) 100vw, 300px\" \/><\/p>\n<p>Votos foram proferidos pelos ministros Gilmar Mendes e Fl\u00e1vio Dino<!--more--><\/p>\n<p><strong>Ag\u00eancia Brasil &#8211; O Supremo Tribunal Federal (STF) registrou nesta segunda-feira (15) dois votos pela inconstitucionalidade\u00a0 do marco temporal para demarca\u00e7\u00e3o de terras ind\u00edgenas.<\/strong><img data-recalc-dims=\"1\" decoding=\"async\" src=\"https:\/\/i0.wp.com\/agenciabrasil.ebc.com.br\/ebc.png?w=600&#038;ssl=1\" \/><img data-recalc-dims=\"1\" decoding=\"async\" src=\"https:\/\/i0.wp.com\/agenciabrasil.ebc.com.br\/ebc.gif?w=600&#038;ssl=1\" \/><\/p>\n<p><strong>Os votos foram proferidos pelos ministros Gilmar Mendes, relator, e Flavio Dino, durante sess\u00e3o do plen\u00e1rio virtual da Corte que julga quatro processos sobre a quest\u00e3o.<\/strong><\/p>\n<p>Em sua manifesta\u00e7\u00e3o, Mendes considerou o marco temporal inconstitucional. <strong>No entendimento do ministro, o Legislativo n\u00e3o pode reduzir direitos assegurados aos povos ind\u00edgenas.<\/strong><\/p>\n<blockquote><p>\u201cA imposi\u00e7\u00e3o do marco temporal implicaria restri\u00e7\u00e3o indevida ao princ\u00edpio da veda\u00e7\u00e3o ao retrocesso e \u00e0 prote\u00e7\u00e3o insuficiente dos direitos fundamentais\u201d, afirmou.<\/p><\/blockquote>\n<p>O ministro tamb\u00e9m determinou que todas as demarca\u00e7\u00f5es de terras ind\u00edgenas devem ser conclu\u00eddas no prazo de dez anos.<\/p>\n<p><strong>Fl\u00e1vio Dino acompanhou o relator e disse que a prote\u00e7\u00e3o constitucional aos ind\u00edgenas independe da exist\u00eancia de um marco temporal.<\/strong><\/p>\n<blockquote><p>\u201cQualquer tentativa de condicionar a demarca\u00e7\u00e3o de terras ind\u00edgenas \u00e0 data da promulga\u00e7\u00e3o da Constitui\u00e7\u00e3o de 1988 afronta o texto constitucional e a jurisprud\u00eancia consolidada pelo Supremo Tribunal Federal\u201d, completou.<\/p><\/blockquote>\n<p><strong>A vota\u00e7\u00e3o ficar\u00e1 aberta at\u00e9 quinta-feira,18, \u00e0s 23h59. Faltam oito votos.<\/strong><\/p>\n<h2>Entenda<\/h2>\n<p>Dois anos ap\u00f3s a Corte declarar o marco inconstitucional, os ministros voltaram a analisar o tema.<\/p>\n<p><strong>Em 2023, o STF considerou que o marco\u00a0temporal \u00e9 inconstitucional. Al\u00e9m disso, o marco tamb\u00e9m foi barrado pelo presidente Luiz In\u00e1cio Lula da Silva, que vetou parte da Lei 14.701\/2023 , na qual o Congresso validou a regra. <\/strong>Contudo, os parlamentares derrubaram o veto de Lula.<\/p>\n<p>Dessa forma, voltou a prevalecer o entendimento de que os ind\u00edgenas somente t\u00eam direito \u00e0s terras que estavam em sua posse no dia 5 de outubro de 1988, data da promulga\u00e7\u00e3o da Constitui\u00e7\u00e3o Federal, ou que estavam em disputa judicial na \u00e9poca.<\/p>\n<p><strong>Ap\u00f3s a vota\u00e7\u00e3o do veto presidencial, o PL, o PP e o Republicanos protocolaram no STF a\u00e7\u00f5es para manter a validade do projeto de lei que reconheceu a tese do marco\u00a0temporal.<\/strong><\/p>\n<p>Por outro lado, entidades que representam os ind\u00edgenas e partidos governistas tamb\u00e9m recorreram ao Supremo para contestar novamente a constitucionalidade da tese.<\/p>\n<h2>Senado<\/h2>\n<p>Em paralelo ao julgamento do Supremo,\u00a0 o Senado aprovou na semana passada a proposta de Emenda \u00e0 Constitui\u00e7\u00e3o (PEC) 48\/23 que insere a tese do marco temporal na Carta Magna.<\/p>\n","protected":false},"excerpt":{"rendered":"<p>Votos foram proferidos pelos ministros Gilmar Mendes e Fl\u00e1vio Dino<\/p>\n","protected":false},"author":1,"featured_media":0,"comment_status":"closed","ping_status":"open","sticky":false,"template":"","format":"standard","meta":{"_exactmetrics_skip_tracking":false,"_exactmetrics_sitenote_active":false,"_exactmetrics_sitenote_note":"","_exactmetrics_sitenote_category":0,"jetpack_post_was_ever_published":false,"_jetpack_newsletter_access":"","_jetpack_dont_email_post_to_subs":false,"_jetpack_newsletter_tier_id":0,"_jetpack_memberships_contains_paywalled_content":false,"_jetpack_memberships_contains_paid_content":false,"footnotes":"","jetpack_publicize_message":"","jetpack_publicize_feature_enabled":true,"jetpack_social_post_already_shared":true,"jetpack_social_options":{"image_generator_settings":{"template":"highway","enabled":false},"version":2}},"categories":[1],"tags":[902,305,30],"class_list":["post-38035","post","type-post","status-publish","format-standard","hentry","category-notas","tag-julgamento","tag-marco-temporal","tag-stf"],"jetpack_publicize_connections":[],"jetpack_sharing_enabled":true,"jetpack_featured_media_url":"","jetpack_shortlink":"https:\/\/wp.me\/p7wKYW-9Tt","jetpack-related-posts":[],"_links":{"self":[{"href":"http:\/\/blogdalucianaoliveira.com.br\/blog\/wp-json\/wp\/v2\/posts\/38035","targetHints":{"allow":["GET"]}}],"collection":[{"href":"http:\/\/blogdalucianaoliveira.com.br\/blog\/wp-json\/wp\/v2\/posts"}],"about":[{"href":"http:\/\/blogdalucianaoliveira.com.br\/blog\/wp-json\/wp\/v2\/types\/post"}],"author":[{"embeddable":true,"href":"http:\/\/blogdalucianaoliveira.com.br\/blog\/wp-json\/wp\/v2\/users\/1"}],"replies":[{"embeddable":true,"href":"http:\/\/blogdalucianaoliveira.com.br\/blog\/wp-json\/wp\/v2\/comments?post=38035"}],"version-history":[{"count":1,"href":"http:\/\/blogdalucianaoliveira.com.br\/blog\/wp-json\/wp\/v2\/posts\/38035\/revisions"}],"predecessor-version":[{"id":38037,"href":"http:\/\/blogdalucianaoliveira.com.br\/blog\/wp-json\/wp\/v2\/posts\/38035\/revisions\/38037"}],"wp:attachment":[{"href":"http:\/\/blogdalucianaoliveira.com.br\/blog\/wp-json\/wp\/v2\/media?parent=38035"}],"wp:term":[{"taxonomy":"category","embeddable":true,"href":"http:\/\/blogdalucianaoliveira.com.br\/blog\/wp-json\/wp\/v2\/categories?post=38035"},{"taxonomy":"post_tag","embeddable":true,"href":"http:\/\/blogdalucianaoliveira.com.br\/blog\/wp-json\/wp\/v2\/tags?post=38035"}],"curies":[{"name":"wp","href":"https:\/\/api.w.org\/{rel}","templated":true}]}}