{"id":38038,"date":"2025-12-15T19:06:12","date_gmt":"2025-12-15T23:06:12","guid":{"rendered":"https:\/\/blogdalucianaoliveira.com.br\/blog\/?p=38038"},"modified":"2025-12-15T19:06:12","modified_gmt":"2025-12-15T23:06:12","slug":"em-ji-parana-claudia-de-jesus-destaca-acoes-e-investimentos-do-mandato","status":"publish","type":"post","link":"http:\/\/blogdalucianaoliveira.com.br\/blog\/2025\/12\/15\/em-ji-parana-claudia-de-jesus-destaca-acoes-e-investimentos-do-mandato\/","title":{"rendered":"Em Ji-Paran\u00e1, Cl\u00e1udia de Jesus destaca a\u00e7\u00f5es e investimentos do mandato"},"content":{"rendered":"<p><img data-recalc-dims=\"1\" loading=\"lazy\" decoding=\"async\" data-attachment-id=\"38040\" data-permalink=\"http:\/\/blogdalucianaoliveira.com.br\/blog\/2025\/12\/15\/em-ji-parana-claudia-de-jesus-destaca-acoes-e-investimentos-do-mandato\/img_2534\/\" data-orig-file=\"https:\/\/i0.wp.com\/blogdalucianaoliveira.com.br\/blog\/wp-content\/uploads\/2025\/12\/IMG_2534.jpeg?fit=1147%2C638\" data-orig-size=\"1147,638\" data-comments-opened=\"0\" data-image-meta=\"{&quot;aperture&quot;:&quot;0&quot;,&quot;credit&quot;:&quot;&quot;,&quot;camera&quot;:&quot;&quot;,&quot;caption&quot;:&quot;&quot;,&quot;created_timestamp&quot;:&quot;0&quot;,&quot;copyright&quot;:&quot;&quot;,&quot;focal_length&quot;:&quot;0&quot;,&quot;iso&quot;:&quot;0&quot;,&quot;shutter_speed&quot;:&quot;0&quot;,&quot;title&quot;:&quot;&quot;,&quot;orientation&quot;:&quot;1&quot;}\" data-image-title=\"IMG_2534\" data-image-description=\"\" data-image-caption=\"\" data-medium-file=\"https:\/\/i0.wp.com\/blogdalucianaoliveira.com.br\/blog\/wp-content\/uploads\/2025\/12\/IMG_2534.jpeg?fit=300%2C167\" data-large-file=\"https:\/\/i0.wp.com\/blogdalucianaoliveira.com.br\/blog\/wp-content\/uploads\/2025\/12\/IMG_2534.jpeg?fit=600%2C334\" class=\"alignnone size-medium wp-image-38040\" src=\"https:\/\/i0.wp.com\/blogdalucianaoliveira.com.br\/blog\/wp-content\/uploads\/2025\/12\/IMG_2534.jpeg?resize=300%2C167\" alt=\"\" width=\"300\" height=\"167\" srcset=\"https:\/\/i0.wp.com\/blogdalucianaoliveira.com.br\/blog\/wp-content\/uploads\/2025\/12\/IMG_2534.jpeg?resize=300%2C167 300w, https:\/\/i0.wp.com\/blogdalucianaoliveira.com.br\/blog\/wp-content\/uploads\/2025\/12\/IMG_2534.jpeg?resize=1024%2C570 1024w, https:\/\/i0.wp.com\/blogdalucianaoliveira.com.br\/blog\/wp-content\/uploads\/2025\/12\/IMG_2534.jpeg?resize=768%2C427 768w, https:\/\/i0.wp.com\/blogdalucianaoliveira.com.br\/blog\/wp-content\/uploads\/2025\/12\/IMG_2534.jpeg?resize=539%2C300 539w, https:\/\/i0.wp.com\/blogdalucianaoliveira.com.br\/blog\/wp-content\/uploads\/2025\/12\/IMG_2534.jpeg?w=1147 1147w\" sizes=\"auto, (max-width: 300px) 100vw, 300px\" \/><\/p>\n<p><strong><br \/>\nEncontro reuniu popula\u00e7\u00e3o, lideran\u00e7as e apoiadores para balan\u00e7o do mandato<\/strong><!--more--><\/p>\n<p>A deputada estadual Cl\u00e1udia de Jesus (PT) realizou, na noite desta sexta-feira (12), a presta\u00e7\u00e3o de contas do mandato em Ji-Paran\u00e1, no Sesc Clementina, reunindo moradores, lideran\u00e7as comunit\u00e1rias e apoiadores, refor\u00e7ando o compromisso com a transpar\u00eancia, o di\u00e1logo e a participa\u00e7\u00e3o popular.<\/p>\n<p>Durante a apresenta\u00e7\u00e3o, a parlamentar destacou o car\u00e1ter popular e participativo do mandato, com atua\u00e7\u00e3o em 49 dos 52 munic\u00edpios de Rond\u00f4nia e a meta de alcan\u00e7ar todos at\u00e9 o final de 2026. Cl\u00e1udia de Jesus ressaltou ainda a libera\u00e7\u00e3o de mais de R$ 43 milh\u00f5es em investimentos para os munic\u00edpios, contemplando \u00e1reas como sa\u00fade, educa\u00e7\u00e3o, agricultura, infraestrutura, seguran\u00e7a, esporte, cultura e assist\u00eancia social.<\/p>\n<p>Em rela\u00e7\u00e3o a Ji-Paran\u00e1, a deputada apresentou os principais investimentos destinados ao munic\u00edpio, como R$ 3,5 milh\u00f5es para a constru\u00e7\u00e3o da Creche do bairro Primavera, R$ 2,2 milh\u00f5es para a UBS do distrito de Nova Londrina, R$ 1,5 milh\u00e3o para motocicletas dos agentes comunit\u00e1rios de sa\u00fade, al\u00e9m de recursos para a Unicafes e a Aproflora. Ao longo de tr\u00eas anos, o munic\u00edpio recebeu mais de R$ 14 milh\u00f5es do or\u00e7amento pr\u00f3prio do mandato, incluindo incentivo ao esporte e previs\u00e3o de reforma da pra\u00e7a do Jardim dos Migrantes.<\/p>\n<p>Presente no evento, o vereador Licom\u00e9dio Pereira parabenizou a deputada pelo mandato e destacou a atua\u00e7\u00e3o em defesa de Ji-Paran\u00e1 no Legislativo estadual, ressaltando a garantia de recursos e o encaminhamento das demandas locais \u00e0 Assembleia Legislativa.<\/p>\n<p>Em sua fala, Cl\u00e1udia de Jesus refor\u00e7ou a responsabilidade de prestar contas. \u201cEu preciso prestar contas a quem eu devo, que \u00e9 a popula\u00e7\u00e3o. Prestar contas das a\u00e7\u00f5es, das emendas, das leis e das demandas ao governo \u00e9 uma obriga\u00e7\u00e3o do mandato. O respeito \u00e0s pessoas e \u00e0s diversidades faz parte da minha vida e da minha atua\u00e7\u00e3o como deputada\u201d, afirmou.<\/p>\n<p>A presta\u00e7\u00e3o de contas integra uma s\u00e9rie de encontros realizados pela parlamentar em diferentes regi\u00f5es do estado.<\/p>\n<p>Principais investimentos do mandato em Ji-Paran\u00e1<\/p>\n<p>Creche Primavera (2025) \u2013 R$ 3,5 milh\u00f5es (recurso pago)<\/p>\n<p>UBS Nova Londrina (2025) \u2013 R$ 2,2 milh\u00f5es (empenhado)<\/p>\n<p>Motos para Agentes Comunit\u00e1rios de Sa\u00fade \u2013 ACS (2023) \u2013 R$ 1,5 milh\u00e3o (pago)<\/p>\n<p>UNICAFES (2024) \u2013 R$ 300 mil (pago)<\/p>\n<p>APROFLORA (2024) \u2013 R$ 284.350 (pago)<\/p>\n<p>Total investido em Ji-Paran\u00e1: mais de R$ 14 milh\u00f5es em tr\u00eas anos de mandato.<\/p>\n","protected":false},"excerpt":{"rendered":"<p>Encontro reuniu popula\u00e7\u00e3o, lideran\u00e7as e apoiadores para balan\u00e7o do mandato<\/p>\n","protected":false},"author":1,"featured_media":0,"comment_status":"closed","ping_status":"open","sticky":false,"template":"","format":"standard","meta":{"_exactmetrics_skip_tracking":false,"_exactmetrics_sitenote_active":false,"_exactmetrics_sitenote_note":"","_exactmetrics_sitenote_category":0,"jetpack_post_was_ever_published":false,"_jetpack_newsletter_access":"","_jetpack_dont_email_post_to_subs":false,"_jetpack_newsletter_tier_id":0,"_jetpack_memberships_contains_paywalled_content":false,"_jetpack_memberships_contains_paid_content":false,"footnotes":"","jetpack_publicize_message":"","jetpack_publicize_feature_enabled":true,"jetpack_social_post_already_shared":true,"jetpack_social_options":{"image_generator_settings":{"template":"highway","enabled":false},"version":2}},"categories":[1],"tags":[1429,1515,1598],"class_list":["post-38038","post","type-post","status-publish","format-standard","hentry","category-notas","tag-deputada-claudia-de-jesus","tag-ji-parana","tag-prestacao-de-contas"],"jetpack_publicize_connections":[],"jetpack_sharing_enabled":true,"jetpack_featured_media_url":"","jetpack_shortlink":"https:\/\/wp.me\/p7wKYW-9Tw","jetpack-related-posts":[],"_links":{"self":[{"href":"http:\/\/blogdalucianaoliveira.com.br\/blog\/wp-json\/wp\/v2\/posts\/38038","targetHints":{"allow":["GET"]}}],"collection":[{"href":"http:\/\/blogdalucianaoliveira.com.br\/blog\/wp-json\/wp\/v2\/posts"}],"about":[{"href":"http:\/\/blogdalucianaoliveira.com.br\/blog\/wp-json\/wp\/v2\/types\/post"}],"author":[{"embeddable":true,"href":"http:\/\/blogdalucianaoliveira.com.br\/blog\/wp-json\/wp\/v2\/users\/1"}],"replies":[{"embeddable":true,"href":"http:\/\/blogdalucianaoliveira.com.br\/blog\/wp-json\/wp\/v2\/comments?post=38038"}],"version-history":[{"count":1,"href":"http:\/\/blogdalucianaoliveira.com.br\/blog\/wp-json\/wp\/v2\/posts\/38038\/revisions"}],"predecessor-version":[{"id":38041,"href":"http:\/\/blogdalucianaoliveira.com.br\/blog\/wp-json\/wp\/v2\/posts\/38038\/revisions\/38041"}],"wp:attachment":[{"href":"http:\/\/blogdalucianaoliveira.com.br\/blog\/wp-json\/wp\/v2\/media?parent=38038"}],"wp:term":[{"taxonomy":"category","embeddable":true,"href":"http:\/\/blogdalucianaoliveira.com.br\/blog\/wp-json\/wp\/v2\/categories?post=38038"},{"taxonomy":"post_tag","embeddable":true,"href":"http:\/\/blogdalucianaoliveira.com.br\/blog\/wp-json\/wp\/v2\/tags?post=38038"}],"curies":[{"name":"wp","href":"https:\/\/api.w.org\/{rel}","templated":true}]}}