{"id":38042,"date":"2025-12-16T14:37:53","date_gmt":"2025-12-16T18:37:53","guid":{"rendered":"https:\/\/blogdalucianaoliveira.com.br\/blog\/?p=38042"},"modified":"2025-12-16T14:37:53","modified_gmt":"2025-12-16T18:37:53","slug":"brasil-avanca-na-adaptacao-climatica-com-o-primeiro-centro-de-clima-e-saude-do-pais-instalado-em-rondonia","status":"publish","type":"post","link":"http:\/\/blogdalucianaoliveira.com.br\/blog\/2025\/12\/16\/brasil-avanca-na-adaptacao-climatica-com-o-primeiro-centro-de-clima-e-saude-do-pais-instalado-em-rondonia\/","title":{"rendered":"Brasil avan\u00e7a na adapta\u00e7\u00e3o clim\u00e1tica com o primeiro Centro de Clima e Sa\u00fade do pa\u00eds instalado em Rond\u00f4nia"},"content":{"rendered":"<p><img data-recalc-dims=\"1\" loading=\"lazy\" decoding=\"async\" data-attachment-id=\"38047\" data-permalink=\"http:\/\/blogdalucianaoliveira.com.br\/blog\/2025\/12\/16\/brasil-avanca-na-adaptacao-climatica-com-o-primeiro-centro-de-clima-e-saude-do-pais-instalado-em-rondonia\/img_2639\/\" data-orig-file=\"https:\/\/i0.wp.com\/blogdalucianaoliveira.com.br\/blog\/wp-content\/uploads\/2025\/12\/IMG_2639.jpeg?fit=1078%2C616\" data-orig-size=\"1078,616\" data-comments-opened=\"0\" data-image-meta=\"{&quot;aperture&quot;:&quot;0&quot;,&quot;credit&quot;:&quot;&quot;,&quot;camera&quot;:&quot;&quot;,&quot;caption&quot;:&quot;&quot;,&quot;created_timestamp&quot;:&quot;0&quot;,&quot;copyright&quot;:&quot;&quot;,&quot;focal_length&quot;:&quot;0&quot;,&quot;iso&quot;:&quot;0&quot;,&quot;shutter_speed&quot;:&quot;0&quot;,&quot;title&quot;:&quot;&quot;,&quot;orientation&quot;:&quot;1&quot;}\" data-image-title=\"IMG_2639\" data-image-description=\"\" data-image-caption=\"\" data-medium-file=\"https:\/\/i0.wp.com\/blogdalucianaoliveira.com.br\/blog\/wp-content\/uploads\/2025\/12\/IMG_2639.jpeg?fit=300%2C171\" data-large-file=\"https:\/\/i0.wp.com\/blogdalucianaoliveira.com.br\/blog\/wp-content\/uploads\/2025\/12\/IMG_2639.jpeg?fit=600%2C343\" class=\"alignnone size-medium wp-image-38047\" src=\"https:\/\/i0.wp.com\/blogdalucianaoliveira.com.br\/blog\/wp-content\/uploads\/2025\/12\/IMG_2639.jpeg?resize=300%2C171\" alt=\"\" width=\"300\" height=\"171\" srcset=\"https:\/\/i0.wp.com\/blogdalucianaoliveira.com.br\/blog\/wp-content\/uploads\/2025\/12\/IMG_2639.jpeg?resize=300%2C171 300w, https:\/\/i0.wp.com\/blogdalucianaoliveira.com.br\/blog\/wp-content\/uploads\/2025\/12\/IMG_2639.jpeg?resize=1024%2C585 1024w, https:\/\/i0.wp.com\/blogdalucianaoliveira.com.br\/blog\/wp-content\/uploads\/2025\/12\/IMG_2639.jpeg?resize=768%2C439 768w, https:\/\/i0.wp.com\/blogdalucianaoliveira.com.br\/blog\/wp-content\/uploads\/2025\/12\/IMG_2639.jpeg?resize=525%2C300 525w, https:\/\/i0.wp.com\/blogdalucianaoliveira.com.br\/blog\/wp-content\/uploads\/2025\/12\/IMG_2639.jpeg?w=1078 1078w\" sizes=\"auto, (max-width: 300px) 100vw, 300px\" \/><\/p>\n<p>O Centro com foco na regi\u00e3o amaz\u00f4nica integra estrat\u00e9gias apresentadas na COP30 e consolida legados da confer\u00eancia para a sa\u00fade p\u00fablica do pa\u00eds<!--more--><\/p>\n<p style=\"font-weight: 400;\"><span data-contrast=\"auto\">O ministro da Sa\u00fade, Alexandre Padilha, lan\u00e7ou nesta ter\u00e7a-feira (16), em Porto Velho (RO), o primeiro Centro de Clima e Sa\u00fade (CCSRO) do pa\u00eds com foco territorial na Amaz\u00f4nia.\u00a0\u00a0Instalado na nova sede da Fiocruz tamb\u00e9m inaugurada hoje, o centro integra o conjunto de 27 metas e 93 a\u00e7\u00f5es previstas at\u00e9 2035 no \u00e2mbito do AdaptaSUS, Plano Nacional de Adapta\u00e7\u00e3o do Setor Sa\u00fade \u00e0s Mudan\u00e7as Clim\u00e1ticas, apresentado durante a COP30, que aconteceu em Bel\u00e9m (PA) em novembro. O investimento na iniciativa, que amplia a lideran\u00e7a brasileira nas agendas globais de sa\u00fade e adapta\u00e7\u00e3o clim\u00e1tica, \u00e9 de aproximadamente R$ 60 milh\u00f5es, com recursos do Minist\u00e9rio da Sa\u00fade e da Fiocruz.<\/span><span data-ccp-props=\"{&quot;134233117&quot;:true,&quot;134233118&quot;:true,&quot;201341983&quot;:0,&quot;335551550&quot;:6,&quot;335551620&quot;:6,&quot;335559731&quot;:0,&quot;335559739&quot;:0,&quot;335559740&quot;:240}\">\u00a0<\/span><\/p>\n<p style=\"font-weight: 400;\"><span data-contrast=\"auto\">\u201cO Minist\u00e9rio da Sa\u00fade j\u00e1 demonstrou, na COP30, que as mudan\u00e7as clim\u00e1ticas impactam diretamente a sa\u00fade, e este Centro permitir\u00e1 o acompanhamento sistem\u00e1tico desses dados, al\u00e9m de possibilitar que as secretarias de sa\u00fade planejem a\u00e7\u00f5es para reduzir os efeitos das queimadas, secas e enchentes na sa\u00fade da popula\u00e7\u00e3o\u201d, explicou o ministro\u00a0da Sa\u00fade, Alexandre\u00a0Padilha, durante a inaugura\u00e7\u00e3o do CCSRO.<\/span><span data-ccp-props=\"{&quot;134233117&quot;:true,&quot;134233118&quot;:true,&quot;201341983&quot;:0,&quot;335551550&quot;:6,&quot;335551620&quot;:6,&quot;335559731&quot;:0,&quot;335559739&quot;:0,&quot;335559740&quot;:240}\">\u00a0<\/span><\/p>\n<p style=\"font-weight: 400;\"><span data-contrast=\"auto\">O centro ter\u00e1 como principais fun\u00e7\u00f5es produzir conhecimento cient\u00edfico e tecnol\u00f3gico, formar profissionais de sa\u00fade especializados, fortalecer a capacidade de resposta do SUS diante dos impactos das mudan\u00e7as clim\u00e1ticas e apoiar a formula\u00e7\u00e3o e a avalia\u00e7\u00e3o de pol\u00edticas p\u00fablicas voltadas para a Amaz\u00f4nia. Com essa estrutura, tem potencial para se tornar refer\u00eancia para pa\u00edses da Am\u00e9rica Latina e do Caribe, especialmente no \u00e2mbito da Organiza\u00e7\u00e3o Pan-Americana,\u00a0da Sa\u00fade da Organiza\u00e7\u00e3o Mundial da Sa\u00fade (OPAS\/OMS),\u00a0e das discuss\u00f5es globais sobre adapta\u00e7\u00e3o clim\u00e1tica.<\/span><\/p>\n<p><span data-contrast=\"auto\">Na ocasi\u00e3o, Padilha explicou que a\u00a0regi\u00e3o amaz\u00f4nica \u00e9 uma das prioridades do\u00a0AdaptaSUS, por meio da estrat\u00e9gia Mais Sa\u00fade Amaz\u00f4nia Brasil.\u00a0\u201cEstamos investindo fortemente na constru\u00e7\u00e3o de novas unidades de sa\u00fade, hospitais, unidades b\u00e1sicas fluviais e na adapta\u00e7\u00e3o das estruturas existentes \u00e0 realidade amaz\u00f4nica, com conectividade e\u00a0kits de\u00a0telessa\u00fade. Somente na regi\u00e3o amaz\u00f4nica, s\u00e3o mais de R$ 4,5 bilh\u00f5es em obras que j\u00e1 est\u00e3o em andamento&#8221;, esclareceu.<\/span><span data-ccp-props=\"{&quot;134233117&quot;:true,&quot;134233118&quot;:true,&quot;201341983&quot;:0,&quot;335551550&quot;:6,&quot;335551620&quot;:6,&quot;335559731&quot;:0,&quot;335559739&quot;:0,&quot;335559740&quot;:240}\">\u00a0<\/span><\/p>\n<p style=\"font-weight: 400;\"><span data-contrast=\"auto\">Com isso, o\u00a0Brasil\u00a0tamb\u00e9m\u00a0se coloca ao lado de pa\u00edses como o Reino Unido e os Estados Unidos, que j\u00e1 possuem estruturas dedicadas a integrar mudan\u00e7a do clima e sa\u00fade p\u00fablica. O diferencial \u00e9\u00a0que\u00a0ser\u00e1 o primeiro centro com\u00a0foco na\u00a0regi\u00e3o amaz\u00f4nica, \u00e1rea estrat\u00e9gica tanto do ponto de vista ambiental quanto sanit\u00e1rio.\u00a0Trata-se de um alinhamento entre o\u00a0AdaptaSUS\u00a0e o\u00a0<\/span><a style=\"font-weight: 500;\" href=\"https:\/\/www.gov.br\/saude\/pt-br\/assuntos\/cop30\/publicacoes\/agenda-estrategica-mais-saude-amazonia-brasil\"><span data-contrast=\"none\">Plano Mais\u00a0Sa\u00fade\u00a0Amaz\u00f4nia Brasil<\/span><\/a><span data-contrast=\"auto\">.<\/span><span data-ccp-props=\"{&quot;134233117&quot;:true,&quot;134233118&quot;:true,&quot;201341983&quot;:0,&quot;335551550&quot;:6,&quot;335551620&quot;:6,&quot;335559685&quot;:0,&quot;335559737&quot;:0,&quot;335559739&quot;:0,&quot;335559740&quot;:240}\">\u00a0<\/span><\/p>\n<p style=\"font-weight: 400;\"><span data-contrast=\"auto\">A estrutura\u00a0integra a meta 24 do Plano, que prev\u00ea a cria\u00e7\u00e3o e implementa\u00e7\u00e3o de um centro de excel\u00eancia em ci\u00eancia, tecnologia e inova\u00e7\u00e3o voltado ao enfrentamento dos impactos das mudan\u00e7as clim\u00e1ticas na sa\u00fade.\u00a0Al\u00e9m do investimento realizado, no\u00a0fim de novembro,\u00a0o Minist\u00e9rio da Sa\u00fade\u00a0anunciou um\u00a0<\/span><a style=\"font-weight: 500;\" href=\"https:\/\/www.gov.br\/saude\/pt-br\/assuntos\/noticias\/2025\/novembro\/ministerio-da-saude-anuncia-r-9-8-bilhoes-para-adaptacao-no-sus-e-apresenta-pacote-de-medidas-para-fortalecer-assistencia\"><span data-contrast=\"none\">investimento de R$ 9,8 bilh\u00f5es<\/span><\/a><span data-contrast=\"auto\">\u00a0em a\u00e7\u00f5es de adapta\u00e7\u00e3o no SUS.<\/span><span data-ccp-props=\"{&quot;134233117&quot;:true,&quot;134233118&quot;:true,&quot;201341983&quot;:0,&quot;335551550&quot;:6,&quot;335551620&quot;:6,&quot;335559731&quot;:0,&quot;335559739&quot;:0,&quot;335559740&quot;:240}\">\u00a0<\/span><\/p>\n<p style=\"font-weight: 400;\"><b><strong><span data-contrast=\"auto\">AdaptaSUS: a\u00e7\u00f5es para\u00a0fortalecer sistemas de sa\u00fade frente\u00a0\u00e0s\u00a0mudan\u00e7as clim\u00e1ticas<\/span><span data-ccp-props=\"{&quot;201341983&quot;:0,&quot;335551550&quot;:6,&quot;335551620&quot;:6,&quot;335559739&quot;:200,&quot;335559740&quot;:276}\">\u00a0<\/span><\/strong><\/b><\/p>\n<p style=\"font-weight: 400;\"><span data-contrast=\"auto\">Apresentado durante a 30\u00aa Confer\u00eancia das Na\u00e7\u00f5es Unidas sobre Mudan\u00e7as Clim\u00e1ticas (COP30), em Bel\u00e9m, o\u00a0AdaptaSUS\u00a0re\u00fane 27 metas e 93 a\u00e7\u00f5es de curto, m\u00e9dio e longo prazo voltadas ao fortalecimento dos sistemas de alerta, \u00e0 amplia\u00e7\u00e3o da vigil\u00e2ncia, \u00e0 capacita\u00e7\u00e3o das equipes, \u00e0 execu\u00e7\u00e3o de obras em \u00e1reas vulner\u00e1veis e a investimentos em pesquisa e na cria\u00e7\u00e3o de\u00a0plataformas integradas de dados,\u00a0ou seja, em adaptar a infraestrutura e os servi\u00e7os de sa\u00fade \u00e0s mudan\u00e7as do clima.<\/span><span data-ccp-props=\"{&quot;134233117&quot;:true,&quot;134233118&quot;:true,&quot;201341983&quot;:0,&quot;335551550&quot;:1,&quot;335551620&quot;:1,&quot;335559731&quot;:0,&quot;335559739&quot;:0,&quot;335559740&quot;:240}\">\u00a0<\/span><\/p>\n<p style=\"font-weight: 400;\"><span data-contrast=\"auto\">O plano prev\u00ea recursos para garantir\u00a0o pleno funcionamento\u00a0das unidades de sa\u00fade e a continuidade da assist\u00eancia em situa\u00e7\u00f5es cr\u00edticas; para fortalecer ci\u00eancia, tecnologia e produ\u00e7\u00e3o, com a implanta\u00e7\u00e3o de novos centros de refer\u00eancia e sistemas integrados de dados; para a\u00e7\u00f5es de comunica\u00e7\u00e3o, educa\u00e7\u00e3o e participa\u00e7\u00e3o social; e para aprimorar a vigil\u00e2ncia em sa\u00fade e a prepara\u00e7\u00e3o diante de eventos extremos.<\/span><span data-ccp-props=\"{&quot;134233117&quot;:true,&quot;134233118&quot;:true,&quot;201341983&quot;:0,&quot;335551550&quot;:6,&quot;335551620&quot;:6,&quot;335559731&quot;:0,&quot;335559739&quot;:0,&quot;335559740&quot;:240}\">\u00a0<\/span><\/p>\n<p style=\"font-weight: 400;\"><span data-contrast=\"auto\">J\u00e1 a\u00a0Agenda Estrat\u00e9gica Mais Sa\u00fade Amaz\u00f4nia Brasil busca diminuir desigualdades regionais e ampliar a presen\u00e7a do Estado em territ\u00f3rios ind\u00edgenas, ribeirinhos e tradicionais, integrando pol\u00edticas de aten\u00e7\u00e3o, vigil\u00e2ncia, ci\u00eancia, tecnologia e desenvolvimento sustent\u00e1vel.\u00a0<\/span><span data-ccp-props=\"{&quot;134233117&quot;:true,&quot;134233118&quot;:true,&quot;201341983&quot;:0,&quot;335551550&quot;:6,&quot;335551620&quot;:6,&quot;335559731&quot;:0,&quot;335559739&quot;:0,&quot;335559740&quot;:240}\">\u00a0<\/span><\/p>\n<p><img data-recalc-dims=\"1\" loading=\"lazy\" decoding=\"async\" data-attachment-id=\"38048\" data-permalink=\"http:\/\/blogdalucianaoliveira.com.br\/blog\/2025\/12\/16\/brasil-avanca-na-adaptacao-climatica-com-o-primeiro-centro-de-clima-e-saude-do-pais-instalado-em-rondonia\/img_2638-2\/\" data-orig-file=\"https:\/\/i0.wp.com\/blogdalucianaoliveira.com.br\/blog\/wp-content\/uploads\/2025\/12\/IMG_2638-1.jpeg?fit=1179%2C831\" data-orig-size=\"1179,831\" data-comments-opened=\"0\" data-image-meta=\"{&quot;aperture&quot;:&quot;0&quot;,&quot;credit&quot;:&quot;&quot;,&quot;camera&quot;:&quot;&quot;,&quot;caption&quot;:&quot;&quot;,&quot;created_timestamp&quot;:&quot;0&quot;,&quot;copyright&quot;:&quot;&quot;,&quot;focal_length&quot;:&quot;0&quot;,&quot;iso&quot;:&quot;0&quot;,&quot;shutter_speed&quot;:&quot;0&quot;,&quot;title&quot;:&quot;&quot;,&quot;orientation&quot;:&quot;1&quot;}\" data-image-title=\"IMG_2638\" data-image-description=\"\" data-image-caption=\"\" data-medium-file=\"https:\/\/i0.wp.com\/blogdalucianaoliveira.com.br\/blog\/wp-content\/uploads\/2025\/12\/IMG_2638-1.jpeg?fit=300%2C211\" data-large-file=\"https:\/\/i0.wp.com\/blogdalucianaoliveira.com.br\/blog\/wp-content\/uploads\/2025\/12\/IMG_2638-1.jpeg?fit=600%2C423\" class=\"alignnone size-medium wp-image-38048\" src=\"https:\/\/i0.wp.com\/blogdalucianaoliveira.com.br\/blog\/wp-content\/uploads\/2025\/12\/IMG_2638-1.jpeg?resize=300%2C211\" alt=\"\" width=\"300\" height=\"211\" srcset=\"https:\/\/i0.wp.com\/blogdalucianaoliveira.com.br\/blog\/wp-content\/uploads\/2025\/12\/IMG_2638-1.jpeg?resize=300%2C211 300w, https:\/\/i0.wp.com\/blogdalucianaoliveira.com.br\/blog\/wp-content\/uploads\/2025\/12\/IMG_2638-1.jpeg?resize=1024%2C722 1024w, https:\/\/i0.wp.com\/blogdalucianaoliveira.com.br\/blog\/wp-content\/uploads\/2025\/12\/IMG_2638-1.jpeg?resize=768%2C541 768w, https:\/\/i0.wp.com\/blogdalucianaoliveira.com.br\/blog\/wp-content\/uploads\/2025\/12\/IMG_2638-1.jpeg?resize=426%2C300 426w, https:\/\/i0.wp.com\/blogdalucianaoliveira.com.br\/blog\/wp-content\/uploads\/2025\/12\/IMG_2638-1.jpeg?w=1179 1179w\" sizes=\"auto, (max-width: 300px) 100vw, 300px\" \/><\/p>\n<p style=\"font-weight: 400;\"><b><strong><span data-contrast=\"auto\"><br \/>\nPrimeiro hospital universit\u00e1rio em Rond\u00f4nia<\/span><span data-ccp-props=\"{&quot;201341983&quot;:0,&quot;335551550&quot;:6,&quot;335551620&quot;:6,&quot;335559739&quot;:200,&quot;335559740&quot;:276}\">\u00a0<\/span><\/strong><\/b><\/p>\n<p style=\"font-weight: 400;\"><span data-contrast=\"auto\">Ainda em Porto Velho (RO), o ministro da Sa\u00fade participou de uma solenidade relacionada \u00e0 abertura do primeiro hospital universit\u00e1rio do estado.\u00a0Para isso, em agosto, a Universidade de Rond\u00f4nia (UNIR), a Prefeitura de Porto Velho e a Empresa Brasileira de Servi\u00e7os Hospitalares (EBSERH) assinaram um\u00a0Acordo de Coopera\u00e7\u00e3o T\u00e9cnica.<\/span><span data-ccp-props=\"{&quot;201341983&quot;:0,&quot;335551550&quot;:6,&quot;335551620&quot;:6,&quot;335559739&quot;:200,&quot;335559740&quot;:276}\">\u00a0<\/span><\/p>\n<p style=\"font-weight: 400;\"><span data-contrast=\"auto\">Hoje,\u00a0a prefeitura assinou o contrato de aquisi\u00e7\u00e3o do pr\u00e9dio que, ap\u00f3s amplia\u00e7\u00e3o e reforma, poder\u00e1 exercer plenamente a fun\u00e7\u00e3o de hospital universit\u00e1rio, sendo doado \u00e0 UNIR.\u00a0<\/span><span data-contrast=\"auto\">A universidade ficar\u00e1\u00a0respons\u00e1vel pelo\u00a0empenho de esfor\u00e7os para a amplia\u00e7\u00e3o das vagas de medicina e implementa\u00e7\u00e3o das demais resid\u00eancias necess\u00e1rias, fomentando e consolidando a forma\u00e7\u00e3o de profissionais qualificados na regi\u00e3o.\u00a0J\u00e1 a EBSERH prestar\u00e1 suporte t\u00e9cnico durante todo o processo, para,\u00a0ap\u00f3s assinatura de Contrato de Gest\u00e3o Especial, gerir a unidade.<\/span><span data-ccp-props=\"{&quot;201341983&quot;:0,&quot;335551550&quot;:6,&quot;335551620&quot;:6,&quot;335559739&quot;:200,&quot;335559740&quot;:276}\">\u00a0<\/span><\/p>\n<p style=\"font-weight: 400;\"><b><strong><span data-contrast=\"auto\">Mais de R$ 157,5\u00a0milh\u00f5es\u00a0para nova maternidade, UOM\u00a0e UBS em Ji-Paran\u00e1<\/span><span data-ccp-props=\"{&quot;134233117&quot;:true,&quot;134233118&quot;:true,&quot;201341983&quot;:0,&quot;335551550&quot;:6,&quot;335551620&quot;:6,&quot;335559731&quot;:0,&quot;335559739&quot;:0,&quot;335559740&quot;:240}\">\u00a0<\/span><\/strong><\/b><\/p>\n<p style=\"font-weight: 400;\"><span data-contrast=\"auto\">Ainda em Rond\u00f4nia, ministro da Sa\u00fade, Alexandre Padilha, anunciou, em Ji-Paran\u00e1 (RO), o investimento de R$\u00a0157,5 milh\u00f5es\u00a0do\u00a0Novo PAC Sele\u00e7\u00f5es para\u00a0duas Unidades B\u00e1sicas de Sa\u00fade (UBS)\u00a0e\u00a0uma Unidade Odontol\u00f3gica M\u00f3vel (UOM), al\u00e9m da\u00a0a\u00a0constru\u00e7\u00e3o de uma maternidade do munic\u00edpio, que ainda n\u00e3o\u00a0contava com\u00a0unidade hospitalar especializada em gesta\u00e7\u00e3o e puerp\u00e9rio de alto risco.<\/span><span data-ccp-props=\"{&quot;134233117&quot;:false,&quot;134233118&quot;:false,&quot;201341983&quot;:0,&quot;335551550&quot;:6,&quot;335551620&quot;:6,&quot;335559738&quot;:240,&quot;335559739&quot;:240,&quot;335559740&quot;:240}\">\u00a0<\/span><\/p>\n<p style=\"font-weight: 400;\"><span data-contrast=\"auto\">\u201cTamb\u00e9m vamos dar a ordem de servi\u00e7o em Ji-Paran\u00e1, com investimentos superiores a R$ 154 milh\u00f5es do PAC para a constru\u00e7\u00e3o da maternidade, al\u00e9m da implanta\u00e7\u00e3o de unidades odontol\u00f3gicas, aquisi\u00e7\u00e3o de mobili\u00e1rio e outras estruturas&#8221;, explicou o ministro.<\/span><span data-ccp-props=\"{&quot;134233117&quot;:false,&quot;134233118&quot;:false,&quot;201341983&quot;:0,&quot;335551550&quot;:6,&quot;335551620&quot;:6,&quot;335559738&quot;:240,&quot;335559739&quot;:240,&quot;335559740&quot;:240}\">\u00a0<\/span><\/p>\n<p style=\"font-weight: 400;\"><span data-contrast=\"auto\">Iniciativa do Agora Tem Especialistas\u00a0&#8211;\u00a0programa do governo federal\u00a0que busca\u00a0aumentar a capacidade de atendimento do SUS\u00a0para\u00a0reduzir\u00a0o tempo de espera por\u00a0consultas exames e cirurgias\u00a0-, a nova maternidade\u00a0beneficiar\u00e1\u00a0mais de 10,5 mil gestantes por ano, sendo 1,5 mil de alto risco. Isso significa que\u00a0as pacientes do SUS\u00a0do munic\u00edpio e regi\u00e3o n\u00e3o precisar\u00e3o mais\u00a0se deslocar at\u00e9\u00a0Porto Velho para receber atendimento.\u00a0Assim,\u00a0reduzir\u00e1\u00a0a sobrecarga na capital,\u00a0ampliando o acesso seguro e qualificado\u00a0na cidade.\u00a0<\/span><span data-ccp-props=\"{&quot;134233117&quot;:false,&quot;134233118&quot;:false,&quot;201341983&quot;:0,&quot;335551550&quot;:6,&quot;335551620&quot;:6,&quot;335559685&quot;:0,&quot;335559737&quot;:0,&quot;335559738&quot;:240,&quot;335559739&quot;:240,&quot;335559740&quot;:240}\">\u00a0<\/span><\/p>\n<p style=\"font-weight: 400;\"><b><strong><span data-contrast=\"auto\">Carreta do Agora Tem Especialistas chega a Ji-Paran\u00e1<\/span><span data-ccp-props=\"{&quot;134233117&quot;:true,&quot;134233118&quot;:true,&quot;201341983&quot;:0,&quot;335551550&quot;:6,&quot;335551620&quot;:6,&quot;335559731&quot;:0,&quot;335559739&quot;:0,&quot;335559740&quot;:240}\">\u00a0<\/span><\/strong><\/b><\/p>\n<p style=\"font-weight: 400;\"><span data-contrast=\"auto\">Na cidade\u00a0ji-paranaense,\u00a0o ministro da Sa\u00fade, Alexandre Padilha,\u00a0tamb\u00e9m\u00a0inaugurou a nova carreta de sa\u00fade da mulher do programa Agora Tem Especialista, voltada \u00e0 amplia\u00e7\u00e3o do acesso a servi\u00e7os especializados.\u00a0<\/span><span data-ccp-props=\"{&quot;134233117&quot;:false,&quot;134233118&quot;:false,&quot;201341983&quot;:0,&quot;335551550&quot;:6,&quot;335551620&quot;:6,&quot;335559738&quot;:240,&quot;335559739&quot;:240,&quot;335559740&quot;:240}\">\u00a0<\/span><\/p>\n<p style=\"font-weight: 400;\"><span data-contrast=\"auto\">\u201cN\u00f3s estamos com duas carretas do Programa Agora Tem Especialistas em Rond\u00f4nia. Em Ji-Paran\u00e1, est\u00e1 em funcionamento a Carreta da Sa\u00fade da Mulher, que realiza mamografias, exames de ultrassom, exames para a detec\u00e7\u00e3o do c\u00e2ncer de colo do \u00fatero, atendimento especializado \u00e0 sa\u00fade da mulher e bi\u00f3psias nos casos em que h\u00e1 risco de c\u00e2ncer. Al\u00e9m disso, em Ariquemes\u00a0(RO), est\u00e1 em opera\u00e7\u00e3o a carreta de cirurgia oftalmol\u00f3gica, como a\u00e7\u00e3o do\u00a0programa\u201d,\u00a0explicou o ministro\u00a0Padilha.<\/span><span data-ccp-props=\"{&quot;134233117&quot;:false,&quot;134233118&quot;:false,&quot;201341983&quot;:0,&quot;335551550&quot;:6,&quot;335551620&quot;:6,&quot;335559738&quot;:240,&quot;335559739&quot;:240,&quot;335559740&quot;:240}\">\u00a0<\/span><\/p>\n<p style=\"font-weight: 400;\"><span data-contrast=\"auto\">Em Ji-Paran\u00e1, a unidade m\u00f3vel funcionar\u00e1 de segunda a sexta-feira, das 7h30 \u00e0s 17h30, com oferta de avalia\u00e7\u00f5es diagn\u00f3sticas iniciais para c\u00e2ncer de mama e atendimento \u00e0 sa\u00fade da mulher\u00a0para pacientes previamente agendadas e encaminhadas pela secretaria de sa\u00fade do munic\u00edpio.\u00a0A expectativa \u00e9 de cerca de 50 atendimentos di\u00e1rios, incluindo mamografias, ultrassonografias de mamas, p\u00e9lvicas e transvaginais, al\u00e9m de consultas com mastologista e atendimento ginecol\u00f3gico.<\/span><span data-ccp-props=\"{&quot;134233117&quot;:false,&quot;134233118&quot;:false,&quot;201341983&quot;:0,&quot;335551550&quot;:6,&quot;335551620&quot;:6,&quot;335559738&quot;:240,&quot;335559739&quot;:240,&quot;335559740&quot;:240}\">\u00a0<\/span><\/p>\n<p style=\"font-weight: 400;\"><span data-contrast=\"auto\">Na capital, Porto Velho, entre 17 de outubro e 2 de dezembro, as carretas j\u00e1 realizaram mais de mil atendimentos em sa\u00fade da mulher, com destaque para mamografias, teleconsultas na aten\u00e7\u00e3o especializada\u00a0e\u00a0consultas presenciais, al\u00e9m de\u00a0exames de ultrassonografia transvaginal, mam\u00e1ria bilateral e p\u00e9lvica.<\/span><span data-ccp-props=\"{&quot;134233117&quot;:false,&quot;134233118&quot;:false,&quot;201341983&quot;:0,&quot;335551550&quot;:6,&quot;335551620&quot;:6,&quot;335559738&quot;:240,&quot;335559739&quot;:240,&quot;335559740&quot;:240}\">\u00a0<\/span><\/p>\n<p style=\"font-weight: 400;\"><b><strong><span data-contrast=\"auto\">41 carretas em opera\u00e7\u00e3o nas cinco regi\u00f5es do pa\u00eds<\/span><span data-ccp-props=\"{&quot;134233117&quot;:false,&quot;134233118&quot;:false,&quot;201341983&quot;:0,&quot;335551550&quot;:6,&quot;335551620&quot;:6,&quot;335559738&quot;:240,&quot;335559739&quot;:240,&quot;335559740&quot;:240}\">\u00a0<\/span><\/strong><\/b><\/p>\n<p style=\"font-weight: 400;\"><span data-contrast=\"auto\">Com as novas entregas, o pa\u00eds passa a contar com\u00a041\u00a0carretas em opera\u00e7\u00e3o, distribu\u00eddas em 24 estados e no Distrito Federal. A iniciativa integra a terceira rodada do programa Agora Tem Especialistas, que busca reduzir o tempo de espera por consultas, exames e cirurgias no SUS. As unidades m\u00f3veis contam com equipes multiprofissionais e estrutura completa para enfrentar a demanda reprimida e avan\u00e7ar na elimina\u00e7\u00e3o das filas.<\/span><span data-ccp-props=\"{&quot;134233117&quot;:false,&quot;134233118&quot;:false,&quot;201341983&quot;:0,&quot;335551550&quot;:6,&quot;335551620&quot;:6,&quot;335559738&quot;:240,&quot;335559739&quot;:240,&quot;335559740&quot;:240}\">\u00a0<\/span><\/p>\n<p style=\"font-weight: 400;\"><span data-contrast=\"auto\">Os resultados j\u00e1 s\u00e3o observados em diferentes regi\u00f5es\u00a0do pa\u00eds. Em oito munic\u00edpios, as carretas possibilitaram zerar filas de espera. Em Ceil\u00e2ndia (DF), Patos (PB), Garanhuns (PE), Arapongas (PR), Japeri (RJ) e Humait\u00e1 (AM),\u00a0todas as\u00a0pacientes\u00a0que\u00a0aguardavam\u00a0diagn\u00f3stico de c\u00e2ncer de mama e exames ginecol\u00f3gicos foram atendidas. Em Santana do Ipanema (AL),\u00a0toda a demanda\u00a0por tomografias\u00a0tamb\u00e9m foi\u00a0atendida; o mesmo aconteceu em Ribeir\u00e3o Preto (SP),\u00a0cidade na qual os atendimentos ofertados na carreta oftalmol\u00f3gica do governo federal\u00a0devolveram a vis\u00e3o para\u00a0720 pessoas\u00a0ap\u00f3s\u00a0cirurgias\u00a0de catarata\u00a0realizadas\u00a0na unidade m\u00f3vel de atendimento especializado.<\/span><span data-ccp-props=\"{&quot;134233117&quot;:false,&quot;134233118&quot;:false,&quot;201341983&quot;:0,&quot;335551550&quot;:6,&quot;335551620&quot;:6,&quot;335559738&quot;:240,&quot;335559739&quot;:240,&quot;335559740&quot;:240}\"><\/p>\n<p><\/span><\/p>\n<p style=\"font-weight: 400;\"><em style=\"font-weight: 400;\"><span data-contrast=\"auto\">Por <\/span><\/em><em style=\"font-weight: 400;\"><span data-contrast=\"auto\">Jo\u00e3o Vitor Moura, Ana Beatriz Freitas e Talita de Souza<\/span><br \/>\n<span data-contrast=\"auto\">Minist\u00e9rio da Sa\u00fade<\/span><span data-ccp-props=\"{&quot;201341983&quot;:0,&quot;335551550&quot;:6,&quot;335551620&quot;:6,&quot;335559739&quot;:200,&quot;335559740&quot;:276}\">\u00a0<\/span><\/em><\/p>\n","protected":false},"excerpt":{"rendered":"<p>O Centro com foco na regi\u00e3o amaz\u00f4nica integra estrat\u00e9gias apresentadas na COP30 e consolida legados da confer\u00eancia para a sa\u00fade p\u00fablica do pa\u00eds<\/p>\n","protected":false},"author":1,"featured_media":0,"comment_status":"closed","ping_status":"open","sticky":false,"template":"","format":"standard","meta":{"_exactmetrics_skip_tracking":false,"_exactmetrics_sitenote_active":false,"_exactmetrics_sitenote_note":"","_exactmetrics_sitenote_category":0,"jetpack_post_was_ever_published":false,"_jetpack_newsletter_access":"","_jetpack_dont_email_post_to_subs":false,"_jetpack_newsletter_tier_id":0,"_jetpack_memberships_contains_paywalled_content":false,"_jetpack_memberships_contains_paid_content":false,"footnotes":"","jetpack_publicize_message":"","jetpack_publicize_feature_enabled":true,"jetpack_social_post_already_shared":true,"jetpack_social_options":{"image_generator_settings":{"template":"highway","enabled":false},"version":2}},"categories":[1],"tags":[1601,7,343],"class_list":["post-38042","post","type-post","status-publish","format-standard","hentry","category-notas","tag-padilha","tag-rondonia","tag-saude"],"jetpack_publicize_connections":[],"jetpack_sharing_enabled":true,"jetpack_featured_media_url":"","jetpack_shortlink":"https:\/\/wp.me\/p7wKYW-9TA","jetpack-related-posts":[],"_links":{"self":[{"href":"http:\/\/blogdalucianaoliveira.com.br\/blog\/wp-json\/wp\/v2\/posts\/38042","targetHints":{"allow":["GET"]}}],"collection":[{"href":"http:\/\/blogdalucianaoliveira.com.br\/blog\/wp-json\/wp\/v2\/posts"}],"about":[{"href":"http:\/\/blogdalucianaoliveira.com.br\/blog\/wp-json\/wp\/v2\/types\/post"}],"author":[{"embeddable":true,"href":"http:\/\/blogdalucianaoliveira.com.br\/blog\/wp-json\/wp\/v2\/users\/1"}],"replies":[{"embeddable":true,"href":"http:\/\/blogdalucianaoliveira.com.br\/blog\/wp-json\/wp\/v2\/comments?post=38042"}],"version-history":[{"count":1,"href":"http:\/\/blogdalucianaoliveira.com.br\/blog\/wp-json\/wp\/v2\/posts\/38042\/revisions"}],"predecessor-version":[{"id":38049,"href":"http:\/\/blogdalucianaoliveira.com.br\/blog\/wp-json\/wp\/v2\/posts\/38042\/revisions\/38049"}],"wp:attachment":[{"href":"http:\/\/blogdalucianaoliveira.com.br\/blog\/wp-json\/wp\/v2\/media?parent=38042"}],"wp:term":[{"taxonomy":"category","embeddable":true,"href":"http:\/\/blogdalucianaoliveira.com.br\/blog\/wp-json\/wp\/v2\/categories?post=38042"},{"taxonomy":"post_tag","embeddable":true,"href":"http:\/\/blogdalucianaoliveira.com.br\/blog\/wp-json\/wp\/v2\/tags?post=38042"}],"curies":[{"name":"wp","href":"https:\/\/api.w.org\/{rel}","templated":true}]}}