{"id":38050,"date":"2025-12-17T11:46:34","date_gmt":"2025-12-17T15:46:34","guid":{"rendered":"https:\/\/blogdalucianaoliveira.com.br\/blog\/?p=38050"},"modified":"2025-12-17T11:46:34","modified_gmt":"2025-12-17T15:46:34","slug":"em-ji-parana-governo-lula-anuncia-maternidade-e-novos-investimentos-em-saude-com-apoio-de-claudia-de-jesus","status":"publish","type":"post","link":"http:\/\/blogdalucianaoliveira.com.br\/blog\/2025\/12\/17\/em-ji-parana-governo-lula-anuncia-maternidade-e-novos-investimentos-em-saude-com-apoio-de-claudia-de-jesus\/","title":{"rendered":"Em Ji-Paran\u00e1, Governo Lula anuncia maternidade e novos investimentos em sa\u00fade com apoio de Cl\u00e1udia de Jesus"},"content":{"rendered":"<p><img data-recalc-dims=\"1\" loading=\"lazy\" decoding=\"async\" data-attachment-id=\"38051\" data-permalink=\"http:\/\/blogdalucianaoliveira.com.br\/blog\/2025\/12\/17\/em-ji-parana-governo-lula-anuncia-maternidade-e-novos-investimentos-em-saude-com-apoio-de-claudia-de-jesus\/img_2661-2\/\" data-orig-file=\"https:\/\/i0.wp.com\/blogdalucianaoliveira.com.br\/blog\/wp-content\/uploads\/2025\/12\/IMG_2661.png?fit=2025%2C1270\" data-orig-size=\"2025,1270\" data-comments-opened=\"0\" data-image-meta=\"{&quot;aperture&quot;:&quot;0&quot;,&quot;credit&quot;:&quot;&quot;,&quot;camera&quot;:&quot;&quot;,&quot;caption&quot;:&quot;&quot;,&quot;created_timestamp&quot;:&quot;0&quot;,&quot;copyright&quot;:&quot;&quot;,&quot;focal_length&quot;:&quot;0&quot;,&quot;iso&quot;:&quot;0&quot;,&quot;shutter_speed&quot;:&quot;0&quot;,&quot;title&quot;:&quot;&quot;,&quot;orientation&quot;:&quot;0&quot;}\" data-image-title=\"IMG_2661\" data-image-description=\"\" data-image-caption=\"\" data-medium-file=\"https:\/\/i0.wp.com\/blogdalucianaoliveira.com.br\/blog\/wp-content\/uploads\/2025\/12\/IMG_2661.png?fit=300%2C188\" data-large-file=\"https:\/\/i0.wp.com\/blogdalucianaoliveira.com.br\/blog\/wp-content\/uploads\/2025\/12\/IMG_2661.png?fit=600%2C376\" class=\"alignnone size-medium wp-image-38051\" src=\"https:\/\/i0.wp.com\/blogdalucianaoliveira.com.br\/blog\/wp-content\/uploads\/2025\/12\/IMG_2661.png?resize=300%2C188\" alt=\"\" width=\"300\" height=\"188\" srcset=\"https:\/\/i0.wp.com\/blogdalucianaoliveira.com.br\/blog\/wp-content\/uploads\/2025\/12\/IMG_2661.png?resize=300%2C188 300w, https:\/\/i0.wp.com\/blogdalucianaoliveira.com.br\/blog\/wp-content\/uploads\/2025\/12\/IMG_2661.png?resize=1024%2C642 1024w, https:\/\/i0.wp.com\/blogdalucianaoliveira.com.br\/blog\/wp-content\/uploads\/2025\/12\/IMG_2661.png?resize=768%2C482 768w, https:\/\/i0.wp.com\/blogdalucianaoliveira.com.br\/blog\/wp-content\/uploads\/2025\/12\/IMG_2661.png?resize=1536%2C963 1536w, https:\/\/i0.wp.com\/blogdalucianaoliveira.com.br\/blog\/wp-content\/uploads\/2025\/12\/IMG_2661.png?resize=478%2C300 478w, https:\/\/i0.wp.com\/blogdalucianaoliveira.com.br\/blog\/wp-content\/uploads\/2025\/12\/IMG_2661.png?w=2025 2025w, https:\/\/i0.wp.com\/blogdalucianaoliveira.com.br\/blog\/wp-content\/uploads\/2025\/12\/IMG_2661.png?w=1200 1200w, https:\/\/i0.wp.com\/blogdalucianaoliveira.com.br\/blog\/wp-content\/uploads\/2025\/12\/IMG_2661.png?w=1800 1800w\" sizes=\"auto, (max-width: 300px) 100vw, 300px\" \/><\/p>\n<p>Pauta hist\u00f3rica defendida pela deputada desde o per\u00edodo em que era vereadora come\u00e7a a sair do papel com recursos do Novo PAC.<!--more--><\/p>\n<p>A passagem do ministro da Sa\u00fade, Alexandre Padilha, por Ji-Paran\u00e1 (RO) nesta ter\u00e7a-feira (16) resultou no an\u00fancio de mais de R$ 157,5 milh\u00f5es em investimentos para a sa\u00fade do munic\u00edpio, incluindo a constru\u00e7\u00e3o de uma maternidade, duas Unidades B\u00e1sicas de Sa\u00fade (UBS), uma Unidade Odontol\u00f3gica M\u00f3vel e a chegada da Carreta da Sa\u00fade da Mulher do programa Agora Tem Especialistas.<\/p>\n<p>A constru\u00e7\u00e3o da maternidade em Ji-Paran\u00e1 \u00e9 uma pauta hist\u00f3rica da deputada estadual Cl\u00e1udia de Jesus (PT), que luta pela implanta\u00e7\u00e3o da unidade desde o per\u00edodo em que atuava como vereadora no munic\u00edpio. A obra vai suprir uma demanda antiga da popula\u00e7\u00e3o, garantindo atendimento especializado a gestantes, especialmente de alto risco, e reduzindo a necessidade de deslocamento at\u00e9 Porto Velho.<\/p>\n<p>Para a deputada, o an\u00fancio representa uma conquista coletiva e a concretiza\u00e7\u00e3o de uma luta de muitos anos. \u201cEssa maternidade \u00e9 um sonho antigo de Ji-Paran\u00e1, pelo qual lutamos desde quando eu ainda era vereadora. Hoje, com o Governo Lula, esse projeto come\u00e7a a se tornar realidade, garantindo mais dignidade, cuidado e seguran\u00e7a para as mulheres e fam\u00edlias da nossa regi\u00e3o\u201d, destacou Cl\u00e1udia de Jesus.<\/p>\n<p>Al\u00e9m da maternidade, os investimentos do Novo PAC incluem o fortalecimento da aten\u00e7\u00e3o b\u00e1sica e a amplia\u00e7\u00e3o do atendimento especializado por meio da Carreta da Sa\u00fade da Mulher, que oferecer\u00e1 exames, consultas e diagn\u00f3sticos. As a\u00e7\u00f5es devem beneficiar milhares de mulheres e fam\u00edlias do munic\u00edpio e da regi\u00e3o central de Rond\u00f4nia.<\/p>\n<p>Para Cl\u00e1udia de Jesus, \u00fanica deputada estadual do PT em Rond\u00f4nia, a agenda em Ji-Paran\u00e1 reafirma o compromisso do Governo Lula com o interior do estado. \u201cS\u00e3o investimentos que salvam vidas, fortalecem o SUS e mostram que quem mais precisa est\u00e1 no centro das pol\u00edticas p\u00fablicas\u201d, concluiu.<\/p>\n","protected":false},"excerpt":{"rendered":"<p>Pauta hist\u00f3rica defendida pela deputada desde o per\u00edodo em que era vereadora come\u00e7a a sair do papel com recursos do Novo PAC.<\/p>\n","protected":false},"author":1,"featured_media":0,"comment_status":"closed","ping_status":"open","sticky":false,"template":"","format":"standard","meta":{"_exactmetrics_skip_tracking":false,"_exactmetrics_sitenote_active":false,"_exactmetrics_sitenote_note":"","_exactmetrics_sitenote_category":0,"jetpack_post_was_ever_published":false,"_jetpack_newsletter_access":"","_jetpack_dont_email_post_to_subs":false,"_jetpack_newsletter_tier_id":0,"_jetpack_memberships_contains_paywalled_content":false,"_jetpack_memberships_contains_paid_content":false,"footnotes":"","jetpack_publicize_message":"","jetpack_publicize_feature_enabled":true,"jetpack_social_post_already_shared":true,"jetpack_social_options":{"image_generator_settings":{"template":"highway","enabled":false},"version":2}},"categories":[1],"tags":[1429,1515,343],"class_list":["post-38050","post","type-post","status-publish","format-standard","hentry","category-notas","tag-deputada-claudia-de-jesus","tag-ji-parana","tag-saude"],"jetpack_publicize_connections":[],"jetpack_sharing_enabled":true,"jetpack_featured_media_url":"","jetpack_shortlink":"https:\/\/wp.me\/p7wKYW-9TI","jetpack-related-posts":[],"_links":{"self":[{"href":"http:\/\/blogdalucianaoliveira.com.br\/blog\/wp-json\/wp\/v2\/posts\/38050","targetHints":{"allow":["GET"]}}],"collection":[{"href":"http:\/\/blogdalucianaoliveira.com.br\/blog\/wp-json\/wp\/v2\/posts"}],"about":[{"href":"http:\/\/blogdalucianaoliveira.com.br\/blog\/wp-json\/wp\/v2\/types\/post"}],"author":[{"embeddable":true,"href":"http:\/\/blogdalucianaoliveira.com.br\/blog\/wp-json\/wp\/v2\/users\/1"}],"replies":[{"embeddable":true,"href":"http:\/\/blogdalucianaoliveira.com.br\/blog\/wp-json\/wp\/v2\/comments?post=38050"}],"version-history":[{"count":1,"href":"http:\/\/blogdalucianaoliveira.com.br\/blog\/wp-json\/wp\/v2\/posts\/38050\/revisions"}],"predecessor-version":[{"id":38052,"href":"http:\/\/blogdalucianaoliveira.com.br\/blog\/wp-json\/wp\/v2\/posts\/38050\/revisions\/38052"}],"wp:attachment":[{"href":"http:\/\/blogdalucianaoliveira.com.br\/blog\/wp-json\/wp\/v2\/media?parent=38050"}],"wp:term":[{"taxonomy":"category","embeddable":true,"href":"http:\/\/blogdalucianaoliveira.com.br\/blog\/wp-json\/wp\/v2\/categories?post=38050"},{"taxonomy":"post_tag","embeddable":true,"href":"http:\/\/blogdalucianaoliveira.com.br\/blog\/wp-json\/wp\/v2\/tags?post=38050"}],"curies":[{"name":"wp","href":"https:\/\/api.w.org\/{rel}","templated":true}]}}