{"id":38053,"date":"2025-12-18T09:48:02","date_gmt":"2025-12-18T13:48:02","guid":{"rendered":"https:\/\/blogdalucianaoliveira.com.br\/blog\/?p=38053"},"modified":"2025-12-26T11:40:47","modified_gmt":"2025-12-26T15:40:47","slug":"a-escala-6x1-vai-ser-um-debate-fundamental-na-eleicao-de-2026-diz-felipe-nunes-da-quaest","status":"publish","type":"post","link":"http:\/\/blogdalucianaoliveira.com.br\/blog\/2025\/12\/18\/a-escala-6x1-vai-ser-um-debate-fundamental-na-eleicao-de-2026-diz-felipe-nunes-da-quaest\/","title":{"rendered":"&#8216;A escala 6&#215;1 vai ser um debate fundamental na elei\u00e7\u00e3o de 2026&#8217;, diz Felipe Nunes, da Quaest"},"content":{"rendered":"<div class=\"css-1k9op6x e17x9cvu0\" dir=\"ltr\">\n<p dir=\"ltr\"><img data-recalc-dims=\"1\" decoding=\"async\" src=\"https:\/\/i0.wp.com\/ichef.bbci.co.uk\/ace\/ws\/640\/cpsprodpb\/5f58\/live\/d7bf98d0-dbef-11f0-b67b-690eb873de1b.png.webp?w=600&#038;ssl=1\" alt=\" Trabalhadores e movimentos sociais fazem manifesta\u00e7\u00e3o pelo fim da escala de trabalho 6 x 1 e pela taxa\u00e7\u00e3o dos super-ricos, na Pra\u00e7a XV, Rio de Janeiro (RJ), em 10\/07\/2025\" \/><\/p>\n<p class=\"css-s4cjt0 e1yuyadm0\" dir=\"ltr\">BBC &#8211; Os brasileiros est\u00e3o cansados, trabalhando demais, frustrados e querendo uma vida mais flex\u00edvel. E esse sentimento vai ser um dos nortes do debate <a class=\"focusIndicatorReducedWidth css-n8oauk e1h2ur550\" href=\"https:\/\/www.bbc.com\/portuguese\/topics\/c8epw74n6k0t\">eleitoral de 2026<\/a>.<\/p>\n<\/div>\n<p><!--more--><\/p>\n<div class=\"css-1k9op6x e17x9cvu0\" dir=\"ltr\">\n<p class=\"css-s4cjt0 e1yuyadm0\" dir=\"ltr\">Mais especificamente,\u00a0<a class=\"focusIndicatorReducedWidth css-n8oauk e1h2ur550\" href=\"https:\/\/www.bbc.com\/portuguese\/articles\/cn4djnznmm3o\">o fim da escala 6&#215;1<\/a>\u00a0e a flexibiliza\u00e7\u00e3o da jornada ser\u00e3o temas muito presentes no pr\u00f3ximo ano, segundo o cientista pol\u00edtico Felipe Nunes, s\u00f3cio-fundador do instituto de pesquisas Quaest.<\/p>\n<\/div>\n<div class=\"css-1k9op6x e17x9cvu0\" dir=\"ltr\">\n<p class=\"css-s4cjt0 e1yuyadm0\" dir=\"ltr\">O governo federal tem feito esfor\u00e7os para demonstrar apoio \u00e0 ideia do fim da escala \u2014 em declara\u00e7\u00e3o feita no dia 02 de dezembro, por exemplo, a ministra da Secretaria de Rela\u00e7\u00f5es Institucionais da Presid\u00eancia da Rep\u00fablica, Gleisi Hoffmann, afirmou que a gest\u00e3o de Luiz In\u00e1cio Lula da Silva (PT) tem &#8220;compromisso em defesa do fim da jornada de trabalho 6&#215;1 sem redu\u00e7\u00e3o de sal\u00e1rio&#8221;.<\/p>\n<\/div>\n<div class=\"css-1k9op6x e17x9cvu0\" dir=\"ltr\">\n<p class=\"css-s4cjt0 e1yuyadm0\" dir=\"ltr\">As conclus\u00f5es de Nunes foram baseadas em uma pesquisa realizada com 10 mil brasileiros entre novembro e dezembro de 2023, encomendada pela TV Globo. O resultado desse levantamento est\u00e1 no livro\u00a0<i class=\"css-6whwaq e1vymu7d0\">O Brasil no Espelho &#8211; Um guia para entender o Brasil e os brasileiros<\/i>\u00a0(editora Globo Livros), um raio-x do brasileiro contempor\u00e2neo.<\/p>\n<\/div>\n<div class=\"css-1k9op6x e17x9cvu0\" dir=\"ltr\">\n<p class=\"css-s4cjt0 e1yuyadm0\" dir=\"ltr\">Na obra, Nunes classifica os brasileiros em nove perfis identit\u00e1rios, com valores, vis\u00f5es e prefer\u00eancias pol\u00edticas distintas. S\u00e3o eles: conservadores crist\u00e3os (27% dos brasileiros), dependentes do Estado (23%), pertencentes ao agro (13%), os progressistas (11%), militantes de esquerda (7%), empres\u00e1rios (6%), liberais sociais (5%), empreendedores individuais (5%) e os que se identificam com a extrema direita (3%).<\/p>\n<\/div>\n<section class=\"css-1s6hekm\" role=\"region\" aria-label=\"Publicidade 2\" aria-hidden=\"true\" data-e2e=\"advertisement\">\n<div id=\"dotcom-mpu\" class=\"dotcom-ad active\" aria-hidden=\"true\">\n<div class=\"dotcom-ad-inner\">\n<div class=\"dotcom-ad-text-wrapper\">\n<div class=\"css-1k9op6x e17x9cvu0\" dir=\"ltr\">\n<p class=\"css-s4cjt0 e1yuyadm0\" dir=\"ltr\">A partir desses perfis, Nunes destrincha valores e anseios distintos da popula\u00e7\u00e3o brasileira.<\/p>\n<\/div>\n<div class=\"css-1k9op6x e17x9cvu0\" dir=\"ltr\">\n<p class=\"css-s4cjt0 e1yuyadm0\" dir=\"ltr\">Mesmo em um Brasil polarizado, h\u00e1 espa\u00e7o para valores em comum, como o apre\u00e7o pela f\u00e9 e pela fam\u00edlia, que n\u00e3o est\u00e1 necessariamente ligada a graus de parentesco, defende Nunes.<\/p>\n<\/div>\n<div class=\"css-1k9op6x e17x9cvu0\" dir=\"ltr\">\n<p class=\"css-s4cjt0 e1yuyadm0\" dir=\"ltr\">&#8220;O que define fam\u00edlia para o brasileiro \u00e9 o amor, mais do que o la\u00e7o sangu\u00edneo&#8221;, disse Nunes, em entrevista \u00e0 BBC News Brasil. &#8220;Acho isso muito importante para explicar aquilo que nos une, independentemente da vis\u00e3o de mundo que a gente tem.&#8221;<\/p>\n<\/div>\n<section class=\"css-1o3v5ug\" role=\"region\" data-e2e=\"recommendations-heading\" aria-labelledby=\"recommendations-heading\">\n<div class=\"css-79elbk e175zld10\">\n<div class=\"css-1k9op6x e17x9cvu0\" dir=\"ltr\">\n<p class=\"css-s4cjt0 e1yuyadm0\" dir=\"ltr\">Al\u00e9m dos perfis sociais, o estudo revela as diferen\u00e7as de valores e percep\u00e7\u00f5es em rela\u00e7\u00e3o ao g\u00eanero. As mulheres, segundo Nunes, s\u00e3o mais progressistas que os homens. E precisam ter &#8220;coragem ao quadrado&#8221;.<\/p>\n<\/div>\n<div class=\"css-1k9op6x e17x9cvu0\" dir=\"ltr\">\n<p class=\"css-s4cjt0 e1yuyadm0\" dir=\"ltr\">&#8220;Coragem para andar na rua e vivenciar a viol\u00eancia, mas tamb\u00e9m coragem para enfrentar os desafios e as mudan\u00e7as do mercado de trabalho do mundo p\u00fablico.&#8221;<\/p>\n<\/div>\n<div class=\"css-1k9op6x e17x9cvu0\" dir=\"ltr\">\n<p class=\"css-s4cjt0 e1yuyadm0\" dir=\"ltr\">J\u00e1 os homens precisam ser sin\u00f4nimo de for\u00e7a, poder e prote\u00e7\u00e3o, diz.<\/p>\n<\/div>\n<div class=\"css-1k9op6x e17x9cvu0\" dir=\"ltr\">\n<p class=\"css-s4cjt0 e1yuyadm0\" dir=\"ltr\">Em ambos os casos, um ponto em comum: quase metade dos brasileiros est\u00e1 desinformada. Para chegar a essa conclus\u00e3o, a pesquisa fez quatro perguntas sobre not\u00edcias factuais. &#8220;42% dos brasileiros n\u00e3o acertaram nenhuma dessas quatro quest\u00f5es, quase metade dos brasileiros n\u00e3o tinha ideia do que estava acontecendo \u00e0 sua volta&#8221;.<\/p>\n<\/div>\n<div class=\"css-1k9op6x e17x9cvu0\" dir=\"ltr\">\n<div class=\"css-1k9op6x e17x9cvu0\" dir=\"ltr\">\n<p class=\"css-s4cjt0 e1yuyadm0\" dir=\"ltr\">&#8220;Mas a segunda quest\u00e3o \u00e9 mais importante do que essa, porque perguntei para todos esses quase 10 mil brasileiros quantas dessas perguntas eles achavam que tinham acertado. E 70% dos brasileiros superestima o que sabe&#8221;, conta.<\/p>\n<\/div>\n<div class=\"css-1k9op6x e17x9cvu0\" dir=\"ltr\">\n<p class=\"css-s4cjt0 e1yuyadm0\" dir=\"ltr\">&#8220;Ou seja, n\u00f3s estamos falando de uma popula\u00e7\u00e3o que vai para o embate p\u00fablico, que vai para o debate sobre pol\u00edtica, sobre economia, sobre sa\u00fade p\u00fablica, achando que sabe mais do que sabe.&#8221;<\/p>\n<\/div>\n<div class=\"css-1k9op6x e17x9cvu0\" dir=\"ltr\">\n<p class=\"css-s4cjt0 e1yuyadm0\" dir=\"ltr\">Leia os principais trechos da entrevista:<\/p>\n<\/div>\n<div class=\"css-1k9op6x e17x9cvu0\" dir=\"ltr\">\n<p class=\"css-s4cjt0 e1yuyadm0\" dir=\"ltr\"><b>BBC News Brasil &#8211; Vamos come\u00e7ar falando sobre os nove perfis identit\u00e1rios que voc\u00eas tra\u00e7aram.<\/b><\/p>\n<\/div>\n<div class=\"css-1k9op6x e17x9cvu0\" dir=\"ltr\">\n<p class=\"css-s4cjt0 e1yuyadm0\" dir=\"ltr\"><b>Felipe Nunes &#8211;<\/b>\u00a0A gente tem ouvido muito falar sobre polariza\u00e7\u00e3o e eu senti a necessidade nesse trabalho de ajudar o brasileiro a entender o que nos une e o que nos separa.<\/p>\n<\/div>\n<div class=\"css-1k9op6x e17x9cvu0\" dir=\"ltr\">\n<p class=\"css-s4cjt0 e1yuyadm0\" dir=\"ltr\">E para fazer isso de uma maneira que eu achava mais efetiva, ao inv\u00e9s de olhar para as divis\u00f5es de sexo, idade, escolaridade e renda, eu peguei toda essa bateria de valores que a gente estudou, atitudes e prefer\u00eancias e rodei uma an\u00e1lise estat\u00edstica que me deu quais s\u00e3o as bolhas, as tribos que a gente vive. E o que a gente encontrou foi um combinado de nove tribos, nove bolhas que explicam muito bem essa divis\u00e3o brasileira hoje.<\/p>\n<\/div>\n<div class=\"css-1k9op6x e17x9cvu0\" dir=\"ltr\">\n<div class=\"css-1k9op6x e17x9cvu0\" dir=\"ltr\">\n<p class=\"css-s4cjt0 e1yuyadm0\" dir=\"ltr\">Voc\u00ea tem o militante de esquerda, um grupo que tem aproximadamente 7% do Brasil. \u00c9 um grupo bem militante mesmo, ligado a partido pol\u00edtico, que tem uma vis\u00e3o bem \u00e0 esquerda.<\/p>\n<\/div>\n<div class=\"css-1k9op6x e17x9cvu0\" dir=\"ltr\">\n<p class=\"css-s4cjt0 e1yuyadm0\" dir=\"ltr\">Tem a classe D e E, os dependentes do Estado. Aproximadamente 23% do Brasil se encaixa nesse segmento. \u00c9 a popula\u00e7\u00e3o que realmente depende do Estado para conseguir viver seu dia a dia, s\u00e3o as pessoas mais pobres.<\/p>\n<\/div>\n<div class=\"css-1k9op6x e17x9cvu0\" dir=\"ltr\">\n<p class=\"css-s4cjt0 e1yuyadm0\" dir=\"ltr\">Tem os progressistas, 11% do Brasil, a turma que tem aquela vis\u00e3o mais \u00e0 esquerda, uma vis\u00e3o de defesa de ESG [sigla para\u00a0<i class=\"css-6whwaq e1vymu7d0\">environmental, social and governance<\/i>, ou a preocupa\u00e7\u00e3o com meio ambiente, com responsabilidade social e transpar\u00eancia] dessa pauta de minorias, um p\u00fablico do lado do Lula, por exemplo, um p\u00fablico importante.<\/p>\n<\/div>\n<div class=\"css-1k9op6x e17x9cvu0\" dir=\"ltr\">\n<p class=\"css-s4cjt0 e1yuyadm0\" dir=\"ltr\">Tem o conservador crist\u00e3o, o maior segmento do Brasil. \u00c9 a turma que \u00e9 muito tradicional, muito fam\u00edlia, muito religiosa. Esses 27% marcam fundamentalmente o lado da direita brasileira.<\/p>\n<\/div>\n<div class=\"css-1k9op6x e17x9cvu0\" dir=\"ltr\">\n<p class=\"css-s4cjt0 e1yuyadm0\" dir=\"ltr\">Tem o agro: 13% do Brasil. O agro que ficou n\u00e3o s\u00f3 pop, como diz a propaganda, mas tamb\u00e9m ficou importante econ\u00f4mica e politicamente.<\/p>\n<\/div>\n<div class=\"css-1k9op6x e17x9cvu0\" dir=\"ltr\">\n<p class=\"css-s4cjt0 e1yuyadm0\" dir=\"ltr\">Tem os empres\u00e1rios, que s\u00e3o 6% dos brasileiros. Acho que essa classifica\u00e7\u00e3o diz por si s\u00f3.<\/p>\n<\/div>\n<div class=\"css-1k9op6x e17x9cvu0\" dir=\"ltr\">\n<p class=\"css-s4cjt0 e1yuyadm0\" dir=\"ltr\">E a\u00ed voc\u00ea tem tr\u00eas grupos que precisam de um pouco mais de aten\u00e7\u00e3o nesse momento: primeiro, os liberais sociais, aqueles que t\u00eam uma vis\u00e3o liberal da economia, mas acreditam na social-democracia, no papel do Estado. N\u00f3s estamos falando de 5% do Brasil.<\/p>\n<\/div>\n<div class=\"css-1k9op6x e17x9cvu0\" dir=\"ltr\">\n<p class=\"css-s4cjt0 e1yuyadm0\" dir=\"ltr\">Por que eles s\u00e3o importantes? Porque a vida inteira eles votaram contra o Lula, s\u00f3 na elei\u00e7\u00e3o de 2022 eles mudaram de lado. Ent\u00e3o, acompanhar o movimento dos liberais sociais \u00e9 fundamental para entender a elei\u00e7\u00e3o de 26.<\/p>\n<\/div>\n<div class=\"css-1k9op6x e17x9cvu0\" dir=\"ltr\">\n<p class=\"css-s4cjt0 e1yuyadm0\" dir=\"ltr\">Os empreendedores individuais s\u00e3o muito importantes porque eles n\u00e3o existiam como segmento at\u00e9 pouco tempo. S\u00e3o filhos da classe D e E, jovens, em sua maioria empreendedores, que passaram a ter uma outra vis\u00e3o de mundo. Esse grupo \u00e9 importante porque em 22 eles quase se dividiram tamb\u00e9m s\u00e3o 5%, mas 52% deles votaram no Lula, 48% n\u00e3o. Ent\u00e3o vamos ver como eles v\u00e3o se comportar.<\/p>\n<\/div>\n<div class=\"css-1k9op6x e17x9cvu0\" dir=\"ltr\">\n<p class=\"css-s4cjt0 e1yuyadm0\" dir=\"ltr\">E o \u00faltimo desses segmentos, a extrema direita. Quando a gente faz o mapeamento de tamanho, eles s\u00e3o 3% do Brasil. Nesse p\u00fablico, 100% deles preferem um regime autorit\u00e1rio e a uma democracia. S\u00e3o 6 milh\u00f5es de brasileiros aproximadamente, mas muito localizados, com prefer\u00eancias muito intensas.<\/p>\n<\/div>\n<div class=\"css-1k9op6x e17x9cvu0\" dir=\"ltr\">\n<p class=\"css-s4cjt0 e1yuyadm0\" dir=\"ltr\"><b>BBC News Brasil \u2013 E quais s\u00e3o os pontos de intersec\u00e7\u00e3o desses grupos?<\/b><\/p>\n<\/div>\n<div class=\"css-1k9op6x e17x9cvu0\" dir=\"ltr\">\n<p class=\"css-s4cjt0 e1yuyadm0\" dir=\"ltr\"><b>Nunes \u2013<\/b>\u00a0O primeiro grande ponto de unidade \u00e9 a f\u00e9. O brasileiro acredita muito em Deus, independentemente da sua religi\u00e3o. O Brasil tem uma diversidade religiosa grande. Voc\u00ea tem 50% de cat\u00f3licos, 30% aproximadamente de evang\u00e9licos, 15% que dizem que n\u00e3o tem religi\u00e3o, outros 5% que se misturam entre esp\u00edritas, budistas e religi\u00f5es de matriz africana ind\u00edgenas. Mas, independentemente da religi\u00e3o, muita f\u00e9, muita cren\u00e7a e isso une todos esses segmentos e fam\u00edlia.<\/p>\n<\/div>\n<div class=\"css-1k9op6x e17x9cvu0\" dir=\"ltr\">\n<p class=\"css-s4cjt0 e1yuyadm0\" dir=\"ltr\">O brasileiro, independentemente da sua vis\u00e3o pol\u00edtica, gosta da fam\u00edlia, sabe que a fam\u00edlia \u00e9 importante. O sonho \u00e9 dar orgulho para os pais e cuidar dos filhos tem uma dimens\u00e3o importante nisso. E a\u00ed acho que a grande descoberta do livro \u00e9 que uma nova fam\u00edlia, uma fam\u00edlia com outras configura\u00e7\u00f5es. O que define fam\u00edlia para o brasileiro \u00e9 o amor, mais do que o la\u00e7o sangu\u00edneo.<\/p>\n<\/div>\n<div class=\"css-1k9op6x e17x9cvu0\" dir=\"ltr\">\n<p class=\"css-s4cjt0 e1yuyadm0\" dir=\"ltr\">Acho isso muito importante para explicar aquilo que nos une, independentemente da vis\u00e3o de mundo que a gente tem.<\/p>\n<p dir=\"ltr\"><img data-recalc-dims=\"1\" decoding=\"async\" src=\"https:\/\/i0.wp.com\/ichef.bbci.co.uk\/ace\/ws\/640\/cpsprodpb\/e3d9\/live\/e66c3290-dabd-11f0-bd31-f7671846bf7f.jpg.webp?w=600&#038;ssl=1\" alt=\"Foto de uma pessoa lendo a B\u00edblia.\" \/><\/p>\n<div class=\"css-1k9op6x e17x9cvu0\" dir=\"ltr\">\n<p class=\"css-s4cjt0 e1yuyadm0\" dir=\"ltr\"><b>BBC News Brasil &#8211; Sobre o grupo do agro, \u00e9 realmente um grupo homog\u00eaneo? D\u00e1 para dizer que &#8220;o agro pensa assim&#8221;?<\/b><\/p>\n<\/div>\n<div class=\"css-1k9op6x e17x9cvu0\" dir=\"ltr\">\n<p class=\"css-s4cjt0 e1yuyadm0\" dir=\"ltr\"><b>Nunes &#8211;\u00a0<\/b>D\u00e1 para falar. O agro se transformou no terceiro maior grupo de identidade do Brasil. Os conservadores crist\u00e3os em primeiro lugar, 27%, a classe D e E em segundo, 23%, e o terceiro maior grupo, 13%, o agro.<\/p>\n<\/div>\n<div class=\"css-1k9op6x e17x9cvu0\" dir=\"ltr\">\n<p class=\"css-s4cjt0 e1yuyadm0\" dir=\"ltr\">Por que a gente unificou esse grupo? Porque ele tem alguns valores muito fundamentais. Primeiro, todo mundo \u00e9 f\u00e3 do Gusttavo Lima. Segundo, \u00e9 um grupo homog\u00eaneo do ponto de vista da liga\u00e7\u00e3o com a terra, dessa vis\u00e3o que transcendeu a parte econ\u00f4mica e virou simb\u00f3lica.<\/p>\n<\/div>\n<div class=\"css-1k9op6x e17x9cvu0\" dir=\"ltr\">\n<p class=\"css-s4cjt0 e1yuyadm0\" dir=\"ltr\">O agro hoje tem um modo de se comportar, tem consumo muito parecido. O tipo de carro que ele compra, o tipo de comida que ele gosta, o churrasco \u00e9 muito importante, o tipo de bebida, a cerveja.<\/p>\n<\/div>\n<div class=\"css-1k9op6x e17x9cvu0\" dir=\"ltr\">\n<p class=\"css-s4cjt0 e1yuyadm0\" dir=\"ltr\">Al\u00e9m do consumo, eles t\u00eam valores muito tradicionais, muito mais fortes. E a\u00ed independe se \u00e9 o pequeno, m\u00e9dio ou grande produtor.<\/p>\n<\/div>\n<div class=\"css-1k9op6x e17x9cvu0\" dir=\"ltr\">\n<p class=\"css-s4cjt0 e1yuyadm0\" dir=\"ltr\">\u00c9 claro que tem varia\u00e7\u00f5es econ\u00f4micas nesses segmentos, mas no geral, a vis\u00e3o de mundo \u00e9 muito homog\u00eanea e por isso a gente reuniu eles estatisticamente no mesmo grupo.<\/p>\n<\/div>\n<div class=\"css-1k9op6x e17x9cvu0\" dir=\"ltr\">\n<p class=\"css-s4cjt0 e1yuyadm0\" dir=\"ltr\"><b>BBC News Brasil \u2013 Voc\u00ea diz que os jovens das classes D e E s\u00e3o uma inc\u00f3gnita sobre como v\u00e3o votar no ano que vem. Esse grupo \u00e9 formado por filhos de pessoas beneficiadas por programas sociais, s\u00e3o filhos do Prouni. Por que existe uma inc\u00f3gnita em rela\u00e7\u00e3o \u00e0 prefer\u00eancia pol\u00edtica?<\/b><\/p>\n<\/div>\n<div class=\"css-1k9op6x e17x9cvu0\" dir=\"ltr\">\n<p class=\"css-s4cjt0 e1yuyadm0\" dir=\"ltr\"><b>Nunes &#8211;\u00a0<\/b>Esse \u00e9 um tema que eu considero muito importante para entender o Brasil de hoje.<\/p>\n<\/div>\n<div class=\"css-1k9op6x e17x9cvu0\" dir=\"ltr\">\n<p class=\"css-s4cjt0 e1yuyadm0\" dir=\"ltr\">Os empreendedores individuais jovens, s\u00e3o filhos da classe D e E, viram os seus pais, fundamentalmente suas m\u00e3es, beneficiadas de programas do governo nos \u00faltimos 20 anos, viram as m\u00e3es conquistarem casa, viram as m\u00e3es serem valorizadas pelo aumento do sal\u00e1rio m\u00ednimo, pela carteira assinada. E eles, em algum momento, tiveram o sonho de mudar de vida, de subir socialmente, e isso acabou n\u00e3o acontecendo.<\/p>\n<\/div>\n<div class=\"css-1k9op6x e17x9cvu0\" dir=\"ltr\">\n<p class=\"css-s4cjt0 e1yuyadm0\" dir=\"ltr\">Esse p\u00fablico de empreendedor individual tem uma frustra\u00e7\u00e3o muito grande, porque a ele foi prometida uma melhora depois da universidade e essa grande expectativa produziu neles uma frustra\u00e7\u00e3o gigantesca.<\/p>\n<\/div>\n<div class=\"css-1k9op6x e17x9cvu0\" dir=\"ltr\">\n<p class=\"css-s4cjt0 e1yuyadm0\" dir=\"ltr\">Essa frustra\u00e7\u00e3o, para alguns, acabou se transformando em ressentimento. E esse ressentimento afasta esse p\u00fablico que viu seus pais benefici\u00e1rios de programas e colocou eles num lugar diferente pol\u00edtico. Eles acabaram passando a acreditar que o Estado n\u00e3o \u00e9 o solucionador do problema.<\/p>\n<\/div>\n<div class=\"css-1k9op6x e17x9cvu0\" dir=\"ltr\">\n<p class=\"css-s4cjt0 e1yuyadm0\" dir=\"ltr\">Eles passaram a ter uma vis\u00e3o muito mais empreendedora, passaram a acreditar em valores muito menos ligados \u00e0 solu\u00e7\u00e3o do Estado. Isso marca, de alguma maneira, a mudan\u00e7a de postura deles.<\/p>\n<\/div>\n<div class=\"css-1k9op6x e17x9cvu0\" dir=\"ltr\">\n<p class=\"css-s4cjt0 e1yuyadm0\" dir=\"ltr\">Acho que esse \u00e9 um tema importante para 2026, quando a gente vai discutir, sem d\u00favida nenhuma, os grandes temas do trabalho. A escala 6&#215;1, o transporte para chegar no trabalho, a pr\u00f3pria dimens\u00e3o do imposto sobre a renda.<\/p>\n<\/div>\n<div class=\"css-1k9op6x e17x9cvu0\" dir=\"ltr\">\n<p class=\"css-s4cjt0 e1yuyadm0\" dir=\"ltr\">Todos esses temas que est\u00e3o na pauta pol\u00edtica hoje s\u00e3o muito caros a esse grupo de jovens que tem uma cabe\u00e7a muito mais aberta na m\u00e9dia, mas que, do ponto de vista da vida pessoal, acabou convivendo com muita frustra\u00e7\u00e3o.<\/p>\n<\/div>\n<div class=\"css-1k9op6x e17x9cvu0\" dir=\"ltr\">\n<p class=\"css-s4cjt0 e1yuyadm0\" dir=\"ltr\"><b>BBC News Brasil \u2013 Voc\u00ea aponta caracter\u00edsticas muito pr\u00f3prias de cada grupo. Me chamou a aten\u00e7\u00e3o que os militantes da esquerda t\u00eam mais satisfa\u00e7\u00e3o com a vida. De onde vem isso?<\/b><\/p>\n<\/div>\n<div class=\"css-1k9op6x e17x9cvu0\" dir=\"ltr\">\n<p class=\"css-s4cjt0 e1yuyadm0\" dir=\"ltr\"><b>Nunes &#8211;\u00a0<\/b>Isso vem do que a gente chama nos estudos que eu fa\u00e7o na Quaest de calcifica\u00e7\u00e3o pol\u00edtica. Esse p\u00fablico dos militantes de esquerda, eu acompanhei muito de perto na transi\u00e7\u00e3o de 2022 para 2023.<\/p>\n<\/div>\n<div class=\"css-1k9op6x e17x9cvu0\" dir=\"ltr\">\n<p class=\"css-s4cjt0 e1yuyadm0\" dir=\"ltr\">E o que a gente encontrou \u00e9 incr\u00edvel. Quando a gente perguntava para esse p\u00fablico antes da elei\u00e7\u00e3o como \u00e9 que est\u00e1 a sua vida? As pessoas desse grupo diziam a vida n\u00e3o est\u00e1 boa, a economia vai mal no Brasil, as coisas n\u00e3o est\u00e3o legais.<\/p>\n<\/div>\n<div class=\"css-1k9op6x e17x9cvu0\" dir=\"ltr\">\n<p class=\"css-s4cjt0 e1yuyadm0\" dir=\"ltr\">Bastou o Lula vencer a elei\u00e7\u00e3o de 2022 para eles, de um m\u00eas para o outro, mudarem de opini\u00e3o a respeito do que estava acontecendo com eles. Eles passaram a dizer, dali em diante, que agora a economia est\u00e1 indo bem, as coisas v\u00e3o dar certo.<\/p>\n<\/div>\n<div class=\"css-1k9op6x e17x9cvu0\" dir=\"ltr\">\n<p class=\"css-s4cjt0 e1yuyadm0\" dir=\"ltr\">Ou seja, em alguma medida, esse \u00e9 o p\u00fablico mais ideol\u00f3gico \u00e0 esquerda. Esse militante de esquerda \u00e9 aquele que, no fundo, olha para o mundo sobre o filtro da polariza\u00e7\u00e3o. Ent\u00e3o, em alguma medida, tudo que o atual governo faz est\u00e1 certo, est\u00e1 correto para esse grupo. E tudo que o antigo governo faz est\u00e1 errado.<\/p>\n<\/div>\n<div class=\"css-1k9op6x e17x9cvu0\" dir=\"ltr\">\n<p class=\"css-s4cjt0 e1yuyadm0\" dir=\"ltr\">A mesma coisa acontece do outro lado. Quando voc\u00ea pergunta para a extrema direita o que est\u00e1 acontecendo no Brasil agora? O efeito \u00e9 devastador, est\u00e1 tudo errado, nada funciona, est\u00e1 tudo muito ruim. Enquanto no governo anterior, estava tudo certo. Ou seja, se a gente quiser entender um peda\u00e7o dos valores brasileiros da interpreta\u00e7\u00e3o de opini\u00e3o do Brasil, a gente tem que, de alguma maneira, descontar essas paix\u00f5es e \u00f3dios que acabam marcando os polos.<\/p>\n<\/div>\n<div class=\"css-1k9op6x e17x9cvu0\" dir=\"ltr\">\n<p class=\"css-s4cjt0 e1yuyadm0\" dir=\"ltr\"><b>BBC News Brasil &#8211; De maneira pr\u00e1tica, como o candidato de 2026 deve olhar para essa pesquisa?<\/b><\/p>\n<\/div>\n<div class=\"css-1k9op6x e17x9cvu0\" dir=\"ltr\">\n<p class=\"css-s4cjt0 e1yuyadm0\" dir=\"ltr\"><b>Nunes<\/b>\u00a0&#8211; Eu acho que os candidatos para presidente, para governador, para deputado, senador, eles v\u00e3o encontrar um Brasil muito diverso, muito complexo e que tem algumas especificidades, como a gente falou, alguns aspectos que s\u00e3o de uni\u00e3o, de unidade e outros que s\u00e3o de divis\u00e3o muito clara.<\/p>\n<\/div>\n<div class=\"css-1k9op6x e17x9cvu0\" dir=\"ltr\">\n<p class=\"css-s4cjt0 e1yuyadm0\" dir=\"ltr\">O Brasil, por exemplo, \u00e9 um pa\u00eds punitivista do ponto de vista da viol\u00eancia, um pa\u00eds que est\u00e1 preocupado com a seguran\u00e7a p\u00fablica. As mulheres, em especial, est\u00e3o com muito medo de andar nas ruas das grandes cidades. Chega a 70% o percentual de brasileiros que t\u00eam medo de andar nas ruas das capitais. Esse \u00e9 um n\u00famero muito forte na minha avalia\u00e7\u00e3o e, como eu disse, em especial nas mulheres.<\/p>\n<\/div>\n<div class=\"css-1k9op6x e17x9cvu0\" dir=\"ltr\">\n<p class=\"css-s4cjt0 e1yuyadm0\" dir=\"ltr\">Mas n\u00f3s n\u00e3o somos um pa\u00eds armamentista. A gente n\u00e3o acredita que a solu\u00e7\u00e3o para os problemas da viol\u00eancia est\u00e1 em armar a popula\u00e7\u00e3o de maneira generalizada.<\/p>\n<\/div>\n<div class=\"css-1k9op6x e17x9cvu0\" dir=\"ltr\">\n<p class=\"css-s4cjt0 e1yuyadm0\" dir=\"ltr\">Acho que esse \u00e9 um bom exemplo dessa nuance de como o Brasil \u00e9 complexo. Se a solu\u00e7\u00e3o \u00e9 punir, \u00e9 punir pelo Estado, pela ordem, pela pol\u00edcia, n\u00e3o armando a popula\u00e7\u00e3o como um todo.<\/p>\n<p dir=\"ltr\"><img data-recalc-dims=\"1\" decoding=\"async\" src=\"https:\/\/i0.wp.com\/ichef.bbci.co.uk\/ace\/ws\/640\/cpsprodpb\/7964\/live\/fef21f00-dabd-11f0-bd31-f7671846bf7f.jpg.webp?w=600&#038;ssl=1\" alt=\"Colheita com tratores\" \/><\/p>\n<div class=\"css-1k9op6x e17x9cvu0\" dir=\"ltr\">\n<p class=\"css-s4cjt0 e1yuyadm0\" dir=\"ltr\"><b>BBC News Brasil \u2013 J\u00e1 que voc\u00ea falou nas mulheres, o Brasil das brasileiras \u00e9 mais progressista?<\/b><\/p>\n<\/div>\n<div class=\"css-1k9op6x e17x9cvu0\" dir=\"ltr\">\n<p class=\"css-s4cjt0 e1yuyadm0\" dir=\"ltr\"><b>Nunes &#8211;\u00a0<\/b>O Brasil das brasileiras \u00e9 bem mais progressista. Isso vem acontecendo h\u00e1 algum tempo. Eu acompanho os resultados eleitorais desde 1998. De l\u00e1 para c\u00e1, ficou cada vez mais evidente a diferen\u00e7a no voto de homens e de mulheres.<\/p>\n<\/div>\n<div class=\"css-1k9op6x e17x9cvu0\" dir=\"ltr\">\n<p class=\"css-s4cjt0 e1yuyadm0\" dir=\"ltr\">Os homens, cada vez mais votando \u00e0 direita. As mulheres, cada vez mais votando \u00e0 esquerda. E no livro eu fa\u00e7o essa discuss\u00e3o, porque as mulheres hoje s\u00e3o o grande motor das transforma\u00e7\u00f5es de valores no Brasil. S\u00e3o elas que sofrem, em alguma medida, com a discrimina\u00e7\u00e3o, o machismo, o preconceito.<\/p>\n<\/div>\n<div class=\"css-1k9op6x e17x9cvu0\" dir=\"ltr\">\n<p class=\"css-s4cjt0 e1yuyadm0\" dir=\"ltr\">Mas tamb\u00e9m s\u00e3o elas que est\u00e3o se transformando cada vez mais em protagonistas no mercado de trabalho, dentro dos lares. O IBGE acabou de mostrar isso, metade do Brasil \u00e9 chefiado por mulheres.<\/p>\n<\/div>\n<div class=\"css-1k9op6x e17x9cvu0\" dir=\"ltr\">\n<p class=\"css-s4cjt0 e1yuyadm0\" dir=\"ltr\">Isso \u00e9 uma mudan\u00e7a que tem impacto sobre valores muito importantes. E como a gente falou aqui, isso acaba impactando tamb\u00e9m o voto. Eu n\u00e3o consigo mais olhar para a elei\u00e7\u00e3o no Brasil sem fazer essa diferencia\u00e7\u00e3o entre o comportamento das mulheres e dos homens.<\/p>\n<\/div>\n<div class=\"css-1k9op6x e17x9cvu0\" dir=\"ltr\">\n<p class=\"css-s4cjt0 e1yuyadm0\" dir=\"ltr\">Ao que parece, quanto mais protagonismo elas ganham, mais for\u00e7a elas t\u00eam no processo pol\u00edtico, mais os homens se ressentem e acabam puxando um grau de conservadorismo maior.<\/p>\n<\/div>\n<div class=\"css-1k9op6x e17x9cvu0\" dir=\"ltr\">\n<p class=\"css-s4cjt0 e1yuyadm0\" dir=\"ltr\"><b>BBC News Brasil &#8211; Ent\u00e3o, quanto mais elas s\u00e3o progressistas, mais eles s\u00e3o conservadores?<\/b><\/p>\n<\/div>\n<div class=\"css-1k9op6x e17x9cvu0\" dir=\"ltr\">\n<p class=\"css-s4cjt0 e1yuyadm0\" dir=\"ltr\"><b>Nunes &#8211;\u00a0<\/b>Essa \u00e9 uma rea\u00e7\u00e3o muito interessante que est\u00e1 acontecendo no mundo inteiro, n\u00e3o s\u00f3 no Brasil. O que chama aten\u00e7\u00e3o aqui \u00e9 que, se as mulheres em geral s\u00e3o mais progressistas e os homens mais conservadores, na gera\u00e7\u00e3o ponto com, que s\u00e3o aqueles brasileiros que nasceram depois de 2000, essa diferen\u00e7a n\u00e3o aparece.<\/p>\n<\/div>\n<div class=\"css-1k9op6x e17x9cvu0\" dir=\"ltr\">\n<p class=\"css-s4cjt0 e1yuyadm0\" dir=\"ltr\">\u00c9 como se as meninas estivessem puxando os meninos para uma vis\u00e3o de mais toler\u00e2ncia, menos preconceituosa, de menos discrimina\u00e7\u00e3o. E, claro, isso pode ser decisivo para a gente pensar o Brasil daqui para frente.<\/p>\n<\/div>\n<div class=\"css-1k9op6x e17x9cvu0\" dir=\"ltr\">\n<p class=\"css-s4cjt0 e1yuyadm0\" dir=\"ltr\"><b>BBC News Brasil &#8211; As mulheres avan\u00e7am no espa\u00e7o p\u00fablico, mas, ao mesmo tempo, 66% dizem tolerar homens gays, desde que n\u00e3o sejam afeminados. Que for\u00e7as s\u00e3o essas?<\/b><\/p>\n<\/div>\n<div class=\"css-1k9op6x e17x9cvu0\" dir=\"ltr\">\n<p class=\"css-s4cjt0 e1yuyadm0\" dir=\"ltr\"><b>Nunes &#8211;\u00a0<\/b>Para os homens, a gente tem uma vis\u00e3o ainda muito tradicional. O homem tem que ser sin\u00f4nimo de for\u00e7a, prote\u00e7\u00e3o, trabalho, dimens\u00f5es ainda muito conservadoras e tradicionais.<\/p>\n<\/div>\n<div class=\"css-1k9op6x e17x9cvu0\" dir=\"ltr\">\n<p class=\"css-s4cjt0 e1yuyadm0\" dir=\"ltr\">No caso das mulheres, o que a gente est\u00e1 vendo \u00e9 que uma parte do papel que a mulher tem que desempenhar ainda \u00e9 o cuidado. Espera-se que ela cuide da casa, dos filhos, da fam\u00edlia. Mas j\u00e1 se espera, no caso delas, que elas tamb\u00e9m participem como protagonistas do mercado de trabalho.<\/p>\n<\/div>\n<div class=\"css-1k9op6x e17x9cvu0\" dir=\"ltr\">\n<p class=\"css-s4cjt0 e1yuyadm0\" dir=\"ltr\">E o mais impressionante, h\u00e1 uma palavra que define bem o que se espera das mulheres no Brasil: coragem.<\/p>\n<\/div>\n<div class=\"css-1k9op6x e17x9cvu0\" dir=\"ltr\">\n<p class=\"css-s4cjt0 e1yuyadm0\" dir=\"ltr\">Coragem ao quadrado. Para andar na rua, coragem para vivenciar a viol\u00eancia que elas, de alguma maneira, est\u00e3o habituadas \u2014 h\u00e1 um percentual enorme de mulheres que dizem no livro que se sentem ou j\u00e1 se sentiram discriminadas de alguma forma \u2014 mas tamb\u00e9m coragem para enfrentar os desafios e as mudan\u00e7as do mercado de trabalho do mundo p\u00fablico.<\/p>\n<\/div>\n<div class=\"css-1k9op6x e17x9cvu0\" dir=\"ltr\">\n<p class=\"css-s4cjt0 e1yuyadm0\" dir=\"ltr\">Ent\u00e3o a mulher tem que ter cuidado, tem que trabalhar e tem que ter coragem ao quadrado.<\/p>\n<\/div>\n<div class=\"css-1k9op6x e17x9cvu0\" dir=\"ltr\">\n<p class=\"css-s4cjt0 e1yuyadm0\" dir=\"ltr\"><b>BBC News Brasil \u2013 Essa coragem aparece nas respostas das mulheres, dos homens, ou de ambos?<\/b><\/p>\n<\/div>\n<div class=\"css-1k9op6x e17x9cvu0\" dir=\"ltr\">\n<p class=\"css-s4cjt0 e1yuyadm0\" dir=\"ltr\"><b>Nunes &#8211;\u00a0<\/b>De ambos. As mulheres dizem em um n\u00edvel maior o reconhecimento dessa coragem por vivenciar esse dia a dia, por um lado, de viol\u00eancia, mas tamb\u00e9m de ter que mudar o mercado de trabalho.<\/p>\n<\/div>\n<div class=\"css-1k9op6x e17x9cvu0\" dir=\"ltr\">\n<p class=\"css-s4cjt0 e1yuyadm0\" dir=\"ltr\">Mas os homens j\u00e1 reconhecem que tamb\u00e9m \u00e9 preciso que elas tenham coragem, porque n\u00e3o \u00e9 simples.<\/p>\n<\/div>\n<div class=\"css-1k9op6x e17x9cvu0\" dir=\"ltr\">\n<p class=\"css-s4cjt0 e1yuyadm0\" dir=\"ltr\">Um dado curios\u00edssimo do livro \u00e9 que aproximadamente 40% das mulheres dizem que j\u00e1 se sentiram discriminadas, e quase metade dos homens dizem que j\u00e1 viram mulheres sendo discriminadas.<\/p>\n<\/div>\n<div class=\"css-1k9op6x e17x9cvu0\" dir=\"ltr\">\n<p class=\"css-s4cjt0 e1yuyadm0\" dir=\"ltr\">Ou seja, n\u00e3o \u00e9 um tema que ficou apenas no ambiente feminino, mas j\u00e1 furou essa bolha e conseguiu chegar tamb\u00e9m na vis\u00e3o desses homens, principalmente os mais jovens.<\/p>\n<\/div>\n<div class=\"css-1k9op6x e17x9cvu0\" dir=\"ltr\">\n<p class=\"css-s4cjt0 e1yuyadm0\" dir=\"ltr\"><b>BBC News Brasil &#8211; Pensando nas elei\u00e7\u00f5es, a partir dos perfis que voc\u00ea tra\u00e7ou, tem espa\u00e7o para uma terceira via em 2026?<\/b><\/p>\n<\/div>\n<div class=\"css-1k9op6x e17x9cvu0\" dir=\"ltr\">\n<p class=\"css-s4cjt0 e1yuyadm0\" dir=\"ltr\"><b>Nunes &#8211;<\/b>\u00a0Eu acho que boa parte dos brasileiros est\u00e1 vivendo o que eu chamo de o trauma da terceira via.<\/p>\n<\/div>\n<div class=\"css-1k9op6x e17x9cvu0\" dir=\"ltr\">\n<p class=\"css-s4cjt0 e1yuyadm0\" dir=\"ltr\">\u00c9 verdade que existe espa\u00e7o e demanda social para que a terceira via apare\u00e7a. Eu me lembro com muita clareza as pesquisas que fazia na Quaest em 2021, em que a gente perguntava para os brasileiros o que voc\u00ea prefere? Que o Lula ven\u00e7a, que o Bolsonaro ven\u00e7a ou que algu\u00e9m que n\u00e3o seja nem Lula, nem Bolsonaro, ven\u00e7a? O percentual de brasileiros que preferiam nem um, nem outro, era muito superior aos que preferiam Lula ou Bolsonaro.<\/p>\n<\/div>\n<div class=\"css-1k9op6x e17x9cvu0\" dir=\"ltr\">\n<p class=\"css-s4cjt0 e1yuyadm0\" dir=\"ltr\">O problema \u00e9 o sistema eleitoral brasileiro. E eu falo &#8220;problema&#8221; aqui, sem nenhum julgamento de valor, mas analisando o cen\u00e1rio. Quando a gente tem um jogo que \u00e9 jogado em dois turnos, o eleitor \u00e9 chamado, de alguma maneira, a fazer um movimento estrat\u00e9gico.<\/p>\n<\/div>\n<div class=\"css-1k9op6x e17x9cvu0\" dir=\"ltr\">\n<p class=\"css-s4cjt0 e1yuyadm0\" dir=\"ltr\">Ele olha para o jogo e fala assim &#8220;olha, eu prefiro o candidato tal, mas ele tem chance mesmo de chegar no segundo turno para derrotar aquele outro nome que eu gosto menos?&#8221;. Quando esse racioc\u00ednio \u00e9 feito, o que acaba acontecendo \u00e9 que os dois polos continuam conseguindo atrair o voto desse eleitor da terceira via, e ele acaba, por medo de que o outro ven\u00e7a, migrando para os polos.<\/p>\n<\/div>\n<div class=\"css-1k9op6x e17x9cvu0\" dir=\"ltr\">\n<p class=\"css-s4cjt0 e1yuyadm0\" dir=\"ltr\">Essa din\u00e2mica entre a demanda pela terceira via, e a oferta de um sistema eleitoral polarizado, acaba frustrando o desejo de quem, como muitos brasileiros, torcem pela terceira via, e vai para o voto \u00fatil.<\/p>\n<\/div>\n<div class=\"css-1k9op6x e17x9cvu0\" dir=\"ltr\">\n<p class=\"css-s4cjt0 e1yuyadm0\" dir=\"ltr\"><b>BBC News Brasil \u2013 Um dos perfis que voc\u00ea tra\u00e7a no livro \u00e9 o do brasileiro empreendedor e conservador, muito parecido com o do Pablo Mar\u00e7al, candidato \u00e0 Prefeitura de S\u00e3o Paulo em 2024. \u00c9 desse perfil que veio a for\u00e7a dele?<\/b><\/p>\n<\/div>\n<div class=\"css-1k9op6x e17x9cvu0\" dir=\"ltr\">\n<p class=\"css-s4cjt0 e1yuyadm0\" dir=\"ltr\"><b>Nunes \u2013<\/b>\u00a0Com certeza. Acho que\u00a0<a class=\"focusIndicatorReducedWidth css-n8oauk e1h2ur550\" href=\"https:\/\/www.bbc.com\/portuguese\/topics\/cy6z19wz1zet\">a elei\u00e7\u00e3o de 2024<\/a>\u00a0acabou revelando de maneira muito expl\u00edcita esse perfil de eleitor de renda baixa, mas que j\u00e1 n\u00e3o acredita tanto que s\u00f3 o Estado vai resolver o seu problema. Ele j\u00e1 reconhece que s\u00f3 pode contar com ele mesmo.<\/p>\n<\/div>\n<div class=\"css-1k9op6x e17x9cvu0\" dir=\"ltr\">\n<p class=\"css-s4cjt0 e1yuyadm0\" dir=\"ltr\">H\u00e1 um percentual grande de brasileiros que n\u00e3o confia nos outros, que n\u00e3o quer depender de ningu\u00e9m, que acha que ningu\u00e9m vai ajud\u00e1-lo a subir na vida.<\/p>\n<\/div>\n<div class=\"css-1k9op6x e17x9cvu0\" dir=\"ltr\">\n<p class=\"css-s4cjt0 e1yuyadm0\" dir=\"ltr\">At\u00e9 porque, no Brasil a gente acredita muito pouco em mobilidade social. O brasileiro acha que, para crescer na vida, ou voc\u00ea tem que ter sorte, que \u00e9 o que acontece com cantores, jogadores de futebol, ou voc\u00ea tem que ter sido nascido em fam\u00edlia rica. Ent\u00e3o a gente n\u00e3o acredita em mobilidade.<\/p>\n<p dir=\"ltr\"><img data-recalc-dims=\"1\" decoding=\"async\" src=\"https:\/\/i0.wp.com\/ichef.bbci.co.uk\/ace\/ws\/640\/cpsprodpb\/a770\/live\/df41fad0-dabe-11f0-bd31-f7671846bf7f.jpg.webp?w=600&#038;ssl=1\" alt=\"Foto de um adesivo escrito &quot;fim da escala 6x1&quot;.\" \/><\/p>\n<p>&nbsp;<\/p>\n<div class=\"css-1k9op6x e17x9cvu0\" dir=\"ltr\">\n<p class=\"css-s4cjt0 e1yuyadm0\" dir=\"ltr\"><b>BBC News Brasil \u2013 Mas n\u00e3o acredita em meritocracia?<\/b><\/p>\n<\/div>\n<div class=\"css-1k9op6x e17x9cvu0\" dir=\"ltr\">\n<p class=\"css-s4cjt0 e1yuyadm0\" dir=\"ltr\"><b>Nunes &#8211;<\/b>\u00a0A gente acredita num outro tipo de meritocracia, que \u00e9 aquela meritocracia individual. Voc\u00ea faz por merecer, voc\u00ea luta para dar certo, voc\u00ea corre atr\u00e1s dos seus sonhos.<\/p>\n<\/div>\n<div class=\"css-1k9op6x e17x9cvu0\" dir=\"ltr\">\n<p class=\"css-s4cjt0 e1yuyadm0\" dir=\"ltr\">E \u00e9 exatamente porque acredita nesse ideal, que surge espa\u00e7o para que candidatos como o Paulo Mar\u00e7al tenham for\u00e7a, de alguma maneira, de mobilizar, encantar, engajar esse p\u00fablico jovem que acredita em empreendedorismo, que acredita no m\u00e9rito individual, n\u00e3o na din\u00e2mica de que a sociedade vai dar espa\u00e7o justo para o m\u00e9rito.<\/p>\n<\/div>\n<div class=\"css-1k9op6x e17x9cvu0\" dir=\"ltr\">\n<p class=\"css-s4cjt0 e1yuyadm0\" dir=\"ltr\">E isso, obviamente, est\u00e1 mudando o mercado de trabalho. \u00c9 onde surgem, por exemplo, as cr\u00edticas \u00e0 CLT, e abre esse espa\u00e7o para o empreendedor individual, que, como eu falei, come\u00e7a a ter um n\u00famero expressivo no pa\u00eds.<\/p>\n<\/div>\n<div class=\"css-1k9op6x e17x9cvu0\" dir=\"ltr\">\n<p class=\"css-s4cjt0 e1yuyadm0\" dir=\"ltr\"><b>BBC News Brasil &#8211; Mas esse movimento de cr\u00edtica \u00e0 CLT \u00e9 sustent\u00e1vel?<\/b><\/p>\n<\/div>\n<div class=\"css-1k9op6x e17x9cvu0\" dir=\"ltr\">\n<p class=\"css-s4cjt0 e1yuyadm0\" dir=\"ltr\"><b>Nunes &#8211;\u00a0<\/b>Pouca gente se deu conta de que a elei\u00e7\u00e3o de 2026 vai ser uma elei\u00e7\u00e3o sobre o mercado de trabalho.<\/p>\n<\/div>\n<div class=\"css-1k9op6x e17x9cvu0\" dir=\"ltr\">\n<p class=\"css-s4cjt0 e1yuyadm0\" dir=\"ltr\">O Brasil est\u00e1 cansado. As pessoas est\u00e3o tendo que fazer mais de um trabalho para dar conta das suas rendas individuais, das suas despesas. O aumento da renda no Brasil n\u00e3o significou que as pessoas hoje conseguem ter um poder de compra que d\u00ea a elas o que elas sonham, desejam. Em alguma medida, esse sonho e desejo ficou quase inating\u00edvel, porque nas redes sociais, hoje voc\u00ea tem acesso \u00e0quilo que \u00e9 inimagin\u00e1vel no mundo inteiro.<\/p>\n<\/div>\n<div class=\"css-1k9op6x e17x9cvu0\" dir=\"ltr\">\n<p class=\"css-s4cjt0 e1yuyadm0\" dir=\"ltr\">As pessoas est\u00e3o muito cansadas, trabalhando demais, frustradas e querendo uma vida mais flex\u00edvel. Por isso, a escala 6&#215;1 \u00e9 um debate que, na minha vis\u00e3o, vai ser fundamental para a elei\u00e7\u00e3o de 26.<\/p>\n<\/div>\n<div class=\"css-1k9op6x e17x9cvu0\" dir=\"ltr\">\n<p class=\"css-s4cjt0 e1yuyadm0\" dir=\"ltr\">Para as mulheres que, como eu disse aqui, t\u00eam que cuidar da casa, cuidar da fam\u00edlia, ir trabalhar, flexibilidade \u00e9 important\u00edssimo. No caso dos homens, que na vis\u00e3o dos brasileiros, t\u00eam que ter for\u00e7a, poder, prote\u00e7\u00e3o, para eles a flexibilidade \u00e9 importante tamb\u00e9m, para qu\u00ea? Para conseguir ganhar mais dinheiro.<\/p>\n<\/div>\n<div class=\"css-1k9op6x e17x9cvu0\" dir=\"ltr\">\n<p class=\"css-s4cjt0 e1yuyadm0\" dir=\"ltr\">Ent\u00e3o, a din\u00e2mica do mercado de trabalho, para mim, vai ser um dos temas centrais da elei\u00e7\u00e3o do ano que vem. E o que a gente vai discutir \u00e9 at\u00e9 onde a gente quer ir como sociedade, com o debate da prote\u00e7\u00e3o social, porque os brasileiros n\u00e3o querem perder prote\u00e7\u00e3o social, mas querem ganhar flexibilidade.<\/p>\n<\/div>\n<div class=\"css-1k9op6x e17x9cvu0\" dir=\"ltr\">\n<p class=\"css-s4cjt0 e1yuyadm0\" dir=\"ltr\">\u00c9 no debate entre a flexibilidade e a prote\u00e7\u00e3o social, que, na minha vis\u00e3o, a gente vai encontrar a constru\u00e7\u00e3o de uma maioria eleitoral.<\/p>\n<\/div>\n<div class=\"css-1k9op6x e17x9cvu0\" dir=\"ltr\">\n<p class=\"css-s4cjt0 e1yuyadm0\" dir=\"ltr\"><b>BBC News Brasil &#8211; E vai ter espa\u00e7o para um Pablo Mar\u00e7al, ou outro\u00a0<\/b><i class=\"css-6whwaq e1vymu7d0\"><b>outsider\u00a0<\/b><\/i><b>em 2026?<\/b><\/p>\n<\/div>\n<div class=\"css-1k9op6x e17x9cvu0\" dir=\"ltr\">\n<p class=\"css-s4cjt0 e1yuyadm0\" dir=\"ltr\"><b>Nunes &#8211;<\/b>\u00a0Discutir o espa\u00e7o pol\u00edtico \u00e9, em alguma medida, misturar demanda e oferta. A apresenta\u00e7\u00e3o da candidatura tem que acontecer e voc\u00ea tem que ter demanda eleitoral.<\/p>\n<\/div>\n<div class=\"css-1k9op6x e17x9cvu0\" dir=\"ltr\">\n<p class=\"css-s4cjt0 e1yuyadm0\" dir=\"ltr\">Nas pesquisas que eu tenho feito na Quaest, eu vejo, sim, espa\u00e7o para um<i class=\"css-6whwaq e1vymu7d0\">\u00a0outsider<\/i>. Exatamente por esse cansa\u00e7o, exatamente por essa fadiga da vis\u00e3o pol\u00edtica.<\/p>\n<\/div>\n<div class=\"css-1k9op6x e17x9cvu0\" dir=\"ltr\">\n<p class=\"css-s4cjt0 e1yuyadm0\" dir=\"ltr\">Hoje a gente tem o Congresso Nacional de alguma maneira sofrendo ataques diretos pela sociedade brasileira, que inclusive se manifesta, vai \u00e0s ruas por conta disso, por uma vis\u00e3o de que h\u00e1 uma blindagem pr\u00f3pria.<\/p>\n<\/div>\n<div class=\"css-1k9op6x e17x9cvu0\" dir=\"ltr\">\n<p class=\"css-s4cjt0 e1yuyadm0\" dir=\"ltr\">Tudo isso alimenta, em grande medida, o sentimento de\u00a0<i class=\"css-6whwaq e1vymu7d0\">outsider,<\/i>\u00a0sentimento esse que tamb\u00e9m \u00e9 alimentado pelo fato de que as pessoas, mesmo reconhecendo que a economia melhorou, n\u00e3o acham que a economia melhorou para elas. Ent\u00e3o, isso, obviamente, d\u00e1 espa\u00e7o para o salvador da p\u00e1tria.<\/p>\n<\/div>\n<div class=\"css-1k9op6x e17x9cvu0\" dir=\"ltr\">\n<p class=\"css-s4cjt0 e1yuyadm0\" dir=\"ltr\">A quest\u00e3o \u00e9 saber se o sistema pol\u00edtico vai permitir que isso aconte\u00e7a, porque hoje voc\u00ea tem um n\u00famero menor de partidos pol\u00edticos, partidos mais coordenados, e se eles n\u00e3o abrirem espa\u00e7o para esse<i class=\"css-6whwaq e1vymu7d0\">\u00a0outsider<\/i>, ele simplesmente n\u00e3o vira uma op\u00e7\u00e3o eleitoral.<\/p>\n<\/div>\n<div class=\"css-1k9op6x e17x9cvu0\" dir=\"ltr\">\n<p class=\"css-s4cjt0 e1yuyadm0\" dir=\"ltr\"><b>BBC News Brasil \u2013 Voc\u00ea disse em uma entrevista que se os brasileiros forem \u00e0s urnas inseguros, eles v\u00e3o votar contra o Lula. Por qu\u00ea?<\/b><\/p>\n<\/div>\n<div class=\"css-1k9op6x e17x9cvu0\" dir=\"ltr\">\n<p class=\"css-s4cjt0 e1yuyadm0\" dir=\"ltr\"><b>Nunes &#8211;<\/b>\u00a0Primeiro, porque a inseguran\u00e7a \u00e9 o principal ativo do medo e da necessidade de mudan\u00e7a. Quem vota inseguro \u00e9 quem est\u00e1 olhando para a din\u00e2mica da viol\u00eancia, da inseguran\u00e7a p\u00fablica, est\u00e1 buscando um n\u00edvel de punitivismo e um n\u00edvel de a\u00e7\u00e3o do Estado mais violento do que eu diria proposto por este governo e por partidos de esquerda de maneira mais geral.<\/p>\n<\/div>\n<div class=\"css-1k9op6x e17x9cvu0\" dir=\"ltr\">\n<p class=\"css-s4cjt0 e1yuyadm0\" dir=\"ltr\">Quanto mais inseguro o eleitor for, mais ele vai buscar outro tipo de postura, uma postura mais forte, de mais combate a essa din\u00e2mica. A d\u00favida que eu tenho \u00e9 se este ser\u00e1 o sentimento final mais importante para 2026.<\/p>\n<\/div>\n<div class=\"css-1k9op6x e17x9cvu0\" dir=\"ltr\">\n<p class=\"css-s4cjt0 e1yuyadm0\" dir=\"ltr\">O que eu tenho certeza \u00e9 que se for ativado o eleitor nesses termos, h\u00e1 uma probabilidade enorme de que ele vote contra esse\u00a0<i class=\"css-6whwaq e1vymu7d0\">status quo<\/i>\u00a0em busca de uma mudan\u00e7a mais punitivista e n\u00e3o armamentista.<\/p>\n<\/div>\n<div class=\"css-1k9op6x e17x9cvu0\" dir=\"ltr\">\n<p class=\"css-s4cjt0 e1yuyadm0\" dir=\"ltr\"><b>BBC News Brasil &#8211; Independentemente se ele, o eleitor, for mais progressista?<\/b><\/p>\n<\/div>\n<div class=\"css-1k9op6x e17x9cvu0\" dir=\"ltr\">\n<p class=\"css-s4cjt0 e1yuyadm0\" dir=\"ltr\"><b>Nunes &#8211;\u00a0<\/b>Claro que eleitores mais progressistas tendem a tamb\u00e9m ter menos inseguran\u00e7a. Eles acabam sendo mais autoexpressivos, se permitem viver experi\u00eancias, inclusive p\u00fablicas, menos preocupadas com o tema da viol\u00eancia.<\/p>\n<\/div>\n<div class=\"css-1k9op6x e17x9cvu0\" dir=\"ltr\">\n<p class=\"css-s4cjt0 e1yuyadm0\" dir=\"ltr\">Mas o que \u00e9 curioso \u00e9 que mesmo na base eleitoral do Lula, onde ele \u00e9 mais forte, que \u00e9 a regi\u00e3o Nordeste, a preocupa\u00e7\u00e3o com a viol\u00eancia chegou em n\u00edveis muito altos. Eu diria ent\u00e3o que n\u00e3o \u00e9 mais uma quest\u00e3o de vis\u00e3o ideol\u00f3gica, \u00e9 uma preocupa\u00e7\u00e3o individual de como o indiv\u00edduo trata o seu medo mais primitivo, que \u00e9 de sobreviv\u00eancia, dos seus filhos poderem voltar para casa, das suas filhas mulheres sofrerem viol\u00eancia dentro e fora de casa.<\/p>\n<\/div>\n<div class=\"css-1k9op6x e17x9cvu0\" dir=\"ltr\">\n<p class=\"css-s4cjt0 e1yuyadm0\" dir=\"ltr\">Eu acho que essa \u00e9 uma din\u00e2mica que acaba ultrapassando os limites ideol\u00f3gicos.<\/p>\n<\/div>\n<div class=\"css-1k9op6x e17x9cvu0\" dir=\"ltr\">\n<p class=\"css-s4cjt0 e1yuyadm0\" dir=\"ltr\"><b>BBC News Brasil &#8211; A gente falou aqui de viol\u00eancia, de mercado de trabalho. O que mais estar\u00e1 na pauta da elei\u00e7\u00e3o do pr\u00f3ximo ano?<\/b><\/p>\n<\/div>\n<div class=\"css-1k9op6x e17x9cvu0\" dir=\"ltr\">\n<p class=\"css-s4cjt0 e1yuyadm0\" dir=\"ltr\"><b>Nunes<\/b>\u00a0&#8211; O supermercado.<\/p>\n<\/div>\n<div class=\"css-1k9op6x e17x9cvu0\" dir=\"ltr\">\n<p class=\"css-s4cjt0 e1yuyadm0\" dir=\"ltr\">\u00c9 o supermercado que acaba ajudando a gente a entender a din\u00e2mica da continuidade ou da mudan\u00e7a dos governos.<\/p>\n<\/div>\n<div class=\"css-1k9op6x e17x9cvu0\" dir=\"ltr\">\n<p class=\"css-s4cjt0 e1yuyadm0\" dir=\"ltr\">Boa parte da renda dos brasileiros \u00e9 utilizada para comprar alimentos. Isso \u00e9 ainda mais forte quanto mais pobre se \u00e9. Ent\u00e3o, se a infla\u00e7\u00e3o de alimentos est\u00e1 baixa, est\u00e1 controlada, se o consumo de alimentos est\u00e1 acess\u00edvel aos brasileiros, eles tendem a reconhecer que o governo est\u00e1 indo bem e que, portanto, sobra mais dinheiro para fazer outras coisas, pagar d\u00edvidas, e, em alguma medida, ter algum lazer, comprar algum produto necess\u00e1rio para casa.<\/p>\n<\/div>\n<div class=\"css-1k9op6x e17x9cvu0\" dir=\"ltr\">\n<p class=\"css-s4cjt0 e1yuyadm0\" dir=\"ltr\">Quando os pre\u00e7os dos alimentos est\u00e3o altos, o que sobra da renda \u00e9 muito pouco, o que acaba gerando o mau-humor eleitoral.<\/p>\n<\/div>\n<div class=\"css-1k9op6x e17x9cvu0\" dir=\"ltr\">\n<p class=\"css-s4cjt0 e1yuyadm0\" dir=\"ltr\">Ent\u00e3o eu olharia para o mercado de trabalho, olharia para a viol\u00eancia, mas eu tamb\u00e9m olharia para a din\u00e2mica dos alimentos nos supermercados.<\/p>\n<\/div>\n<div class=\"css-1k9op6x e17x9cvu0\" dir=\"ltr\">\n<p class=\"css-s4cjt0 e1yuyadm0\" dir=\"ltr\"><b>BBC News Brasil &#8211; Qual \u00e9 o papel das redes sociais nesses perfis? Elas moldaram algum perfil de brasileiro?<\/b><\/p>\n<\/div>\n<div class=\"css-1k9op6x e17x9cvu0\" dir=\"ltr\">\n<p class=\"css-s4cjt0 e1yuyadm0\" dir=\"ltr\"><b>Nunes &#8211;\u00a0<\/b>Eu s\u00f3 consigo entender a exist\u00eancia dessas nove bolhas porque elas se informam de maneira customizada, acessam informa\u00e7\u00e3o de lugares espec\u00edficos e, de alguma maneira, elas buscam confirmar os vieses constitu\u00eddos nas identidades e valores que cada uma dessas bolhas tem.<\/p>\n<\/div>\n<div class=\"css-1k9op6x e17x9cvu0\" dir=\"ltr\">\n<p class=\"css-s4cjt0 e1yuyadm0\" dir=\"ltr\">As redes s\u00e3o fundamentais para entender esse novo processo de disputa informacional. Isso acaba reafirmando a continuidade e a constitui\u00e7\u00e3o dessas bolhas. Mais do que mudar de lado ou mudar de bolha, o que as redes fazem \u00e9 fazer com que a gente se feche cada vez mais dentro dessa nossa tribo.<\/p>\n<\/div>\n<div class=\"css-1k9op6x e17x9cvu0\" dir=\"ltr\">\n<p class=\"css-s4cjt0 e1yuyadm0\" dir=\"ltr\"><b>BBC News Brasil \u2013 E nesse aspecto, tem algum ponto em comum?<\/b><\/p>\n<\/div>\n<div class=\"css-1k9op6x e17x9cvu0\" dir=\"ltr\">\n<p class=\"css-s4cjt0 e1yuyadm0\" dir=\"ltr\"><b>Nunes &#8211;\u00a0<\/b>A plataforma que os brasileiros mais utilizam \u00e9 o WhatsApp. Em segundo lugar, o YouTube, onde as pessoas mais buscam informa\u00e7\u00e3o. Ali, elas aprendem n\u00e3o s\u00f3 o que fazer, mas buscam informa\u00e7\u00e3o que, de alguma maneira, ajude elas a tomar a decis\u00e3o.<\/p>\n<\/div>\n<div class=\"css-1k9op6x e17x9cvu0\" dir=\"ltr\">\n<p class=\"css-s4cjt0 e1yuyadm0\" dir=\"ltr\">E ali est\u00e3o os principais cortes que ajudam as pessoas a buscar informa\u00e7\u00e3o tamb\u00e9m.<\/p>\n<\/div>\n<div class=\"css-1k9op6x e17x9cvu0\" dir=\"ltr\">\n<p class=\"css-s4cjt0 e1yuyadm0\" dir=\"ltr\">Essas duas plataformas fazem parte hoje do dia a dia dos brasileiros. Assim como a TV, os jornais, essa m\u00eddia tradicional que continua, como eu disse, paralela, ali, influenciando, engajando e mobilizando o Brasil.<\/p>\n<\/div>\n<div class=\"css-1k9op6x e17x9cvu0\" dir=\"ltr\">\n<p class=\"css-s4cjt0 e1yuyadm0\" dir=\"ltr\"><b>BBC News Brasil \u2013 E qual o n\u00edvel de informa\u00e7\u00e3o do brasileiro?<\/b><\/p>\n<\/div>\n<div class=\"css-1k9op6x e17x9cvu0\" dir=\"ltr\">\n<p class=\"css-s4cjt0 e1yuyadm0\" dir=\"ltr\"><b>Nunes &#8211;<\/b>\u00a0Eu aproveitei esse estudo para tentar, de alguma maneira, diagnosticar o grau de conhecimento factual dos brasileiros. Fiz quatro perguntas b\u00e1sicas sobre economia, desemprego, seguran\u00e7a e sa\u00fade. Temas factuais, voc\u00ea n\u00e3o precisava ter forma\u00e7\u00e3o acad\u00eamica, ter lido muito livro. Bastava acompanhar o que estava acontecendo no Brasil, que voc\u00ea saberia responder essas quest\u00f5es.<\/p>\n<\/div>\n<div class=\"css-1k9op6x e17x9cvu0\" dir=\"ltr\">\n<p class=\"css-s4cjt0 e1yuyadm0\" dir=\"ltr\">E o que a gente encontrou? 42% dos brasileiros n\u00e3o acertaram nenhuma dessas quatro quest\u00f5es. Quase metade dos brasileiros n\u00e3o tinha ideia do que estava acontecendo \u00e0 sua volta.<\/p>\n<\/div>\n<div class=\"css-1k9op6x e17x9cvu0\" dir=\"ltr\">\n<p class=\"css-s4cjt0 e1yuyadm0\" dir=\"ltr\">Esse dado \u00e9 triste, mas eu acho que, de alguma maneira, a gente reconhece isso exatamente pela falta da educa\u00e7\u00e3o.<\/p>\n<\/div>\n<div class=\"css-1k9op6x e17x9cvu0\" dir=\"ltr\">\n<p class=\"css-s4cjt0 e1yuyadm0\" dir=\"ltr\">Mas a segunda quest\u00e3o \u00e9 mais importante do que essa. Perguntei para todos esses quase 10 mil brasileiros quantas dessas perguntas eles achavam que tinham acertado. E 70% dos brasileiros superestima o que sabe.<\/p>\n<\/div>\n<div class=\"css-1k9op6x e17x9cvu0\" dir=\"ltr\">\n<p class=\"css-s4cjt0 e1yuyadm0\" dir=\"ltr\">Ou seja, n\u00f3s estamos falando de uma popula\u00e7\u00e3o que vai para o embate p\u00fablico, que vai para o debate sobre pol\u00edtica, sobre economia, sobre sa\u00fade p\u00fablica, achando que sabe mais do que sabe.<\/p>\n<\/div>\n<div class=\"css-1k9op6x e17x9cvu0\" dir=\"ltr\">\n<p class=\"css-s4cjt0 e1yuyadm0\" dir=\"ltr\">Por um lado, refor\u00e7a neles a n\u00e3o necessidade de estudar mais, de procurar informa\u00e7\u00e3o, de sair da bolha, o que \u00e9 terr\u00edvel. E, por outro lado, acaba produzindo conflitos sociais muito grandes, porque voc\u00ea est\u00e1 sempre olhando para o outro, n\u00e3o olhando para o espelho, mas olhando para o outro como um advers\u00e1rio, como um inimigo, como algu\u00e9m que n\u00e3o sabe nada e voc\u00ea sabe.<\/p>\n<\/div>\n<div class=\"css-1k9op6x e17x9cvu0\" dir=\"ltr\">\n<p class=\"css-s4cjt0 e1yuyadm0\" dir=\"ltr\">Tudo isso produz o que eu chamo a ilus\u00e3o do conhecimento. \u00c9 algo que eu espero que esse livro ajude a de alguma maneira combater. Quanto mais a gente investe em educa\u00e7\u00e3o e quanto mais a gente investe em jornalismo profissional e transforma isso em um h\u00e1bito do Brasil, menor \u00e9 a ilus\u00e3o do conhecimento no pa\u00eds.<\/p>\n<\/div>\n<div class=\"css-1k9op6x e17x9cvu0\" dir=\"ltr\">\n<p class=\"css-s4cjt0 e1yuyadm0\" dir=\"ltr\">Esse livro traz uma contribui\u00e7\u00e3o para a gente pensar o Brasil de 26, com elei\u00e7\u00f5es, com tanta informa\u00e7\u00e3o que vai circular, com pensamento mais cr\u00edtico, com a maior necessidade de confiar na informa\u00e7\u00e3o qualificada, naquela informa\u00e7\u00e3o profissional jornal\u00edstica que \u00e9 t\u00e3o importante.<\/p>\n<\/div>\n<div class=\"css-1k9op6x e17x9cvu0\" dir=\"ltr\">\n<p class=\"css-s4cjt0 e1yuyadm0\" dir=\"ltr\">E junto com isso, a gente discutir a necessidade, a import\u00e2ncia de mais e melhor educa\u00e7\u00e3o no Brasil.<\/p>\n<\/div>\n<p>&nbsp;<\/p>\n<aside class=\"css-mkh4es\" role=\"complementary\" data-testid=\"related-topics\" aria-labelledby=\"related-topics\">\n<div class=\"css-7bexm3 ezpyjye0\">\n<h2 id=\"section-label-heading-related-topics\" class=\"css-a5e1ct ezpyjye1\" tabindex=\"-1\"><\/h2>\n<\/div>\n<\/aside>\n<\/div>\n<\/div>\n<\/div>\n<figure class=\"css-1qn0xuy\"><\/figure>\n<\/div>\n<\/div>\n<\/div>\n<\/section>\n<\/div>\n<\/div>\n<\/div>\n<\/section>\n","protected":false},"excerpt":{"rendered":"<p>BBC &#8211; Os brasileiros est\u00e3o cansados, trabalhando demais, frustrados e querendo uma vida mais flex\u00edvel. E esse sentimento vai ser um dos nortes do debate eleitoral de 2026.<\/p>\n","protected":false},"author":1,"featured_media":0,"comment_status":"closed","ping_status":"open","sticky":false,"template":"","format":"standard","meta":{"_exactmetrics_skip_tracking":false,"_exactmetrics_sitenote_active":false,"_exactmetrics_sitenote_note":"","_exactmetrics_sitenote_category":0,"jetpack_post_was_ever_published":false,"_jetpack_newsletter_access":"","_jetpack_dont_email_post_to_subs":false,"_jetpack_newsletter_tier_id":0,"_jetpack_memberships_contains_paywalled_content":false,"_jetpack_memberships_contains_paid_content":false,"footnotes":"","jetpack_publicize_message":"","jetpack_publicize_feature_enabled":true,"jetpack_social_post_already_shared":true,"jetpack_social_options":{"image_generator_settings":{"template":"highway","enabled":false},"version":2}},"categories":[1],"tags":[1183,1602,1184],"class_list":["post-38053","post","type-post","status-publish","format-standard","hentry","category-notas","tag-6x1","tag-escala","tag-trabalho"],"jetpack_publicize_connections":[],"jetpack_sharing_enabled":true,"jetpack_featured_media_url":"","jetpack_shortlink":"https:\/\/wp.me\/p7wKYW-9TL","jetpack-related-posts":[],"_links":{"self":[{"href":"http:\/\/blogdalucianaoliveira.com.br\/blog\/wp-json\/wp\/v2\/posts\/38053","targetHints":{"allow":["GET"]}}],"collection":[{"href":"http:\/\/blogdalucianaoliveira.com.br\/blog\/wp-json\/wp\/v2\/posts"}],"about":[{"href":"http:\/\/blogdalucianaoliveira.com.br\/blog\/wp-json\/wp\/v2\/types\/post"}],"author":[{"embeddable":true,"href":"http:\/\/blogdalucianaoliveira.com.br\/blog\/wp-json\/wp\/v2\/users\/1"}],"replies":[{"embeddable":true,"href":"http:\/\/blogdalucianaoliveira.com.br\/blog\/wp-json\/wp\/v2\/comments?post=38053"}],"version-history":[{"count":3,"href":"http:\/\/blogdalucianaoliveira.com.br\/blog\/wp-json\/wp\/v2\/posts\/38053\/revisions"}],"predecessor-version":[{"id":38068,"href":"http:\/\/blogdalucianaoliveira.com.br\/blog\/wp-json\/wp\/v2\/posts\/38053\/revisions\/38068"}],"wp:attachment":[{"href":"http:\/\/blogdalucianaoliveira.com.br\/blog\/wp-json\/wp\/v2\/media?parent=38053"}],"wp:term":[{"taxonomy":"category","embeddable":true,"href":"http:\/\/blogdalucianaoliveira.com.br\/blog\/wp-json\/wp\/v2\/categories?post=38053"},{"taxonomy":"post_tag","embeddable":true,"href":"http:\/\/blogdalucianaoliveira.com.br\/blog\/wp-json\/wp\/v2\/tags?post=38053"}],"curies":[{"name":"wp","href":"https:\/\/api.w.org\/{rel}","templated":true}]}}