{"id":38060,"date":"2025-12-22T12:55:10","date_gmt":"2025-12-22T16:55:10","guid":{"rendered":"https:\/\/blogdalucianaoliveira.com.br\/blog\/?p=38060"},"modified":"2025-12-22T12:55:10","modified_gmt":"2025-12-22T16:55:10","slug":"antes-de-fernanda-torres-havaianas-disse-que-pe-esquerdo-da-azar","status":"publish","type":"post","link":"http:\/\/blogdalucianaoliveira.com.br\/blog\/2025\/12\/22\/antes-de-fernanda-torres-havaianas-disse-que-pe-esquerdo-da-azar\/","title":{"rendered":"Antes de Fernanda Torres, Havaianas disse que p\u00e9 esquerdo d\u00e1 azar"},"content":{"rendered":"<p>&nbsp;<\/p>\n<p><img data-recalc-dims=\"1\" loading=\"lazy\" decoding=\"async\" data-attachment-id=\"38061\" data-permalink=\"http:\/\/blogdalucianaoliveira.com.br\/blog\/2025\/12\/22\/antes-de-fernanda-torres-havaianas-disse-que-pe-esquerdo-da-azar\/img_2935\/\" data-orig-file=\"https:\/\/i0.wp.com\/blogdalucianaoliveira.com.br\/blog\/wp-content\/uploads\/2025\/12\/IMG_2935.jpeg?fit=1080%2C599\" data-orig-size=\"1080,599\" data-comments-opened=\"0\" data-image-meta=\"{&quot;aperture&quot;:&quot;0&quot;,&quot;credit&quot;:&quot;&quot;,&quot;camera&quot;:&quot;&quot;,&quot;caption&quot;:&quot;&quot;,&quot;created_timestamp&quot;:&quot;0&quot;,&quot;copyright&quot;:&quot;&quot;,&quot;focal_length&quot;:&quot;0&quot;,&quot;iso&quot;:&quot;0&quot;,&quot;shutter_speed&quot;:&quot;0&quot;,&quot;title&quot;:&quot;&quot;,&quot;orientation&quot;:&quot;1&quot;}\" data-image-title=\"IMG_2935\" data-image-description=\"\" data-image-caption=\"\" data-medium-file=\"https:\/\/i0.wp.com\/blogdalucianaoliveira.com.br\/blog\/wp-content\/uploads\/2025\/12\/IMG_2935.jpeg?fit=300%2C166\" data-large-file=\"https:\/\/i0.wp.com\/blogdalucianaoliveira.com.br\/blog\/wp-content\/uploads\/2025\/12\/IMG_2935.jpeg?fit=600%2C333\" class=\"alignnone size-medium wp-image-38061\" src=\"https:\/\/i0.wp.com\/blogdalucianaoliveira.com.br\/blog\/wp-content\/uploads\/2025\/12\/IMG_2935.jpeg?resize=300%2C166\" alt=\"\" width=\"300\" height=\"166\" srcset=\"https:\/\/i0.wp.com\/blogdalucianaoliveira.com.br\/blog\/wp-content\/uploads\/2025\/12\/IMG_2935.jpeg?resize=300%2C166 300w, https:\/\/i0.wp.com\/blogdalucianaoliveira.com.br\/blog\/wp-content\/uploads\/2025\/12\/IMG_2935.jpeg?resize=1024%2C568 1024w, https:\/\/i0.wp.com\/blogdalucianaoliveira.com.br\/blog\/wp-content\/uploads\/2025\/12\/IMG_2935.jpeg?resize=768%2C426 768w, https:\/\/i0.wp.com\/blogdalucianaoliveira.com.br\/blog\/wp-content\/uploads\/2025\/12\/IMG_2935.jpeg?resize=541%2C300 541w, https:\/\/i0.wp.com\/blogdalucianaoliveira.com.br\/blog\/wp-content\/uploads\/2025\/12\/IMG_2935.jpeg?w=1080 1080w\" sizes=\"auto, (max-width: 300px) 100vw, 300px\" \/><\/p>\n<p>Em 2014, marca brincou com rivalidade Brasil e Argentina e mandou p\u00e9 esquerdo e chinelo para desejar azar para os hermanos<!--more--><\/p>\n<p>Estado de Minas &#8211; A campanha publicit\u00e1ria da<strong> <a href=\"https:\/\/www.em.com.br\/politica\/2025\/12\/7318792-senador-de-minas-propoe-boicote-as-sandalias-havaianas.html\" target=\"_blank\" rel=\"noopener\">Havaianas<\/a><\/strong>, estrelada por Fernanda Torres, vem causando pol\u00eamica nas redes sociais por n\u00e3o desejar que o p\u00fablico comece o ano com o \u201cp\u00e9 direito\u201d. A fala foi interpretada por alguns usu\u00e1rios como uma provoca\u00e7\u00e3o pol\u00edtica a eleitores de direita. No entanto, essa n\u00e3o \u00e9 a primeira vez que a marca brinca com a cren\u00e7a de sorte e azar com os p\u00e9s.<\/p>\n<p>Em comercial veiculado em 2014, na \u00e9poca da Copa do Mundo do Brasil, o ex-jogador Rom\u00e1rio aparece assistindo a um jogo usando apenas um chinelo. Ao ser questionado por um amigo, Rom\u00e1rio explicava que o p\u00e9 esquerdo \u201ct\u00e1 com quem merece\u201d, em uma brincadeira com a rivalidade futebol\u00edstica envolvendo o atleta argentino Diego Maradona (1960-2020).<\/p>\n<p dir=\"ltr\">A campanha terminava com o slogan \u201cO p\u00e9 direito \u00e9 nosso\u201d. A ideia era brincar com a rivalidade Brasil e Argentina, retomando a ideia de que os p\u00e9s do chinelo podem dar azar ou sorte. Na Copa daquele ano, o Brasil foi eliminado nas semifinais com o pior resultado da hist\u00f3ria da sele\u00e7\u00e3o: 7 a 1 para a Alemanha, em pleno Mineir\u00e3o.<\/p>\n<p>J\u00e1 no comercial estrelado por Fernanda Torres, a marca retoma a ideia da sorte, brincando com o conceito de entrar com tudo em 2026. \u201cO que eu desejo \u00e9 que voc\u00ea comece o Ano Novo com os dois p\u00e9s. Os dois p\u00e9s na porta, os dois p\u00e9s na estrada, os dois p\u00e9s na jaca, os dois p\u00e9s onde voc\u00ea quiser. Vai com tudo, de corpo e alma, da cabe\u00e7a aos p\u00e9s\u201d, diz a garota propaganda.<\/p>\n<blockquote class=\"tiktok-embed\" cite=\"https:\/\/www.tiktok.com\/@oficialfernandatorres\/video\/7585214311635635477\" data-video-id=\"7585214311635635477\">\n<section><a title=\"@oficialfernandatorres\" href=\"https:\/\/www.tiktok.com\/@oficialfernandatorres?refer=embed\" target=\"_blank\" rel=\"noopener\">@oficialfernandatorres<\/a><\/p>\n<p class=\"texto\">Vem com tudo, 2026, que a gente vai entrar com os dois p\u00e9s ????<\/p>\n<\/section>\n<\/blockquote>\n<p>No entanto, pol\u00edticos como os deputados federais Nikolas Ferreira (PL-MG) e Bia Kicis (PL-DF) se manifestaram contra a marca. Em publica\u00e7\u00f5es nas redes sociais, ambos defenderam o boicote aos produtos da empresa. Kicis chegou a divulgar um v\u00eddeo descartando um par de chinelos da marca.<\/p>\n<p dir=\"ltr\">A repercuss\u00e3o da campanha tamb\u00e9m ocorre em um momento em que a atriz tem sido associada a debates pol\u00edticos em raz\u00e3o de sua participa\u00e7\u00e3o no filme Ainda Estou Aqui (2024), que aborda um crime ocorrido durante o regime militar brasileiro (1964\u20131985).<\/p>\n<h2 dir=\"ltr\">Outras campanhas pol\u00eamicas<\/h2>\n<p dir=\"ltr\">Em 1994, a atriz Cristiana Oliveira protagonizou um comercial em que ela est\u00e1 se pesando. Ela sobe na balan\u00e7a e se desespera por ter \u201cengordado 20 gramas\u201d. Um rapaz do mesmo local come\u00e7a a sugerir que ele tire pe\u00e7as de roupa para que d\u00ea diferen\u00e7a no peso. Quando ela est\u00e1 prestes a tirar o biqu\u00edni, a atendente do local avisa que a balan\u00e7a est\u00e1 quebrada.<\/p>\n<p dir=\"ltr\">Embora n\u00e3o tenha sido pol\u00eamico \u00e0 \u00e9poca, o v\u00eddeo passou a ser criticado anos depois por refor\u00e7ar padr\u00f5es est\u00e9ticos irreais e a press\u00e3o sobre o corpo feminino. Al\u00e9m disso, h\u00e1 a sexualiza\u00e7\u00e3o da atriz.<br \/>\nEm 2009, um comercial protagonizado por Cau\u00e3 Reymond causou forte repercuss\u00e3o negativa. No filme, uma av\u00f3, interpretada pela atriz L\u00facia Berta, repreende a neta por usar chinelos em um restaurante. Ao ver Cau\u00e3 entrar no local, a senhora comenta que a jovem \u201ctinha que arrumar um rapaz assim\u201d. Quando a neta responde que \u201cdeve ser chato casar com famoso\u201d, a av\u00f3 dispara: \u201cQuem falou em casamento? T\u00f4 falando de sexo. Depois eu que sou atrasada\u201d.<\/p>\n<p dir=\"ltr\">A propaganda foi alvo de in\u00fameras reclama\u00e7\u00f5es e acabou retirada do ar, al\u00e9m de gerar um processo no Conselho Nacional de Autorregulamenta\u00e7\u00e3o Publicit\u00e1ria (Conar). L\u00facia Berta, ent\u00e3o com 84 anos, criticou a decis\u00e3o e afirmou que o tema era tratado com hipocrisia: \u201cSexo est\u00e1 na boca de todo mundo, como bala na boca de crian\u00e7a\u201d. Posteriormente, o comercial foi publicado no YouTube pela ag\u00eancia respons\u00e1vel e acumula centenas de milhares de visualiza\u00e7\u00f5es.<\/p>\n<p dir=\"ltr\">Em 2014, a Havaianas lan\u00e7ou um comercial com Preta Gil (1974-2025) como parte da campanha \u201cTodo mundo tem uma hist\u00f3ria com Havaianas\u201d. No filme, a cantora chega em casa ap\u00f3s uma noite usando salto alto e demonstra al\u00edvio intenso ao cal\u00e7ar os chinelos, com gemidos e express\u00f5es de prazer. Os vizinhos interpretam os sons como uma situa\u00e7\u00e3o sexual.<\/p>\n<p dir=\"ltr\">A resposta da marca foi r\u00e1pida e estrat\u00e9gica. Em parceria com a ag\u00eancia Galeria, a Havaianas fez uma provoca\u00e7\u00e3o nas redes sociais, promoveu um \u201cchinela\u00e7o\u201d, presenteou jogadores do Corinthians com chinelos no vesti\u00e1rio e levou o slogan \u201cVai de Havaianas\u201d para o uniforme e os pain\u00e9is da NeoQu\u00edmica Arena. A a\u00e7\u00e3o foi acompanhada de um comunicado oficial refor\u00e7ando o car\u00e1ter democr\u00e1tico da marca e de um cupom de desconto para torcedores.<\/p>\n","protected":false},"excerpt":{"rendered":"<p>&nbsp; Em 2014, marca brincou com rivalidade Brasil e Argentina e mandou p\u00e9 esquerdo e chinelo para desejar azar para os hermanos<\/p>\n","protected":false},"author":1,"featured_media":0,"comment_status":"closed","ping_status":"open","sticky":false,"template":"","format":"standard","meta":{"_exactmetrics_skip_tracking":false,"_exactmetrics_sitenote_active":false,"_exactmetrics_sitenote_note":"","_exactmetrics_sitenote_category":0,"jetpack_post_was_ever_published":false,"_jetpack_newsletter_access":"","_jetpack_dont_email_post_to_subs":false,"_jetpack_newsletter_tier_id":0,"_jetpack_memberships_contains_paywalled_content":false,"_jetpack_memberships_contains_paid_content":false,"footnotes":"","jetpack_publicize_message":"","jetpack_publicize_feature_enabled":true,"jetpack_social_post_already_shared":true,"jetpack_social_options":{"image_generator_settings":{"template":"highway","enabled":false},"version":2}},"categories":[1],"tags":[973,1230,1604],"class_list":["post-38060","post","type-post","status-publish","format-standard","hentry","category-notas","tag-extrema-direita","tag-fernanda-torres","tag-havaianas"],"jetpack_publicize_connections":[],"jetpack_sharing_enabled":true,"jetpack_featured_media_url":"","jetpack_shortlink":"https:\/\/wp.me\/p7wKYW-9TS","jetpack-related-posts":[],"_links":{"self":[{"href":"http:\/\/blogdalucianaoliveira.com.br\/blog\/wp-json\/wp\/v2\/posts\/38060","targetHints":{"allow":["GET"]}}],"collection":[{"href":"http:\/\/blogdalucianaoliveira.com.br\/blog\/wp-json\/wp\/v2\/posts"}],"about":[{"href":"http:\/\/blogdalucianaoliveira.com.br\/blog\/wp-json\/wp\/v2\/types\/post"}],"author":[{"embeddable":true,"href":"http:\/\/blogdalucianaoliveira.com.br\/blog\/wp-json\/wp\/v2\/users\/1"}],"replies":[{"embeddable":true,"href":"http:\/\/blogdalucianaoliveira.com.br\/blog\/wp-json\/wp\/v2\/comments?post=38060"}],"version-history":[{"count":1,"href":"http:\/\/blogdalucianaoliveira.com.br\/blog\/wp-json\/wp\/v2\/posts\/38060\/revisions"}],"predecessor-version":[{"id":38062,"href":"http:\/\/blogdalucianaoliveira.com.br\/blog\/wp-json\/wp\/v2\/posts\/38060\/revisions\/38062"}],"wp:attachment":[{"href":"http:\/\/blogdalucianaoliveira.com.br\/blog\/wp-json\/wp\/v2\/media?parent=38060"}],"wp:term":[{"taxonomy":"category","embeddable":true,"href":"http:\/\/blogdalucianaoliveira.com.br\/blog\/wp-json\/wp\/v2\/categories?post=38060"},{"taxonomy":"post_tag","embeddable":true,"href":"http:\/\/blogdalucianaoliveira.com.br\/blog\/wp-json\/wp\/v2\/tags?post=38060"}],"curies":[{"name":"wp","href":"https:\/\/api.w.org\/{rel}","templated":true}]}}