{"id":38063,"date":"2025-12-26T09:20:32","date_gmt":"2025-12-26T13:20:32","guid":{"rendered":"https:\/\/blogdalucianaoliveira.com.br\/blog\/?p=38063"},"modified":"2025-12-26T09:20:32","modified_gmt":"2025-12-26T13:20:32","slug":"desfile-do-bloco-pirarucu-do-madeira-sera-no-primeiro-sabado-de-fevereiro","status":"publish","type":"post","link":"http:\/\/blogdalucianaoliveira.com.br\/blog\/2025\/12\/26\/desfile-do-bloco-pirarucu-do-madeira-sera-no-primeiro-sabado-de-fevereiro\/","title":{"rendered":"Desfile do Bloco Pirarucu do Madeira ser\u00e1 no primeiro s\u00e1bado de fevereiro"},"content":{"rendered":"<p><img data-recalc-dims=\"1\" loading=\"lazy\" decoding=\"async\" data-attachment-id=\"38065\" data-permalink=\"http:\/\/blogdalucianaoliveira.com.br\/blog\/2025\/12\/26\/desfile-do-bloco-pirarucu-do-madeira-sera-no-primeiro-sabado-de-fevereiro\/img_3061\/\" data-orig-file=\"https:\/\/i0.wp.com\/blogdalucianaoliveira.com.br\/blog\/wp-content\/uploads\/2025\/12\/IMG_3061.jpeg?fit=1144%2C636\" data-orig-size=\"1144,636\" data-comments-opened=\"0\" data-image-meta=\"{&quot;aperture&quot;:&quot;0&quot;,&quot;credit&quot;:&quot;&quot;,&quot;camera&quot;:&quot;&quot;,&quot;caption&quot;:&quot;&quot;,&quot;created_timestamp&quot;:&quot;0&quot;,&quot;copyright&quot;:&quot;&quot;,&quot;focal_length&quot;:&quot;0&quot;,&quot;iso&quot;:&quot;0&quot;,&quot;shutter_speed&quot;:&quot;0&quot;,&quot;title&quot;:&quot;&quot;,&quot;orientation&quot;:&quot;1&quot;}\" data-image-title=\"IMG_3061\" data-image-description=\"\" data-image-caption=\"\" data-medium-file=\"https:\/\/i0.wp.com\/blogdalucianaoliveira.com.br\/blog\/wp-content\/uploads\/2025\/12\/IMG_3061.jpeg?fit=300%2C167\" data-large-file=\"https:\/\/i0.wp.com\/blogdalucianaoliveira.com.br\/blog\/wp-content\/uploads\/2025\/12\/IMG_3061.jpeg?fit=600%2C333\" class=\"alignnone size-medium wp-image-38065\" src=\"https:\/\/i0.wp.com\/blogdalucianaoliveira.com.br\/blog\/wp-content\/uploads\/2025\/12\/IMG_3061.jpeg?resize=300%2C167\" alt=\"\" width=\"300\" height=\"167\" srcset=\"https:\/\/i0.wp.com\/blogdalucianaoliveira.com.br\/blog\/wp-content\/uploads\/2025\/12\/IMG_3061.jpeg?resize=300%2C167 300w, https:\/\/i0.wp.com\/blogdalucianaoliveira.com.br\/blog\/wp-content\/uploads\/2025\/12\/IMG_3061.jpeg?resize=1024%2C569 1024w, https:\/\/i0.wp.com\/blogdalucianaoliveira.com.br\/blog\/wp-content\/uploads\/2025\/12\/IMG_3061.jpeg?resize=768%2C427 768w, https:\/\/i0.wp.com\/blogdalucianaoliveira.com.br\/blog\/wp-content\/uploads\/2025\/12\/IMG_3061.jpeg?resize=540%2C300 540w, https:\/\/i0.wp.com\/blogdalucianaoliveira.com.br\/blog\/wp-content\/uploads\/2025\/12\/IMG_3061.jpeg?w=1144 1144w\" sizes=\"auto, (max-width: 300px) 100vw, 300px\" \/><\/p>\n<p><strong><em>O homenageado ser\u00e1 o manaura Jos\u00e9 Luiz Machado, carinhosamente chamado \u2018Torrado\u2019<\/em><\/strong><br \/>\n<!--more--><\/p>\n<p class=\"p1\">N\u00e3o \u00e9 a primeira vez que o bloco altera o dia do seu desfile e a inten\u00e7\u00e3o \u00e9 sempre garantir que o calend\u00e1rio de carnaval contemple todos os desfiles. A diretoria acolheu orienta\u00e7\u00e3o dos \u00f3rg\u00e3os de seguran\u00e7a para evitar desfiles no mesmo dia em circuitos diferentes.<\/p>\n<p class=\"p3\"><span class=\"s2\">O desfile que tradicionalmente ocorre no domingo que antecede a abertura do calend\u00e1rio, ser\u00e1 dia 7 de fevereiro, no s\u00e1bado. <\/span><\/p>\n<p class=\"p3\"><span class=\"s2\">\u201cMudamos por quest\u00f5es de seguran\u00e7a, pra facilitar o trabalho dos \u00f3rg\u00e3os fiscalizadores e para manter o desfile do bloco Furac\u00e3o da Zona Sul, que acontece no domingo. Algu\u00e9m tem que ceder ao interesse coletivo e tomamos a iniciativa\u201d, disse Leonardo Segismundo, da diretoria do bloco. <\/span><\/p>\n<p class=\"p3\"><span class=\"s2\">Fora isso, n\u00e3o h\u00e1 altera\u00e7\u00e3o no formato. O bloco concentra a partir das 16 hs e inicia seu desfile por volta das 17 hs, no circuito da Pinheiro Machado. <\/span><\/p>\n<p class=\"p3\"><span class=\"s2\">Sem corda e venda de abad\u00e1s, com a banda Puraqu\u00e9, aos 33 anos seguir\u00e1 como o bloco mais inclusivo do carnaval de Porto Velho.<\/span><\/p>\n<p><img data-recalc-dims=\"1\" loading=\"lazy\" decoding=\"async\" data-attachment-id=\"38066\" data-permalink=\"http:\/\/blogdalucianaoliveira.com.br\/blog\/2025\/12\/26\/desfile-do-bloco-pirarucu-do-madeira-sera-no-primeiro-sabado-de-fevereiro\/torrado-zip-1\/\" data-orig-file=\"https:\/\/i0.wp.com\/blogdalucianaoliveira.com.br\/blog\/wp-content\/uploads\/2025\/12\/TORRADO.zip-1.png?fit=1080%2C1350\" data-orig-size=\"1080,1350\" data-comments-opened=\"0\" data-image-meta=\"{&quot;aperture&quot;:&quot;0&quot;,&quot;credit&quot;:&quot;&quot;,&quot;camera&quot;:&quot;&quot;,&quot;caption&quot;:&quot;&quot;,&quot;created_timestamp&quot;:&quot;0&quot;,&quot;copyright&quot;:&quot;&quot;,&quot;focal_length&quot;:&quot;0&quot;,&quot;iso&quot;:&quot;0&quot;,&quot;shutter_speed&quot;:&quot;0&quot;,&quot;title&quot;:&quot;&quot;,&quot;orientation&quot;:&quot;0&quot;}\" data-image-title=\"TORRADO.zip &amp;#8211; 1\" data-image-description=\"\" data-image-caption=\"\" data-medium-file=\"https:\/\/i0.wp.com\/blogdalucianaoliveira.com.br\/blog\/wp-content\/uploads\/2025\/12\/TORRADO.zip-1.png?fit=240%2C300\" data-large-file=\"https:\/\/i0.wp.com\/blogdalucianaoliveira.com.br\/blog\/wp-content\/uploads\/2025\/12\/TORRADO.zip-1.png?fit=600%2C750\" class=\"size-medium wp-image-38066 alignleft\" src=\"https:\/\/i0.wp.com\/blogdalucianaoliveira.com.br\/blog\/wp-content\/uploads\/2025\/12\/TORRADO.zip-1.png?resize=240%2C300\" alt=\"\" width=\"240\" height=\"300\" srcset=\"https:\/\/i0.wp.com\/blogdalucianaoliveira.com.br\/blog\/wp-content\/uploads\/2025\/12\/TORRADO.zip-1.png?resize=240%2C300 240w, https:\/\/i0.wp.com\/blogdalucianaoliveira.com.br\/blog\/wp-content\/uploads\/2025\/12\/TORRADO.zip-1.png?resize=819%2C1024 819w, https:\/\/i0.wp.com\/blogdalucianaoliveira.com.br\/blog\/wp-content\/uploads\/2025\/12\/TORRADO.zip-1.png?resize=768%2C960 768w, https:\/\/i0.wp.com\/blogdalucianaoliveira.com.br\/blog\/wp-content\/uploads\/2025\/12\/TORRADO.zip-1.png?w=1080 1080w\" sizes=\"auto, (max-width: 240px) 100vw, 240px\" \/><\/p>\n<p class=\"p3\"><span class=\"s3\">O homenageado ser\u00e1 o manaura Jos\u00e9 Luiz Machado, carinhosamente chamado \u2018Torrado\u2019.<\/span><\/p>\n<p class=\"p3\"><span class=\"s3\">O dono de uma voz potente que emociona e transborda alegria, preencheu todos os espa\u00e7os da cultura popular como menestrel do samba.<\/span><\/p>\n<p class=\"p3\"><span class=\"s3\">\u201cMais que justa \u00e9 necess\u00e1ria a homenagem a Torrado, pois ele segue vigorosamente ativo cantando, compondo e sambando aos 77 anos. \u00c9 um presente do bloco, do povo e da cidade pela sua contribui\u00e7\u00e3o \u00e0 cultura\u201d, disse Ernande Segismundo, presidente do bloco.<\/span><\/p>\n<p class=\"p3\"><span class=\"s3\">O compositor e parceiro de tantos sambistas ter\u00e1 sua trajet\u00f3ria cultural exaltada com frevo, ax\u00e9, samba e MPB remixada em ritmo de carnaval. <\/span><\/p>\n","protected":false},"excerpt":{"rendered":"<p>O homenageado ser\u00e1 o manaura Jos\u00e9 Luiz Machado, carinhosamente chamado \u2018Torrado\u2019<\/p>\n","protected":false},"author":1,"featured_media":0,"comment_status":"closed","ping_status":"open","sticky":false,"template":"","format":"standard","meta":{"_exactmetrics_skip_tracking":false,"_exactmetrics_sitenote_active":false,"_exactmetrics_sitenote_note":"","_exactmetrics_sitenote_category":0,"jetpack_post_was_ever_published":false,"_jetpack_newsletter_access":"","_jetpack_dont_email_post_to_subs":false,"_jetpack_newsletter_tier_id":0,"_jetpack_memberships_contains_paywalled_content":false,"_jetpack_memberships_contains_paid_content":false,"footnotes":"","jetpack_publicize_message":"","jetpack_publicize_feature_enabled":true,"jetpack_social_post_already_shared":true,"jetpack_social_options":{"image_generator_settings":{"template":"highway","enabled":false},"version":2}},"categories":[1],"tags":[821,1558,935,1557],"class_list":["post-38063","post","type-post","status-publish","format-standard","hentry","category-notas","tag-bloco-pirarucu-do-madeira","tag-carnaval-2026","tag-desfile","tag-torrado"],"jetpack_publicize_connections":[],"jetpack_sharing_enabled":true,"jetpack_featured_media_url":"","jetpack_shortlink":"https:\/\/wp.me\/p7wKYW-9TV","jetpack-related-posts":[],"_links":{"self":[{"href":"http:\/\/blogdalucianaoliveira.com.br\/blog\/wp-json\/wp\/v2\/posts\/38063","targetHints":{"allow":["GET"]}}],"collection":[{"href":"http:\/\/blogdalucianaoliveira.com.br\/blog\/wp-json\/wp\/v2\/posts"}],"about":[{"href":"http:\/\/blogdalucianaoliveira.com.br\/blog\/wp-json\/wp\/v2\/types\/post"}],"author":[{"embeddable":true,"href":"http:\/\/blogdalucianaoliveira.com.br\/blog\/wp-json\/wp\/v2\/users\/1"}],"replies":[{"embeddable":true,"href":"http:\/\/blogdalucianaoliveira.com.br\/blog\/wp-json\/wp\/v2\/comments?post=38063"}],"version-history":[{"count":1,"href":"http:\/\/blogdalucianaoliveira.com.br\/blog\/wp-json\/wp\/v2\/posts\/38063\/revisions"}],"predecessor-version":[{"id":38067,"href":"http:\/\/blogdalucianaoliveira.com.br\/blog\/wp-json\/wp\/v2\/posts\/38063\/revisions\/38067"}],"wp:attachment":[{"href":"http:\/\/blogdalucianaoliveira.com.br\/blog\/wp-json\/wp\/v2\/media?parent=38063"}],"wp:term":[{"taxonomy":"category","embeddable":true,"href":"http:\/\/blogdalucianaoliveira.com.br\/blog\/wp-json\/wp\/v2\/categories?post=38063"},{"taxonomy":"post_tag","embeddable":true,"href":"http:\/\/blogdalucianaoliveira.com.br\/blog\/wp-json\/wp\/v2\/tags?post=38063"}],"curies":[{"name":"wp","href":"https:\/\/api.w.org\/{rel}","templated":true}]}}