{"id":38069,"date":"2025-12-26T11:44:33","date_gmt":"2025-12-26T15:44:33","guid":{"rendered":"https:\/\/blogdalucianaoliveira.com.br\/blog\/?p=38069"},"modified":"2025-12-26T11:44:33","modified_gmt":"2025-12-26T15:44:33","slug":"curta-poronga-sera-exibido-gratuitamente-e-com-acao-de-acessibilidade-em-ji-parana","status":"publish","type":"post","link":"http:\/\/blogdalucianaoliveira.com.br\/blog\/2025\/12\/26\/curta-poronga-sera-exibido-gratuitamente-e-com-acao-de-acessibilidade-em-ji-parana\/","title":{"rendered":"CURTA PORONGA SER\u00c1 EXIBIDO GRATUITAMENTE E COM A\u00c7\u00c3O DE ACESSIBILIDADE EM JI-PARAN\u00c1"},"content":{"rendered":"<p><img data-recalc-dims=\"1\" loading=\"lazy\" decoding=\"async\" data-attachment-id=\"38071\" data-permalink=\"http:\/\/blogdalucianaoliveira.com.br\/blog\/2025\/12\/26\/curta-poronga-sera-exibido-gratuitamente-e-com-acao-de-acessibilidade-em-ji-parana\/55228e5d-0421-497e-8b51-d0215871e89e\/\" data-orig-file=\"https:\/\/i0.wp.com\/blogdalucianaoliveira.com.br\/blog\/wp-content\/uploads\/2025\/12\/55228e5d-0421-497e-8b51-d0215871e89e.jpeg?fit=1600%2C900\" data-orig-size=\"1600,900\" data-comments-opened=\"0\" data-image-meta=\"{&quot;aperture&quot;:&quot;0&quot;,&quot;credit&quot;:&quot;&quot;,&quot;camera&quot;:&quot;&quot;,&quot;caption&quot;:&quot;&quot;,&quot;created_timestamp&quot;:&quot;1766752302&quot;,&quot;copyright&quot;:&quot;&quot;,&quot;focal_length&quot;:&quot;0&quot;,&quot;iso&quot;:&quot;0&quot;,&quot;shutter_speed&quot;:&quot;0&quot;,&quot;title&quot;:&quot;&quot;,&quot;orientation&quot;:&quot;0&quot;}\" data-image-title=\"55228e5d-0421-497e-8b51-d0215871e89e\" data-image-description=\"\" data-image-caption=\"\" data-medium-file=\"https:\/\/i0.wp.com\/blogdalucianaoliveira.com.br\/blog\/wp-content\/uploads\/2025\/12\/55228e5d-0421-497e-8b51-d0215871e89e.jpeg?fit=300%2C169\" data-large-file=\"https:\/\/i0.wp.com\/blogdalucianaoliveira.com.br\/blog\/wp-content\/uploads\/2025\/12\/55228e5d-0421-497e-8b51-d0215871e89e.jpeg?fit=600%2C338\" class=\"alignnone size-medium wp-image-38071\" src=\"https:\/\/i0.wp.com\/blogdalucianaoliveira.com.br\/blog\/wp-content\/uploads\/2025\/12\/55228e5d-0421-497e-8b51-d0215871e89e.jpeg?resize=300%2C169\" alt=\"\" width=\"300\" height=\"169\" srcset=\"https:\/\/i0.wp.com\/blogdalucianaoliveira.com.br\/blog\/wp-content\/uploads\/2025\/12\/55228e5d-0421-497e-8b51-d0215871e89e.jpeg?resize=300%2C169 300w, https:\/\/i0.wp.com\/blogdalucianaoliveira.com.br\/blog\/wp-content\/uploads\/2025\/12\/55228e5d-0421-497e-8b51-d0215871e89e.jpeg?resize=1024%2C576 1024w, https:\/\/i0.wp.com\/blogdalucianaoliveira.com.br\/blog\/wp-content\/uploads\/2025\/12\/55228e5d-0421-497e-8b51-d0215871e89e.jpeg?resize=768%2C432 768w, https:\/\/i0.wp.com\/blogdalucianaoliveira.com.br\/blog\/wp-content\/uploads\/2025\/12\/55228e5d-0421-497e-8b51-d0215871e89e.jpeg?resize=1536%2C864 1536w, https:\/\/i0.wp.com\/blogdalucianaoliveira.com.br\/blog\/wp-content\/uploads\/2025\/12\/55228e5d-0421-497e-8b51-d0215871e89e.jpeg?resize=533%2C300 533w, https:\/\/i0.wp.com\/blogdalucianaoliveira.com.br\/blog\/wp-content\/uploads\/2025\/12\/55228e5d-0421-497e-8b51-d0215871e89e.jpeg?w=1600 1600w, https:\/\/i0.wp.com\/blogdalucianaoliveira.com.br\/blog\/wp-content\/uploads\/2025\/12\/55228e5d-0421-497e-8b51-d0215871e89e.jpeg?w=1200 1200w\" sizes=\"auto, (max-width: 300px) 100vw, 300px\" \/><\/p>\n<p class=\"s4\">O curta-metragem de fic\u00e7\u00e3o \u201cPoronga\u201d ser\u00e1 exibido no pr\u00f3ximo dia 28 de dezembro, \u00e0s 19h, na Fada Inad Espa\u00e7o Cultural, localizada na Rua Fernand\u00e3o, n\u00ba 1066, em Ji-Paran\u00e1. A sess\u00e3o \u00e9 gratuita e contar\u00e1 com a\u00e7\u00e3o de acessibilidade durante a exibi\u00e7\u00e3o, garantindo o acesso democr\u00e1tico do p\u00fablico \u00e0 produ\u00e7\u00e3o audiovisual.<!--more--><\/p>\n<p class=\"s4\">Dirigido e roteirizado por Rafael Rogante, Porongaapresenta uma narrativa de fic\u00e7\u00e3o com refer\u00eancias rondonienses, valorizando identidades, mem\u00f3rias e rela\u00e7\u00f5es humanas a partir de um olhar sens\u00edvel e cinematogr\u00e1fico, inspirado no argumento de Fabiano Barros. A fotografia \u00e9 assinada por Neto Cavalcanti.<\/p>\n<p class=\"s4\"><img data-recalc-dims=\"1\" loading=\"lazy\" decoding=\"async\" data-attachment-id=\"38070\" data-permalink=\"http:\/\/blogdalucianaoliveira.com.br\/blog\/2025\/12\/26\/curta-poronga-sera-exibido-gratuitamente-e-com-acao-de-acessibilidade-em-ji-parana\/133718e0-aa16-481e-9ac1-282401ddec03\/\" data-orig-file=\"https:\/\/i0.wp.com\/blogdalucianaoliveira.com.br\/blog\/wp-content\/uploads\/2025\/12\/133718e0-aa16-481e-9ac1-282401ddec03.jpeg?fit=1600%2C900\" data-orig-size=\"1600,900\" data-comments-opened=\"0\" data-image-meta=\"{&quot;aperture&quot;:&quot;0&quot;,&quot;credit&quot;:&quot;&quot;,&quot;camera&quot;:&quot;&quot;,&quot;caption&quot;:&quot;&quot;,&quot;created_timestamp&quot;:&quot;1766752303&quot;,&quot;copyright&quot;:&quot;&quot;,&quot;focal_length&quot;:&quot;0&quot;,&quot;iso&quot;:&quot;0&quot;,&quot;shutter_speed&quot;:&quot;0&quot;,&quot;title&quot;:&quot;&quot;,&quot;orientation&quot;:&quot;0&quot;}\" data-image-title=\"133718e0-aa16-481e-9ac1-282401ddec03\" data-image-description=\"\" data-image-caption=\"\" data-medium-file=\"https:\/\/i0.wp.com\/blogdalucianaoliveira.com.br\/blog\/wp-content\/uploads\/2025\/12\/133718e0-aa16-481e-9ac1-282401ddec03.jpeg?fit=300%2C169\" data-large-file=\"https:\/\/i0.wp.com\/blogdalucianaoliveira.com.br\/blog\/wp-content\/uploads\/2025\/12\/133718e0-aa16-481e-9ac1-282401ddec03.jpeg?fit=600%2C338\" class=\"alignnone size-medium wp-image-38070\" src=\"https:\/\/i0.wp.com\/blogdalucianaoliveira.com.br\/blog\/wp-content\/uploads\/2025\/12\/133718e0-aa16-481e-9ac1-282401ddec03.jpeg?resize=300%2C169\" alt=\"\" width=\"300\" height=\"169\" srcset=\"https:\/\/i0.wp.com\/blogdalucianaoliveira.com.br\/blog\/wp-content\/uploads\/2025\/12\/133718e0-aa16-481e-9ac1-282401ddec03.jpeg?resize=300%2C169 300w, https:\/\/i0.wp.com\/blogdalucianaoliveira.com.br\/blog\/wp-content\/uploads\/2025\/12\/133718e0-aa16-481e-9ac1-282401ddec03.jpeg?resize=1024%2C576 1024w, https:\/\/i0.wp.com\/blogdalucianaoliveira.com.br\/blog\/wp-content\/uploads\/2025\/12\/133718e0-aa16-481e-9ac1-282401ddec03.jpeg?resize=768%2C432 768w, https:\/\/i0.wp.com\/blogdalucianaoliveira.com.br\/blog\/wp-content\/uploads\/2025\/12\/133718e0-aa16-481e-9ac1-282401ddec03.jpeg?resize=1536%2C864 1536w, https:\/\/i0.wp.com\/blogdalucianaoliveira.com.br\/blog\/wp-content\/uploads\/2025\/12\/133718e0-aa16-481e-9ac1-282401ddec03.jpeg?resize=533%2C300 533w, https:\/\/i0.wp.com\/blogdalucianaoliveira.com.br\/blog\/wp-content\/uploads\/2025\/12\/133718e0-aa16-481e-9ac1-282401ddec03.jpeg?w=1600 1600w, https:\/\/i0.wp.com\/blogdalucianaoliveira.com.br\/blog\/wp-content\/uploads\/2025\/12\/133718e0-aa16-481e-9ac1-282401ddec03.jpeg?w=1200 1200w\" sizes=\"auto, (max-width: 300px) 100vw, 300px\" \/><\/p>\n<p class=\"s4\">Sinopse<\/p>\n<p class=\"s4\">No in\u00edcio do s\u00e9culo XX, dois seringueiros se perdem na floresta amaz\u00f4nica, cercados pelo medo e pelo sil\u00eancio da mata. A solid\u00e3o aproxima os corpos, embaralha os sentimentos e faz surgir desejos guardados.<\/p>\n<p class=\"s4\">O projeto tem Artur Nestor como proponente, que tamb\u00e9m assina a produ\u00e7\u00e3o executiva, ao lado de Jo\u00e3o Le\u00e3o. A produ\u00e7\u00e3o \u00e9 da Conex\u00e3o Norte, em coprodu\u00e7\u00e3o com a Cena Viva. Ator jiparanaense, Artur integra ainda o elenco do filme, ao lado de Jos\u00e9 Valdomiro e Jon Santana, reunindo artistas de Rond\u00f4nia em um processo colaborativo desde a concep\u00e7\u00e3o at\u00e9 a finaliza\u00e7\u00e3o da obra.<\/p>\n<p class=\"s4\">O diretor Rafael Rogante destaca que a parceria com Artur Nestor foi fundamental na constru\u00e7\u00e3o do filme, desde as etapas iniciais do projeto:<\/p>\n<p class=\"s4\">A parceria com o Artur Nestor foi essencial na constru\u00e7\u00e3o de Poronga, desde o desenvolvimento da ideia at\u00e9 a realiza\u00e7\u00e3o do filme. Esse di\u00e1logo criativo e produtivo fortalece o cinema independente e amplia as possibilidades narrativas do audiovisual rondoniense.\u201d, afirma.<\/p>\n<p class=\"s4\">J\u00e1 o proponente, produtor executivo e ator Artur Nestor ressalta o papel das pol\u00edticas p\u00fablicas de fomento cultural para viabilizar esse tipo de colabora\u00e7\u00e3o:<\/p>\n<p class=\"s4\">\u201cAs leis de apoio \u00e0 cultura de Ji-Paran\u00e1 s\u00e3o fundamentais para impulsionar os artistas de Rond\u00f4nia. Esses recursos permitem que a gente construa filmes de forma coletiva, fortale\u00e7a grandes parcerias e leve a nossa arte para grandes festivais pelo mundo.\u201d, destaca.<\/p>\n<p class=\"s4\">O curta integra uma programa\u00e7\u00e3o viabilizada por recursos da Lei Paulo Gustavo (Lei Complementar n\u00ba 195\/2022), por meio da Funda\u00e7\u00e3o Cultural de Ji-Paran\u00e1 (FCJP), com apoio da Prefeitura Municipal de Ji-Paran\u00e1 e do Governo Federal.<\/p>\n<p class=\"s4\">\n<p class=\"s4\">TEASEE: <a href=\"https:\/\/youtu.be\/sK3LwLScqXY?feature=shared\"><span class=\"s5\">https:\/\/youtu.be\/sK3LwLScqXY?feature=shared<\/span><\/a><\/p>\n<p class=\"s4\">\n<p class=\"s4\">\n<p class=\"s7\"><span class=\"s6\"><span class=\"bumpedFont15\">Assessoria de Comunica\u00e7\u00e3o<\/span><\/span><\/p>\n<p class=\"s7\"><span class=\"s6\"><span class=\"bumpedFont15\">Conex\u00e3o Norte Produ\u00e7\u00f5es<\/span><\/span><\/p>\n<p class=\"s7\"><span class=\"s6\"><span class=\"bumpedFont15\">E-mail: <\/span><\/span><span class=\"s6\"><span class=\"bumpedFont15\">conexaonorteproducoes@gmail.com<\/span><\/span><\/p>\n<p class=\"s7\"><span class=\"s6\"><span class=\"bumpedFont15\">Telefone: (69) 9<\/span><\/span><span class=\"s6\"><span class=\"bumpedFont15\">9388-0709<\/span><\/span><\/p>\n<p class=\"s7\"><span class=\"s6\"><span class=\"bumpedFont15\">Fotografia: Neto Cavalcante<\/span><\/span><\/p>\n","protected":false},"excerpt":{"rendered":"<p>O curta-metragem de fic\u00e7\u00e3o \u201cPoronga\u201d ser\u00e1 exibido no pr\u00f3ximo dia 28 de dezembro, \u00e0s 19h, na Fada Inad Espa\u00e7o Cultural, localizada na Rua Fernand\u00e3o, n\u00ba 1066, em Ji-Paran\u00e1. A sess\u00e3o \u00e9 gratuita e contar\u00e1 com a\u00e7\u00e3o de acessibilidade durante a exibi\u00e7\u00e3o, garantindo o acesso democr\u00e1tico do p\u00fablico \u00e0 produ\u00e7\u00e3o audiovisual.<\/p>\n","protected":false},"author":1,"featured_media":0,"comment_status":"closed","ping_status":"open","sticky":false,"template":"","format":"standard","meta":{"_exactmetrics_skip_tracking":false,"_exactmetrics_sitenote_active":false,"_exactmetrics_sitenote_note":"","_exactmetrics_sitenote_category":0,"jetpack_post_was_ever_published":false,"_jetpack_newsletter_access":"","_jetpack_dont_email_post_to_subs":false,"_jetpack_newsletter_tier_id":0,"_jetpack_memberships_contains_paywalled_content":false,"_jetpack_memberships_contains_paid_content":false,"footnotes":"","jetpack_publicize_message":"","jetpack_publicize_feature_enabled":true,"jetpack_social_post_already_shared":true,"jetpack_social_options":{"image_generator_settings":{"template":"highway","enabled":false},"version":2}},"categories":[1],"tags":[],"class_list":["post-38069","post","type-post","status-publish","format-standard","hentry","category-notas"],"jetpack_publicize_connections":[],"jetpack_sharing_enabled":true,"jetpack_featured_media_url":"","jetpack_shortlink":"https:\/\/wp.me\/p7wKYW-9U1","jetpack-related-posts":[],"_links":{"self":[{"href":"http:\/\/blogdalucianaoliveira.com.br\/blog\/wp-json\/wp\/v2\/posts\/38069","targetHints":{"allow":["GET"]}}],"collection":[{"href":"http:\/\/blogdalucianaoliveira.com.br\/blog\/wp-json\/wp\/v2\/posts"}],"about":[{"href":"http:\/\/blogdalucianaoliveira.com.br\/blog\/wp-json\/wp\/v2\/types\/post"}],"author":[{"embeddable":true,"href":"http:\/\/blogdalucianaoliveira.com.br\/blog\/wp-json\/wp\/v2\/users\/1"}],"replies":[{"embeddable":true,"href":"http:\/\/blogdalucianaoliveira.com.br\/blog\/wp-json\/wp\/v2\/comments?post=38069"}],"version-history":[{"count":1,"href":"http:\/\/blogdalucianaoliveira.com.br\/blog\/wp-json\/wp\/v2\/posts\/38069\/revisions"}],"predecessor-version":[{"id":38072,"href":"http:\/\/blogdalucianaoliveira.com.br\/blog\/wp-json\/wp\/v2\/posts\/38069\/revisions\/38072"}],"wp:attachment":[{"href":"http:\/\/blogdalucianaoliveira.com.br\/blog\/wp-json\/wp\/v2\/media?parent=38069"}],"wp:term":[{"taxonomy":"category","embeddable":true,"href":"http:\/\/blogdalucianaoliveira.com.br\/blog\/wp-json\/wp\/v2\/categories?post=38069"},{"taxonomy":"post_tag","embeddable":true,"href":"http:\/\/blogdalucianaoliveira.com.br\/blog\/wp-json\/wp\/v2\/tags?post=38069"}],"curies":[{"name":"wp","href":"https:\/\/api.w.org\/{rel}","templated":true}]}}