{"id":38084,"date":"2026-01-05T13:16:52","date_gmt":"2026-01-05T17:16:52","guid":{"rendered":"https:\/\/blogdalucianaoliveira.com.br\/blog\/?p=38084"},"modified":"2026-01-05T13:29:48","modified_gmt":"2026-01-05T17:29:48","slug":"eua-governarem-a-venezuela-nao-tem-respaldo-legal-a-era-das-tutelas-terminou-com-a-descolonizacao-diz-professora-de-oxford","status":"publish","type":"post","link":"http:\/\/blogdalucianaoliveira.com.br\/blog\/2026\/01\/05\/eua-governarem-a-venezuela-nao-tem-respaldo-legal-a-era-das-tutelas-terminou-com-a-descolonizacao-diz-professora-de-oxford\/","title":{"rendered":"EUA &#8216;governarem&#8217; a Venezuela n\u00e3o tem respaldo legal, a era das tutelas terminou com a descoloniza\u00e7\u00e3o, diz professora de Oxford"},"content":{"rendered":"<p><img data-recalc-dims=\"1\" loading=\"lazy\" decoding=\"async\" data-attachment-id=\"38094\" data-permalink=\"http:\/\/blogdalucianaoliveira.com.br\/blog\/2026\/01\/05\/eua-governarem-a-venezuela-nao-tem-respaldo-legal-a-era-das-tutelas-terminou-com-a-descolonizacao-diz-professora-de-oxford\/img_3502\/\" data-orig-file=\"https:\/\/i0.wp.com\/blogdalucianaoliveira.com.br\/blog\/wp-content\/uploads\/2026\/01\/IMG_3502.webp?fit=800%2C401\" data-orig-size=\"800,401\" data-comments-opened=\"0\" data-image-meta=\"{&quot;aperture&quot;:&quot;0&quot;,&quot;credit&quot;:&quot;&quot;,&quot;camera&quot;:&quot;&quot;,&quot;caption&quot;:&quot;&quot;,&quot;created_timestamp&quot;:&quot;0&quot;,&quot;copyright&quot;:&quot;&quot;,&quot;focal_length&quot;:&quot;0&quot;,&quot;iso&quot;:&quot;0&quot;,&quot;shutter_speed&quot;:&quot;0&quot;,&quot;title&quot;:&quot;&quot;,&quot;orientation&quot;:&quot;0&quot;}\" data-image-title=\"IMG_3502\" data-image-description=\"\" data-image-caption=\"\" data-medium-file=\"https:\/\/i0.wp.com\/blogdalucianaoliveira.com.br\/blog\/wp-content\/uploads\/2026\/01\/IMG_3502.webp?fit=300%2C150\" data-large-file=\"https:\/\/i0.wp.com\/blogdalucianaoliveira.com.br\/blog\/wp-content\/uploads\/2026\/01\/IMG_3502.webp?fit=600%2C301\" class=\"alignnone size-medium wp-image-38094\" src=\"https:\/\/i0.wp.com\/blogdalucianaoliveira.com.br\/blog\/wp-content\/uploads\/2026\/01\/IMG_3502.webp?resize=300%2C150\" alt=\"\" width=\"300\" height=\"150\" srcset=\"https:\/\/i0.wp.com\/blogdalucianaoliveira.com.br\/blog\/wp-content\/uploads\/2026\/01\/IMG_3502.webp?resize=300%2C150 300w, https:\/\/i0.wp.com\/blogdalucianaoliveira.com.br\/blog\/wp-content\/uploads\/2026\/01\/IMG_3502.webp?resize=768%2C385 768w, https:\/\/i0.wp.com\/blogdalucianaoliveira.com.br\/blog\/wp-content\/uploads\/2026\/01\/IMG_3502.webp?resize=599%2C300 599w, https:\/\/i0.wp.com\/blogdalucianaoliveira.com.br\/blog\/wp-content\/uploads\/2026\/01\/IMG_3502.webp?w=800 800w\" sizes=\"auto, (max-width: 300px) 100vw, 300px\" \/><\/p>\n<p>Luiz Fernando Toledo, Da BBC News Brasil em Londres &#8211; A opera\u00e7\u00e3o militar dos <a class=\"focusIndicatorReducedWidth css-n8oauk e1h2ur550\" href=\"https:\/\/www.bbc.com\/portuguese\/topics\/cdr56r2r88wt\">Estados Unidos<\/a> que levou \u00e0 pris\u00e3o do presidente venezuelano, <a class=\"focusIndicatorReducedWidth css-n8oauk e1h2ur550\" href=\"https:\/\/www.bbc.com\/portuguese\/topics\/c8y94y3dpdpt\">Nicol\u00e1s Maduro<\/a>, neste s\u00e1bado (3\/1) cria um precedente que pode remodelar as normas de seguran\u00e7a global e reacender, na Am\u00e9rica Latina, temores de mudan\u00e7as de regime impostas por outros pa\u00edses.<!--more--><\/p>\n<div class=\"css-1k9op6x e17x9cvu0\" dir=\"ltr\">\n<p class=\"css-s4cjt0 e1yuyadm0\" dir=\"ltr\">A avalia\u00e7\u00e3o \u00e9 da professora Annette Idler, professora associada de Seguran\u00e7a Global da Blavatnik School of Government, da Universidade de Oxford, em entrevista \u00e0 BBC News Brasil neste domingo (4\/1).<\/p>\n<\/div>\n<div class=\"css-1k9op6x e17x9cvu0\" dir=\"ltr\">\n<p class=\"css-s4cjt0 e1yuyadm0\" dir=\"ltr\">O presidente dos EUA, <a class=\"focusIndicatorReducedWidth css-n8oauk e1h2ur550\" href=\"https:\/\/www.bbc.com\/portuguese\/topics\/cdr56r28jgvt\">Donald Trump<\/a>, descreveu a a\u00e7\u00e3o militar que resultou na deten\u00e7\u00e3o de Maduro e de sua esposa como &#8220;um dos ataques mais precisos&#8221; da hist\u00f3ria do pa\u00eds.<\/p>\n<\/div>\n<div class=\"css-1k9op6x e17x9cvu0\" dir=\"ltr\">\n<p class=\"css-s4cjt0 e1yuyadm0\" dir=\"ltr\">Ele afirmou ainda que os Estados Unidos ir\u00e3o governar a Venezuela at\u00e9 que uma &#8220;transi\u00e7\u00e3o segura, adequada e criteriosa&#8221; seja conclu\u00edda.<\/p>\n<\/div>\n<div class=\"css-1k9op6x e17x9cvu0\" dir=\"ltr\">\n<p class=\"css-s4cjt0 e1yuyadm0\" dir=\"ltr\">Em nota conjunta divulgada neste domingo (04\/1), Brasil, Chile, Col\u00f4mbia, M\u00e9xico, Uruguai e Espanha criticaram a &#8220;gravidade dos eventos ocorridos na Venezuela&#8221; e afirmaram que as a\u00e7\u00f5es &#8220;criam um precedente extremamente perigoso para a paz, para a seguran\u00e7a regional e colocam a popula\u00e7\u00e3o civil em risco&#8221;.<\/p>\n<div class=\"css-1k9op6x e17x9cvu0\" dir=\"ltr\">\n<p class=\"css-s4cjt0 e1yuyadm0\" dir=\"ltr\">Segundo Idler, a opera\u00e7\u00e3o representa um afastamento dr\u00e1stico da pol\u00edtica adotada pelos Estados Unidos nos \u00faltimos anos e sinaliza um poss\u00edvel retorno a a\u00e7\u00f5es intervencionistas, com potencial para desfazer esfor\u00e7os internacionais voltados a restringir o uso da for\u00e7a.<\/p>\n<\/div>\n<div class=\"css-1k9op6x e17x9cvu0\" dir=\"ltr\">\n<p class=\"css-s4cjt0 e1yuyadm0\" dir=\"ltr\">A especialista afirma ainda que um controle da Venezuela pelos EUA implica uma forma de ocupa\u00e7\u00e3o ou tutela que n\u00e3o tem fundamento no direito internacional contempor\u00e2neo.<\/p>\n<\/div>\n<div class=\"css-1k9op6x e17x9cvu0\" dir=\"ltr\">\n<p class=\"css-s4cjt0 e1yuyadm0\" dir=\"ltr\">&#8220;A era dos protetorados e das tutelas terminou com a descoloniza\u00e7\u00e3o&#8221;, avalia.<\/p>\n<p dir=\"ltr\"><img data-recalc-dims=\"1\" loading=\"lazy\" decoding=\"async\" data-attachment-id=\"38085\" data-permalink=\"http:\/\/blogdalucianaoliveira.com.br\/blog\/2026\/01\/05\/eua-governarem-a-venezuela-nao-tem-respaldo-legal-a-era-das-tutelas-terminou-com-a-descolonizacao-diz-professora-de-oxford\/img_3503\/\" data-orig-file=\"https:\/\/i0.wp.com\/blogdalucianaoliveira.com.br\/blog\/wp-content\/uploads\/2026\/01\/IMG_3503.webp?fit=800%2C660\" data-orig-size=\"800,660\" data-comments-opened=\"0\" data-image-meta=\"{&quot;aperture&quot;:&quot;0&quot;,&quot;credit&quot;:&quot;&quot;,&quot;camera&quot;:&quot;&quot;,&quot;caption&quot;:&quot;&quot;,&quot;created_timestamp&quot;:&quot;0&quot;,&quot;copyright&quot;:&quot;&quot;,&quot;focal_length&quot;:&quot;0&quot;,&quot;iso&quot;:&quot;0&quot;,&quot;shutter_speed&quot;:&quot;0&quot;,&quot;title&quot;:&quot;&quot;,&quot;orientation&quot;:&quot;0&quot;}\" data-image-title=\"IMG_3503\" data-image-description=\"\" data-image-caption=\"\" data-medium-file=\"https:\/\/i0.wp.com\/blogdalucianaoliveira.com.br\/blog\/wp-content\/uploads\/2026\/01\/IMG_3503.webp?fit=300%2C248\" data-large-file=\"https:\/\/i0.wp.com\/blogdalucianaoliveira.com.br\/blog\/wp-content\/uploads\/2026\/01\/IMG_3503.webp?fit=600%2C495\" class=\"alignnone size-medium wp-image-38085\" src=\"https:\/\/i0.wp.com\/blogdalucianaoliveira.com.br\/blog\/wp-content\/uploads\/2026\/01\/IMG_3503.webp?resize=300%2C248\" alt=\"\" width=\"300\" height=\"248\" srcset=\"https:\/\/i0.wp.com\/blogdalucianaoliveira.com.br\/blog\/wp-content\/uploads\/2026\/01\/IMG_3503.webp?resize=300%2C248 300w, https:\/\/i0.wp.com\/blogdalucianaoliveira.com.br\/blog\/wp-content\/uploads\/2026\/01\/IMG_3503.webp?resize=768%2C634 768w, https:\/\/i0.wp.com\/blogdalucianaoliveira.com.br\/blog\/wp-content\/uploads\/2026\/01\/IMG_3503.webp?resize=364%2C300 364w, https:\/\/i0.wp.com\/blogdalucianaoliveira.com.br\/blog\/wp-content\/uploads\/2026\/01\/IMG_3503.webp?w=800 800w\" sizes=\"auto, (max-width: 300px) 100vw, 300px\" \/><\/p>\n<div class=\"css-1k9op6x e17x9cvu0\" dir=\"ltr\">\n<p class=\"css-s4cjt0 e1yuyadm0\" dir=\"ltr\"><b>BBC News Brasil &#8211; Quais consequ\u00eancias, legais ou diplom\u00e1ticas, poderiam surgir desta opera\u00e7\u00e3o?<\/b><\/p>\n<\/div>\n<div class=\"css-1k9op6x e17x9cvu0\" dir=\"ltr\">\n<p class=\"css-s4cjt0 e1yuyadm0\" dir=\"ltr\"><b>Annette Idler &#8211;<\/b> Esta opera\u00e7\u00e3o parece violar o artigo da Carta da ONU que pro\u00edbe a amea\u00e7a ou o uso da for\u00e7a contra a integridade territorial ou a independ\u00eancia pol\u00edtica de qualquer Estado, exceto em leg\u00edtima defesa ou com autoriza\u00e7\u00e3o do Conselho de Seguran\u00e7a da ONU \u2013 nenhuma das quais se aplica neste caso.<\/p>\n<div class=\"css-1k9op6x e17x9cvu0\" dir=\"ltr\">\n<p class=\"css-s4cjt0 e1yuyadm0\" dir=\"ltr\">Diplomaticamente, a forte condena\u00e7\u00e3o de pa\u00edses como R\u00fassia, China, Ir\u00e3, Cuba, Brasil e Col\u00f4mbia sinaliza uma perigosa internacionaliza\u00e7\u00e3o, enquanto at\u00e9 mesmo parceiros europeus apelam \u00e0 desescalada e ao respeito pelo direito internacional.<\/p>\n<\/div>\n<div class=\"css-1k9op6x e17x9cvu0\" dir=\"ltr\">\n<p class=\"css-s4cjt0 e1yuyadm0\" dir=\"ltr\">O precedente estabelecido aqui poder\u00e1 remodelar fundamentalmente as normas de seguran\u00e7a global e, na Am\u00e9rica Latina, reacender temores profundamente enraizados de mudan\u00e7as de regime impostas externamente.<\/p>\n<\/div>\n<div class=\"css-1k9op6x e17x9cvu0\" dir=\"ltr\">\n<p class=\"css-s4cjt0 e1yuyadm0\" dir=\"ltr\"><b>BBC News Brasil &#8211; Esta opera\u00e7\u00e3o marca uma mudan\u00e7a na abordagem dos EUA em rela\u00e7\u00e3o ao uso da for\u00e7a no exterior ou \u00e9 um epis\u00f3dio isolado?<\/b><\/p>\n<\/div>\n<div class=\"css-1k9op6x e17x9cvu0\" dir=\"ltr\">\n<p class=\"css-s4cjt0 e1yuyadm0\" dir=\"ltr\"><b>Annette Idler &#8211; <\/b>Isso representa uma escalada extraordin\u00e1ria: a captura de um presidente latino-americano em exerc\u00edcio (mesmo que considerado ileg\u00edtimo) ap\u00f3s ataques militares contra uma na\u00e7\u00e3o soberana.<\/p>\n<\/div>\n<div class=\"css-1k9op6x e17x9cvu0\" dir=\"ltr\">\n<p class=\"css-s4cjt0 e1yuyadm0\" dir=\"ltr\">Embora tenha havido tentativas anteriores, como a <a class=\"focusIndicatorReducedWidth css-n8oauk e1h2ur550\" href=\"https:\/\/www.bbc.com\/portuguese\/internacional-53786862\">Opera\u00e7\u00e3o Gideon em 2020<\/a>, esta a\u00e7\u00e3o militar direta contra um chefe de Estado marca um afastamento dr\u00e1stico da pol\u00edtica recente dos EUA.<\/p>\n<\/div>\n<div class=\"css-1k9op6x e17x9cvu0\" dir=\"ltr\">\n<p class=\"css-s4cjt0 e1yuyadm0\" dir=\"ltr\">A opera\u00e7\u00e3o sinaliza um potencial retorno ao intervencionismo militar unilateral que poderia desfazer d\u00e9cadas de restri\u00e7\u00f5es legais internacionais ao uso da for\u00e7a.<\/p>\n<\/div>\n<div class=\"css-1k9op6x e17x9cvu0\" dir=\"ltr\">\n<p class=\"css-s4cjt0 e1yuyadm0\" dir=\"ltr\"><b>BBC News Brasil &#8211; Devemos esperar que os EUA recorram com mais frequ\u00eancia \u00e0 for\u00e7a extraterritorial? <\/b><\/p>\n<\/div>\n<div class=\"css-1k9op6x e17x9cvu0\" dir=\"ltr\">\n<p class=\"css-s4cjt0 e1yuyadm0\" dir=\"ltr\"><b>Annette Idler &#8211; <\/b>Essa a\u00e7\u00e3o confunde perigosamente a linha divis\u00f3ria entre aplica\u00e7\u00e3o da lei e agress\u00e3o militar, j\u00e1 que rotular criminosos como &#8220;terroristas&#8221; n\u00e3o torna automaticamente pa\u00edses estrangeiros alvos militares leg\u00edtimos.*<\/p>\n<\/div>\n<div class=\"css-1k9op6x e17x9cvu0\" dir=\"ltr\">\n<p class=\"css-s4cjt0 e1yuyadm0\" dir=\"ltr\">O precedente sugere que Estados poderosos poderiam alegar justificativas de aplica\u00e7\u00e3o da lei para depor l\u00edderes que considerem ileg\u00edtimos, minando fundamentalmente os princ\u00edpios da soberania.<\/p>\n<\/div>\n<div class=\"css-1k9op6x e17x9cvu0\" dir=\"ltr\">\n<p class=\"css-s4cjt0 e1yuyadm0\" dir=\"ltr\">Essa normaliza\u00e7\u00e3o do uso da for\u00e7a extraterritorial para supostas condutas criminosas representaria um afastamento radical do direito internacional estabelecido.<\/p>\n<\/div>\n<div class=\"css-1k9op6x e17x9cvu0\" dir=\"ltr\">\n<p class=\"css-s4cjt0 e1yuyadm0\" dir=\"ltr\"><b>BBC News Brasil &#8211; Existe alguma possibilidade de o Judici\u00e1rio dos EUA se pronunciar sobre a legalidade desta opera\u00e7\u00e3o?<\/b><\/p>\n<\/div>\n<div class=\"css-1k9op6x e17x9cvu0\" dir=\"ltr\">\n<p class=\"css-s4cjt0 e1yuyadm0\" dir=\"ltr\"><b>Annette Idler &#8211; <\/b>Os tribunais dos EUA poderiam potencialmente analisar isso com base na Resolu\u00e7\u00e3o sobre Poderes de Guerra, j\u00e1 que o Congresso n\u00e3o foi informado previamente, conforme exigido pela Constitui\u00e7\u00e3o.<\/p>\n<\/div>\n<div class=\"css-1k9op6x e17x9cvu0\" dir=\"ltr\">\n<p class=\"css-s4cjt0 e1yuyadm0\" dir=\"ltr\">No entanto, historicamente, os tribunais demonstram defer\u00eancia \u00e0s decis\u00f5es do Poder Executivo em mat\u00e9ria de seguran\u00e7a nacional e pol\u00edtica externa.<\/p>\n<\/div>\n<div class=\"css-1k9op6x e17x9cvu0\" dir=\"ltr\">\n<p class=\"css-s4cjt0 e1yuyadm0\" dir=\"ltr\">A via mais eficaz para a revis\u00e3o judicial provavelmente se concentraria em viola\u00e7\u00f5es de procedimentos internos, e n\u00e3o no cumprimento do direito internacional.**<\/p>\n<\/div>\n<div class=\"css-1k9op6x e17x9cvu0\" dir=\"ltr\">\n<p class=\"css-s4cjt0 e1yuyadm0\" dir=\"ltr\"><b>BBC News Brasil &#8211; Considerando os poderes do Congresso, que mecanismos concretos existem para a supervis\u00e3o ou responsabiliza\u00e7\u00e3o dos atos do governo?<\/b><\/p>\n<\/div>\n<div class=\"css-1k9op6x e17x9cvu0\" dir=\"ltr\">\n<p class=\"css-s4cjt0 e1yuyadm0\" dir=\"ltr\"><b>Annette Idler &#8211; <\/b>O Congresso pode invocar a Resolu\u00e7\u00e3o sobre Poderes de Guerra, que exige que o presidente retire as tropas em 60 a 90 dias sem autoriza\u00e7\u00e3o do Congresso, e pode usar o poder de dota\u00e7\u00e3o or\u00e7ament\u00e1ria para restringir financiamento.<\/p>\n<\/div>\n<div class=\"css-1k9op6x e17x9cvu0\" dir=\"ltr\">\n<p class=\"css-s4cjt0 e1yuyadm0\" dir=\"ltr\">Comiss\u00f5es do Congresso podem conduzir investiga\u00e7\u00f5es e audi\u00eancias para exigir responsabiliza\u00e7\u00e3o pela omiss\u00e3o em notificar o Congresso com anteced\u00eancia.<\/p>\n<\/div>\n<div class=\"css-1k9op6x e17x9cvu0\" dir=\"ltr\">\n<p class=\"css-s4cjt0 e1yuyadm0\" dir=\"ltr\">No entanto, esses mecanismos exigem vontade pol\u00edtica para contestar os excessos do Executivo.<\/p>\n<div class=\"css-1k9op6x e17x9cvu0\" dir=\"ltr\">\n<p class=\"css-s4cjt0 e1yuyadm0\" dir=\"ltr\"><b><img data-recalc-dims=\"1\" loading=\"lazy\" decoding=\"async\" data-attachment-id=\"38086\" data-permalink=\"http:\/\/blogdalucianaoliveira.com.br\/blog\/2026\/01\/05\/eua-governarem-a-venezuela-nao-tem-respaldo-legal-a-era-das-tutelas-terminou-com-a-descolonizacao-diz-professora-de-oxford\/img_3504-2\/\" data-orig-file=\"https:\/\/i0.wp.com\/blogdalucianaoliveira.com.br\/blog\/wp-content\/uploads\/2026\/01\/IMG_3504.webp?fit=800%2C407\" data-orig-size=\"800,407\" data-comments-opened=\"0\" data-image-meta=\"{&quot;aperture&quot;:&quot;0&quot;,&quot;credit&quot;:&quot;&quot;,&quot;camera&quot;:&quot;&quot;,&quot;caption&quot;:&quot;&quot;,&quot;created_timestamp&quot;:&quot;0&quot;,&quot;copyright&quot;:&quot;&quot;,&quot;focal_length&quot;:&quot;0&quot;,&quot;iso&quot;:&quot;0&quot;,&quot;shutter_speed&quot;:&quot;0&quot;,&quot;title&quot;:&quot;&quot;,&quot;orientation&quot;:&quot;0&quot;}\" data-image-title=\"IMG_3504\" data-image-description=\"\" data-image-caption=\"\" data-medium-file=\"https:\/\/i0.wp.com\/blogdalucianaoliveira.com.br\/blog\/wp-content\/uploads\/2026\/01\/IMG_3504.webp?fit=300%2C153\" data-large-file=\"https:\/\/i0.wp.com\/blogdalucianaoliveira.com.br\/blog\/wp-content\/uploads\/2026\/01\/IMG_3504.webp?fit=600%2C305\" class=\"alignnone size-medium wp-image-38086\" src=\"https:\/\/i0.wp.com\/blogdalucianaoliveira.com.br\/blog\/wp-content\/uploads\/2026\/01\/IMG_3504.webp?resize=300%2C153\" alt=\"\" width=\"300\" height=\"153\" srcset=\"https:\/\/i0.wp.com\/blogdalucianaoliveira.com.br\/blog\/wp-content\/uploads\/2026\/01\/IMG_3504.webp?resize=300%2C153 300w, https:\/\/i0.wp.com\/blogdalucianaoliveira.com.br\/blog\/wp-content\/uploads\/2026\/01\/IMG_3504.webp?resize=768%2C391 768w, https:\/\/i0.wp.com\/blogdalucianaoliveira.com.br\/blog\/wp-content\/uploads\/2026\/01\/IMG_3504.webp?resize=590%2C300 590w, https:\/\/i0.wp.com\/blogdalucianaoliveira.com.br\/blog\/wp-content\/uploads\/2026\/01\/IMG_3504.webp?w=800 800w\" sizes=\"auto, (max-width: 300px) 100vw, 300px\" \/><\/b><\/p>\n<p>BBC News Brasil &#8211; \u00c9 poss\u00edvel tra\u00e7ar algum paralelo jur\u00eddico com o que aconteceu durante a <a class=\"focusIndicatorReducedWidth css-n8oauk e1h2ur550\" href=\"https:\/\/www.bbc.com\/portuguese\/articles\/c0mpmgy0770o\"><b>invas\u00e3o do Panam\u00e1, em 1989?<\/b><\/a><\/p>\n<\/div>\n<div class=\"css-1k9op6x e17x9cvu0\" dir=\"ltr\">\n<p class=\"css-s4cjt0 e1yuyadm0\" dir=\"ltr\"><b>Annette Idler &#8211; <\/b>Assim como no Panam\u00e1, este caso envolve a remo\u00e7\u00e3o for\u00e7ada e a pris\u00e3o de um chefe de Estado sob acusa\u00e7\u00f5es de tr\u00e1fico de drogas, mas a escala e o m\u00e9todo diferem significativamente.<\/p>\n<\/div>\n<div class=\"css-1k9op6x e17x9cvu0\" dir=\"ltr\">\n<p class=\"css-s4cjt0 e1yuyadm0\" dir=\"ltr\">Ambos os casos levantam quest\u00f5es fundamentais sobre o uso da for\u00e7a militar para fins de aplica\u00e7\u00e3o da lei e a viola\u00e7\u00e3o da soberania sob o pretexto de combater o tr\u00e1fico de drogas.<\/p>\n<\/div>\n<div class=\"css-1k9op6x e17x9cvu0\" dir=\"ltr\">\n<p class=\"css-s4cjt0 e1yuyadm0\" dir=\"ltr\">No entanto, o atual quadro jur\u00eddico internacional e as sensibilidades regionais tornam essa a\u00e7\u00e3o ainda mais problem\u00e1tica do ponto de vista jur\u00eddico do que o caso do Panam\u00e1 em 1989.<\/p>\n<\/div>\n<div class=\"css-1k9op6x e17x9cvu0\" dir=\"ltr\">\n<p class=\"css-s4cjt0 e1yuyadm0\" dir=\"ltr\"><b>BBC News Brasil &#8211; Em que medida o Poder Executivo nos EUA pode influenciar a forma como os tribunais avaliam as alega\u00e7\u00f5es de imunidade para Maduro?<\/b><\/p>\n<\/div>\n<div class=\"css-1k9op6x e17x9cvu0\" dir=\"ltr\">\n<p class=\"css-s4cjt0 e1yuyadm0\" dir=\"ltr\"><b>Annette Idler &#8211; <\/b>O Poder Executivo pode argumentar que a falta de legitimidade democr\u00e1tica de Maduro mina suas alega\u00e7\u00f5es de imunidade, mas isso cria um precedente perigoso em que Estados poderosos determinam unilateralmente quem merece imunidade soberana.<\/p>\n<\/div>\n<div class=\"css-1k9op6x e17x9cvu0\" dir=\"ltr\">\n<p class=\"css-s4cjt0 e1yuyadm0\" dir=\"ltr\">Al\u00e9m disso, a remo\u00e7\u00e3o for\u00e7ada de um presidente em exerc\u00edcio desafia fundamentalmente as doutrinas de imunidade estabelecidas.<\/p>\n<p dir=\"ltr\"><img data-recalc-dims=\"1\" loading=\"lazy\" decoding=\"async\" data-attachment-id=\"38087\" data-permalink=\"http:\/\/blogdalucianaoliveira.com.br\/blog\/2026\/01\/05\/eua-governarem-a-venezuela-nao-tem-respaldo-legal-a-era-das-tutelas-terminou-com-a-descolonizacao-diz-professora-de-oxford\/img_3505-2\/\" data-orig-file=\"https:\/\/i0.wp.com\/blogdalucianaoliveira.com.br\/blog\/wp-content\/uploads\/2026\/01\/IMG_3505.webp?fit=800%2C475\" data-orig-size=\"800,475\" data-comments-opened=\"0\" data-image-meta=\"{&quot;aperture&quot;:&quot;0&quot;,&quot;credit&quot;:&quot;&quot;,&quot;camera&quot;:&quot;&quot;,&quot;caption&quot;:&quot;&quot;,&quot;created_timestamp&quot;:&quot;0&quot;,&quot;copyright&quot;:&quot;&quot;,&quot;focal_length&quot;:&quot;0&quot;,&quot;iso&quot;:&quot;0&quot;,&quot;shutter_speed&quot;:&quot;0&quot;,&quot;title&quot;:&quot;&quot;,&quot;orientation&quot;:&quot;0&quot;}\" data-image-title=\"IMG_3505\" data-image-description=\"\" data-image-caption=\"\" data-medium-file=\"https:\/\/i0.wp.com\/blogdalucianaoliveira.com.br\/blog\/wp-content\/uploads\/2026\/01\/IMG_3505.webp?fit=300%2C178\" data-large-file=\"https:\/\/i0.wp.com\/blogdalucianaoliveira.com.br\/blog\/wp-content\/uploads\/2026\/01\/IMG_3505.webp?fit=600%2C356\" class=\"alignnone size-medium wp-image-38087\" src=\"https:\/\/i0.wp.com\/blogdalucianaoliveira.com.br\/blog\/wp-content\/uploads\/2026\/01\/IMG_3505.webp?resize=300%2C178\" alt=\"\" width=\"300\" height=\"178\" srcset=\"https:\/\/i0.wp.com\/blogdalucianaoliveira.com.br\/blog\/wp-content\/uploads\/2026\/01\/IMG_3505.webp?resize=300%2C178 300w, https:\/\/i0.wp.com\/blogdalucianaoliveira.com.br\/blog\/wp-content\/uploads\/2026\/01\/IMG_3505.webp?resize=768%2C456 768w, https:\/\/i0.wp.com\/blogdalucianaoliveira.com.br\/blog\/wp-content\/uploads\/2026\/01\/IMG_3505.webp?resize=505%2C300 505w, https:\/\/i0.wp.com\/blogdalucianaoliveira.com.br\/blog\/wp-content\/uploads\/2026\/01\/IMG_3505.webp?w=800 800w\" sizes=\"auto, (max-width: 300px) 100vw, 300px\" \/><\/p>\n<div class=\"css-1k9op6x e17x9cvu0\" dir=\"ltr\">\n<p class=\"css-s4cjt0 e1yuyadm0\" dir=\"ltr\"><b>BBC News Brasil &#8211; O fato de Maduro ter sido &#8220;extra\u00eddo&#8221; de seu pa\u00eds pode afetar o julgamento? E o que dizer de seu status como chefe de Estado em exerc\u00edcio?<\/b><\/p>\n<\/div>\n<div class=\"css-1k9op6x e17x9cvu0\" dir=\"ltr\">\n<p class=\"css-s4cjt0 e1yuyadm0\" dir=\"ltr\"><b>Annette Idler &#8211; <\/b>A extra\u00e7\u00e3o for\u00e7ada de um chefe de Estado em exerc\u00edcio de seu pa\u00eds levanta quest\u00f5es jurisdicionais e de imunidade sem precedentes, que poderiam comprometer fundamentalmente a legitimidade de qualquer julgamento.<\/p>\n<\/div>\n<div class=\"css-1k9op6x e17x9cvu0\" dir=\"ltr\">\n<p class=\"css-s4cjt0 e1yuyadm0\" dir=\"ltr\">O direito internacional normalmente concede aos chefes de Estado em exerc\u00edcio imunidade absoluta contra processos criminais estrangeiros, independentemente dos crimes alegados.<\/p>\n<\/div>\n<div class=\"css-1k9op6x e17x9cvu0\" dir=\"ltr\">\n<p class=\"css-s4cjt0 e1yuyadm0\" dir=\"ltr\">A forma de obten\u00e7\u00e3o da cust\u00f3dia, por meio de a\u00e7\u00e3o militar em vez de extradi\u00e7\u00e3o legal, poderia tornar qualquer processo internacionalmente ileg\u00edtimo, mesmo que os tribunais dos EUA o levem adiante.<\/p>\n<\/div>\n<div class=\"css-1k9op6x e17x9cvu0\" dir=\"ltr\">\n<p class=\"css-s4cjt0 e1yuyadm0\" dir=\"ltr\"><b>BBC News Brasil &#8211; Quando Trump diz que os EUA &#8220;governariam&#8221; a Venezuela, quais seriam as implica\u00e7\u00f5es legais disso?<\/b><\/p>\n<\/div>\n<div class=\"css-1k9op6x e17x9cvu0\" dir=\"ltr\">\n<p class=\"css-s4cjt0 e1yuyadm0\" dir=\"ltr\"><b>Annette Idler &#8211; <\/b>Isso implica uma forma de ocupa\u00e7\u00e3o ou tutela que n\u00e3o tem fundamento no direito internacional contempor\u00e2neo \u2014 a era dos protetorados e das tutelas terminou com a descoloniza\u00e7\u00e3o.<\/p>\n<\/div>\n<div class=\"css-1k9op6x e17x9cvu0\" dir=\"ltr\">\n<p class=\"css-s4cjt0 e1yuyadm0\" dir=\"ltr\">Segundo o direito internacional humanit\u00e1rio, mesmo que considerada uma ocupa\u00e7\u00e3o, os EUA seriam obrigados a respeitar as leis venezuelanas vigentes e n\u00e3o poderiam reestruturar fundamentalmente o Estado.<\/p>\n<\/div>\n<div class=\"css-1k9op6x e17x9cvu0\" dir=\"ltr\">\n<p class=\"css-s4cjt0 e1yuyadm0\" dir=\"ltr\">Tais alega\u00e7\u00f5es ecoam os esfor\u00e7os fracassados \u200b\u200bde reconstru\u00e7\u00e3o nacional no Iraque e no Afeganist\u00e3o, onde a remo\u00e7\u00e3o de regimes se mostrou muito mais simples do que o estabelecimento de uma governan\u00e7a leg\u00edtima.<\/p>\n<\/div>\n<div class=\"css-1k9op6x e17x9cvu0\" dir=\"ltr\">\n<p class=\"css-s4cjt0 e1yuyadm0\" dir=\"ltr\">A pedido da professora Annette Idler, aqui est\u00e3o os complementos enviados por ela ap\u00f3s a publica\u00e7\u00e3o da reportagem:<\/p>\n<\/div>\n<div class=\"css-1k9op6x e17x9cvu0\" dir=\"ltr\">\n<p class=\"css-s4cjt0 e1yuyadm0\" dir=\"ltr\"><i class=\"css-6whwaq e1vymu7d0\">*&#8221;Alguns argumentam que a a\u00e7\u00e3o se baseia em precedentes jur\u00eddicos nacionais existentes, como o parecer Barr de 1989, que concluiu que o presidente pode autorizar pris\u00f5es extraterritoriais, mesmo que elas violem o direito internacional.&#8221;<\/i><\/p>\n<\/div>\n<div class=\"css-1k9op6x e17x9cvu0\" dir=\"ltr\">\n<p class=\"css-s4cjt0 e1yuyadm0\" dir=\"ltr\"><i class=\"css-6whwaq e1vymu7d0\">**&#8221;A realidade pr\u00e1tica, no entanto, \u00e9 que o \u00fanico quadro jur\u00eddico normativo que parece ter import\u00e2ncia em tais casos deriva de precedentes e pareceres jur\u00eddicos do Poder Executivo.&#8221;<\/i><\/p>\n<\/div>\n<\/div>\n<\/div>\n<\/div>\n<\/div>\n<\/div>\n","protected":false},"excerpt":{"rendered":"<p>Luiz Fernando Toledo, Da BBC News Brasil em Londres &#8211; A opera\u00e7\u00e3o militar dos Estados Unidos que levou \u00e0 pris\u00e3o do presidente venezuelano, Nicol\u00e1s Maduro, neste s\u00e1bado (3\/1) cria um precedente que pode remodelar as normas de seguran\u00e7a global e reacender, na Am\u00e9rica Latina, temores de mudan\u00e7as de regime impostas por outros pa\u00edses.<\/p>\n","protected":false},"author":1,"featured_media":0,"comment_status":"closed","ping_status":"open","sticky":false,"template":"","format":"standard","meta":{"_exactmetrics_skip_tracking":false,"_exactmetrics_sitenote_active":false,"_exactmetrics_sitenote_note":"","_exactmetrics_sitenote_category":0,"jetpack_post_was_ever_published":false,"_jetpack_newsletter_access":"","_jetpack_dont_email_post_to_subs":false,"_jetpack_newsletter_tier_id":0,"_jetpack_memberships_contains_paywalled_content":false,"_jetpack_memberships_contains_paid_content":false,"footnotes":"","jetpack_publicize_message":"","jetpack_publicize_feature_enabled":true,"jetpack_social_post_already_shared":true,"jetpack_social_options":{"image_generator_settings":{"template":"highway","enabled":false},"version":2}},"categories":[1],"tags":[304,220,1523],"class_list":["post-38084","post","type-post","status-publish","format-standard","hentry","category-notas","tag-eua","tag-trump","tag-venezuela"],"jetpack_publicize_connections":[],"jetpack_sharing_enabled":true,"jetpack_featured_media_url":"","jetpack_shortlink":"https:\/\/wp.me\/p7wKYW-9Ug","jetpack-related-posts":[],"_links":{"self":[{"href":"http:\/\/blogdalucianaoliveira.com.br\/blog\/wp-json\/wp\/v2\/posts\/38084","targetHints":{"allow":["GET"]}}],"collection":[{"href":"http:\/\/blogdalucianaoliveira.com.br\/blog\/wp-json\/wp\/v2\/posts"}],"about":[{"href":"http:\/\/blogdalucianaoliveira.com.br\/blog\/wp-json\/wp\/v2\/types\/post"}],"author":[{"embeddable":true,"href":"http:\/\/blogdalucianaoliveira.com.br\/blog\/wp-json\/wp\/v2\/users\/1"}],"replies":[{"embeddable":true,"href":"http:\/\/blogdalucianaoliveira.com.br\/blog\/wp-json\/wp\/v2\/comments?post=38084"}],"version-history":[{"count":2,"href":"http:\/\/blogdalucianaoliveira.com.br\/blog\/wp-json\/wp\/v2\/posts\/38084\/revisions"}],"predecessor-version":[{"id":38095,"href":"http:\/\/blogdalucianaoliveira.com.br\/blog\/wp-json\/wp\/v2\/posts\/38084\/revisions\/38095"}],"wp:attachment":[{"href":"http:\/\/blogdalucianaoliveira.com.br\/blog\/wp-json\/wp\/v2\/media?parent=38084"}],"wp:term":[{"taxonomy":"category","embeddable":true,"href":"http:\/\/blogdalucianaoliveira.com.br\/blog\/wp-json\/wp\/v2\/categories?post=38084"},{"taxonomy":"post_tag","embeddable":true,"href":"http:\/\/blogdalucianaoliveira.com.br\/blog\/wp-json\/wp\/v2\/tags?post=38084"}],"curies":[{"name":"wp","href":"https:\/\/api.w.org\/{rel}","templated":true}]}}