{"id":38089,"date":"2026-01-05T13:27:17","date_gmt":"2026-01-05T17:27:17","guid":{"rendered":"https:\/\/blogdalucianaoliveira.com.br\/blog\/?p=38089"},"modified":"2026-01-05T13:28:41","modified_gmt":"2026-01-05T17:28:41","slug":"atos-em-capitais-brasileiras-denunciam-ofensiva-dos-eua-e-apoiam-a-venezuela","status":"publish","type":"post","link":"http:\/\/blogdalucianaoliveira.com.br\/blog\/2026\/01\/05\/atos-em-capitais-brasileiras-denunciam-ofensiva-dos-eua-e-apoiam-a-venezuela\/","title":{"rendered":"Atos em capitais brasileiras denunciam ofensiva dos EUA e apoiam a Venezuela"},"content":{"rendered":"<p><img data-recalc-dims=\"1\" loading=\"lazy\" decoding=\"async\" data-attachment-id=\"38090\" data-permalink=\"http:\/\/blogdalucianaoliveira.com.br\/blog\/2026\/01\/05\/atos-em-capitais-brasileiras-denunciam-ofensiva-dos-eua-e-apoiam-a-venezuela\/img_3506\/\" data-orig-file=\"https:\/\/i0.wp.com\/blogdalucianaoliveira.com.br\/blog\/wp-content\/uploads\/2026\/01\/IMG_3506.webp?fit=500%2C240\" data-orig-size=\"500,240\" data-comments-opened=\"0\" data-image-meta=\"{&quot;aperture&quot;:&quot;0&quot;,&quot;credit&quot;:&quot;&quot;,&quot;camera&quot;:&quot;&quot;,&quot;caption&quot;:&quot;&quot;,&quot;created_timestamp&quot;:&quot;0&quot;,&quot;copyright&quot;:&quot;&quot;,&quot;focal_length&quot;:&quot;0&quot;,&quot;iso&quot;:&quot;0&quot;,&quot;shutter_speed&quot;:&quot;0&quot;,&quot;title&quot;:&quot;&quot;,&quot;orientation&quot;:&quot;0&quot;}\" data-image-title=\"IMG_3506\" data-image-description=\"\" data-image-caption=\"\" data-medium-file=\"https:\/\/i0.wp.com\/blogdalucianaoliveira.com.br\/blog\/wp-content\/uploads\/2026\/01\/IMG_3506.webp?fit=300%2C144\" data-large-file=\"https:\/\/i0.wp.com\/blogdalucianaoliveira.com.br\/blog\/wp-content\/uploads\/2026\/01\/IMG_3506.webp?fit=500%2C240\" class=\"alignnone size-medium wp-image-38090\" src=\"https:\/\/i0.wp.com\/blogdalucianaoliveira.com.br\/blog\/wp-content\/uploads\/2026\/01\/IMG_3506.webp?resize=300%2C144\" alt=\"\" width=\"300\" height=\"144\" srcset=\"https:\/\/i0.wp.com\/blogdalucianaoliveira.com.br\/blog\/wp-content\/uploads\/2026\/01\/IMG_3506.webp?resize=300%2C144 300w, https:\/\/i0.wp.com\/blogdalucianaoliveira.com.br\/blog\/wp-content\/uploads\/2026\/01\/IMG_3506.webp?w=500 500w\" sizes=\"auto, (max-width: 300px) 100vw, 300px\" \/><\/p>\n<h2 class=\"article__lead\">Mobiliza\u00e7\u00f5es articuladas por movimentos sociais criticam escalada militar dos EUA e pedem respeito \u00e0 soberania venezuelana<\/h2>\n<p><!--more--><\/p>\n<p><b>247 &#8211; <\/b>Movimentos populares, centrais sindicais e organiza\u00e7\u00f5es pol\u00edticas da esquerda brasileira iniciaram uma articula\u00e7\u00e3o nacional para realizar atos p\u00fablicos em diversas capitais do pa\u00eds contra a escalada militar dos Estados Unidos e em solidariedade \u00e0 Venezuela. A mobiliza\u00e7\u00e3o ganhou for\u00e7a ap\u00f3s o sequestro do presidente Nicol\u00e1s Maduro e da primeira-dama Cilia Flores, epis\u00f3dio classificado pelos organizadores como um ataque sem precedentes \u00e0 soberania venezuelana e \u00e0 estabilidade da Am\u00e9rica Latina.<\/p>\n<p>As manifesta\u00e7\u00f5es est\u00e3o programadas para ocorrer em diferentes datas e capitais do pa\u00eds:<\/p>\n<p><b>5 de janeiro<\/b><\/p>\n<ul>\n<li>S\u00e3o Paulo: em frente ao Consulado dos Estados Unidos, a partir das 16h<\/li>\n<li>Rio de Janeiro: Cinel\u00e2ndia, \u00e0s 16h<\/li>\n<li>Bras\u00edlia: Museu Nacional, \u00e0s 17h<\/li>\n<li>Salvador: Pra\u00e7a da Piedade, \u00e0s 16h<\/li>\n<li>S\u00e3o Lu\u00eds: Pra\u00e7a Deodoro, \u00e0s 16h<\/li>\n<li>Belo Horizonte: Pra\u00e7a Sete, \u00e0s 17h<\/li>\n<li>Porto Alegre: em frente ao Consulado dos Estados Unidos, \u00e0s 17h<\/li>\n<li>Porto Velho, 17 hs, no Espa\u00e7o Alternativo<\/li>\n<\/ul>\n<p><b>6 de janeiro<\/b><\/p>\n<ul>\n<li>Recife: em frente ao Consulado dos Estados Unidos, \u00e0s 16h<\/li>\n<\/ul>\n<p><b>8 de janeiro<\/b><\/p>\n<ul>\n<li>Fortaleza: Pra\u00e7a do Ferreira, \u00e0s 15h<\/li>\n<\/ul>\n<p>A articula\u00e7\u00e3o das manifesta\u00e7\u00f5es envolve entidades sociais, organiza\u00e7\u00f5es juvenis e representa\u00e7\u00f5es pol\u00edticas que se reuniram para coordenar a\u00e7\u00f5es de rep\u00fadio \u00e0 pol\u00edtica externa conduzida pelo presidente dos Estados Unidos, Donald Trump.<\/p>\n<p>A mobiliza\u00e7\u00e3o tem como eixo central a den\u00fancia do que os organizadores classificam como uma &#8220;agress\u00e3o imperialista&#8221; promovida por Washington. Para essas entidades, a ofensiva norte-americana representa uma amea\u00e7a direta n\u00e3o apenas \u00e0 Venezuela, mas tamb\u00e9m ao princ\u00edpio de autodetermina\u00e7\u00e3o dos povos da Am\u00e9rica Latina, regi\u00e3o que reafirmam como historicamente comprometida com a condi\u00e7\u00e3o de Zona de Paz.<\/p>\n<p>A nota tamb\u00e9m aponta que o sequestro de Nicol\u00e1s Maduro e de Cilia Flores configura uma grave viola\u00e7\u00e3o do direito internacional e um ato de guerra.<\/p>\n<div class=\"contentAd contentAd--noBackground marginBottom30\">\n<div class=\"marginTop10 adBackground\">\n<p>Leia a nota na \u00edntegra:<\/p>\n<p><i>Diante do sequestro do Presidente Nicol\u00e1s Maduro e da primeira-dama C\u00edlia Flores, os movimentos populares, centrais sindicais e demais for\u00e7as organizadas da esquerda brasileira uniram-se em solidariedade ao povo venezuelano. Eles destacaram a dimens\u00e3o in\u00e9dita do ataque, poss\u00edvel apenas pela capacidade b\u00e9lica dos Estados Unidos. Neste domingo (4), uma ampla reuni\u00e3o que congregou esses setores \u2014 incluindo organiza\u00e7\u00f5es da juventude, entidades sociais e representa\u00e7\u00f5es pol\u00edticas diversas \u2014 foi convocada para organizar atos em v\u00e1rias capitais do pa\u00eds. A pauta centrou-se na solidariedade \u00e0 Venezuela e no rep\u00fadio \u00e0 escalada militar promovida por Donald Trump.<\/i><\/p>\n<p><i>A mobiliza\u00e7\u00e3o tem como eixo central a den\u00fancia da agress\u00e3o imperialista dos Estados Unidos, que representa uma amea\u00e7a n\u00e3o apenas \u00e0 soberania venezuelana, mas \u00e0 estabilidade e \u00e0 autodetermina\u00e7\u00e3o de toda a Am\u00e9rica Latina. As organiza\u00e7\u00f5es reafirmam o compromisso hist\u00f3rico da regi\u00e3o como Zona de Paz e rejeitam qualquer forma de interven\u00e7\u00e3o militar ou inger\u00eancia externa.<\/i><\/p>\n<p><i>As entidades tamb\u00e9m denunciam o sequestro ilegal do presidente Nicol\u00e1s Maduro e da primeira-dama Cilia Flores, caracterizando o epis\u00f3dio como um ato de guerra e uma viola\u00e7\u00e3o brutal do direito internacional. As falsas acusa\u00e7\u00f5es levantadas contra as autoridades venezuelanas servem apenas como pretexto para legitimar a viol\u00eancia e retomar o controle sobre as riquezas naturais do pa\u00eds &#8211; em especial o petr\u00f3leo.<\/i><\/p>\n<p><i>Outro ponto central da mobiliza\u00e7\u00e3o \u00e9 a den\u00fancia da m\u00e1quina de guerras e de mentiras dos Estados Unidos, que adota pr\u00e1ticas terroristas em conson\u00e2ncia com uma longa campanha midi\u00e1tica internacional de criminaliza\u00e7\u00e3o e difama\u00e7\u00e3o do governo venezuelano.<\/i><\/p>\n<p><i>A reuni\u00e3o contou com a participa\u00e7\u00e3o de representantes direto de Caracas, que trouxeram relatos diretos sobre a gravidade do ataque. Hern\u00e1n Vargas, do Movimiento Pobladores y Pobladoras e da coordena\u00e7\u00e3o pol\u00edtica da Alba Movimientos, afirmou que n\u00e3o houve golpe militar, mas sim sequestro, segundo ele, neste momento \u201cos povos do mundo s\u00e3o a extens\u00e3o da for\u00e7a e da capacidade de resist\u00eancia do povo venezuelano\u201d.<\/i><\/p>\n<p><i>J\u00e1 Carlos Ron, ex-vice-ministro das Rela\u00e7\u00f5es Exteriores da Venezuela para a Am\u00e9rica do Norte e pesquisador do Instituto Tricontinental, enfatizou que o governo venezuelano n\u00e3o foi derrotado, recha\u00e7ando a narrativa de divis\u00e3o interna. Para ele, o ataque deve ser compreendido como \u201cuma agress\u00e3o externa de grande magnitude, estranha \u00e0 cultura pol\u00edtica venezuelana, e que exige solidariedade internacional e respeito \u00e0 soberania do pa\u00eds\u201d.<\/i><\/p>\n<p><i>As organiza\u00e7\u00f5es tamb\u00e9m decidiram pressionar o Estado brasileiro para que se manifeste oficialmente, por meio de seus poderes Executivo, Legislativo e Judici\u00e1rio, bem como pelos canais diplom\u00e1ticos, condenando a agress\u00e3o imperialista e expressando solidariedade ao governo e ao povo da Venezuela.<\/i><\/p>\n<\/div>\n<\/div>\n","protected":false},"excerpt":{"rendered":"<p>Mobiliza\u00e7\u00f5es articuladas por movimentos sociais criticam escalada militar dos EUA e pedem respeito \u00e0 soberania venezuelana<\/p>\n","protected":false},"author":1,"featured_media":0,"comment_status":"closed","ping_status":"open","sticky":false,"template":"","format":"standard","meta":{"_exactmetrics_skip_tracking":false,"_exactmetrics_sitenote_active":false,"_exactmetrics_sitenote_note":"","_exactmetrics_sitenote_category":0,"jetpack_post_was_ever_published":false,"_jetpack_newsletter_access":"","_jetpack_dont_email_post_to_subs":false,"_jetpack_newsletter_tier_id":0,"_jetpack_memberships_contains_paywalled_content":false,"_jetpack_memberships_contains_paid_content":false,"footnotes":"","jetpack_publicize_message":"","jetpack_publicize_feature_enabled":true,"jetpack_social_post_already_shared":true,"jetpack_social_options":{"image_generator_settings":{"template":"highway","enabled":false},"version":2}},"categories":[1],"tags":[1413,860,1523],"class_list":["post-38089","post","type-post","status-publish","format-standard","hentry","category-notas","tag-apoio","tag-manifestacoes","tag-venezuela"],"jetpack_publicize_connections":[],"jetpack_sharing_enabled":true,"jetpack_featured_media_url":"","jetpack_shortlink":"https:\/\/wp.me\/p7wKYW-9Ul","jetpack-related-posts":[],"_links":{"self":[{"href":"http:\/\/blogdalucianaoliveira.com.br\/blog\/wp-json\/wp\/v2\/posts\/38089","targetHints":{"allow":["GET"]}}],"collection":[{"href":"http:\/\/blogdalucianaoliveira.com.br\/blog\/wp-json\/wp\/v2\/posts"}],"about":[{"href":"http:\/\/blogdalucianaoliveira.com.br\/blog\/wp-json\/wp\/v2\/types\/post"}],"author":[{"embeddable":true,"href":"http:\/\/blogdalucianaoliveira.com.br\/blog\/wp-json\/wp\/v2\/users\/1"}],"replies":[{"embeddable":true,"href":"http:\/\/blogdalucianaoliveira.com.br\/blog\/wp-json\/wp\/v2\/comments?post=38089"}],"version-history":[{"count":3,"href":"http:\/\/blogdalucianaoliveira.com.br\/blog\/wp-json\/wp\/v2\/posts\/38089\/revisions"}],"predecessor-version":[{"id":38093,"href":"http:\/\/blogdalucianaoliveira.com.br\/blog\/wp-json\/wp\/v2\/posts\/38089\/revisions\/38093"}],"wp:attachment":[{"href":"http:\/\/blogdalucianaoliveira.com.br\/blog\/wp-json\/wp\/v2\/media?parent=38089"}],"wp:term":[{"taxonomy":"category","embeddable":true,"href":"http:\/\/blogdalucianaoliveira.com.br\/blog\/wp-json\/wp\/v2\/categories?post=38089"},{"taxonomy":"post_tag","embeddable":true,"href":"http:\/\/blogdalucianaoliveira.com.br\/blog\/wp-json\/wp\/v2\/tags?post=38089"}],"curies":[{"name":"wp","href":"https:\/\/api.w.org\/{rel}","templated":true}]}}