{"id":38096,"date":"2026-01-05T16:03:49","date_gmt":"2026-01-05T20:03:49","guid":{"rendered":"https:\/\/blogdalucianaoliveira.com.br\/blog\/?p=38096"},"modified":"2026-01-05T16:03:49","modified_gmt":"2026-01-05T20:03:49","slug":"claudia-de-jesus-solicita-nova-escola-indigena-para-aldeia-de-chupinguaia","status":"publish","type":"post","link":"http:\/\/blogdalucianaoliveira.com.br\/blog\/2026\/01\/05\/claudia-de-jesus-solicita-nova-escola-indigena-para-aldeia-de-chupinguaia\/","title":{"rendered":"Cl\u00e1udia de Jesus solicita nova escola ind\u00edgena para aldeia de Chupinguaia"},"content":{"rendered":"<p><img data-recalc-dims=\"1\" loading=\"lazy\" decoding=\"async\" data-attachment-id=\"38098\" data-permalink=\"http:\/\/blogdalucianaoliveira.com.br\/blog\/2026\/01\/05\/claudia-de-jesus-solicita-nova-escola-indigena-para-aldeia-de-chupinguaia\/img_3511\/\" data-orig-file=\"https:\/\/i0.wp.com\/blogdalucianaoliveira.com.br\/blog\/wp-content\/uploads\/2026\/01\/IMG_3511.jpeg?fit=1106%2C757\" data-orig-size=\"1106,757\" data-comments-opened=\"0\" data-image-meta=\"{&quot;aperture&quot;:&quot;0&quot;,&quot;credit&quot;:&quot;&quot;,&quot;camera&quot;:&quot;&quot;,&quot;caption&quot;:&quot;&quot;,&quot;created_timestamp&quot;:&quot;0&quot;,&quot;copyright&quot;:&quot;&quot;,&quot;focal_length&quot;:&quot;0&quot;,&quot;iso&quot;:&quot;0&quot;,&quot;shutter_speed&quot;:&quot;0&quot;,&quot;title&quot;:&quot;&quot;,&quot;orientation&quot;:&quot;1&quot;}\" data-image-title=\"IMG_3511\" data-image-description=\"\" data-image-caption=\"\" data-medium-file=\"https:\/\/i0.wp.com\/blogdalucianaoliveira.com.br\/blog\/wp-content\/uploads\/2026\/01\/IMG_3511.jpeg?fit=300%2C205\" data-large-file=\"https:\/\/i0.wp.com\/blogdalucianaoliveira.com.br\/blog\/wp-content\/uploads\/2026\/01\/IMG_3511.jpeg?fit=600%2C411\" class=\"alignnone size-medium wp-image-38098\" src=\"https:\/\/i0.wp.com\/blogdalucianaoliveira.com.br\/blog\/wp-content\/uploads\/2026\/01\/IMG_3511.jpeg?resize=300%2C205\" alt=\"\" width=\"300\" height=\"205\" srcset=\"https:\/\/i0.wp.com\/blogdalucianaoliveira.com.br\/blog\/wp-content\/uploads\/2026\/01\/IMG_3511.jpeg?resize=300%2C205 300w, https:\/\/i0.wp.com\/blogdalucianaoliveira.com.br\/blog\/wp-content\/uploads\/2026\/01\/IMG_3511.jpeg?resize=1024%2C701 1024w, https:\/\/i0.wp.com\/blogdalucianaoliveira.com.br\/blog\/wp-content\/uploads\/2026\/01\/IMG_3511.jpeg?resize=768%2C526 768w, https:\/\/i0.wp.com\/blogdalucianaoliveira.com.br\/blog\/wp-content\/uploads\/2026\/01\/IMG_3511.jpeg?resize=438%2C300 438w, https:\/\/i0.wp.com\/blogdalucianaoliveira.com.br\/blog\/wp-content\/uploads\/2026\/01\/IMG_3511.jpeg?w=1106 1106w\" sizes=\"auto, (max-width: 300px) 100vw, 300px\" \/><\/p>\n<p>Indica\u00e7\u00e3o pede melhorias para garantir educa\u00e7\u00e3o digna na Terra Ind\u00edgena Tubar\u00e3o Latund\u00ea<!--more--><\/p>\n<p>A deputada estadual Cl\u00e1udia de Jesus (PT) apresentou uma indica\u00e7\u00e3o \u00e0 Secretaria de Estado da Educa\u00e7\u00e3o (Seduc) para constru\u00e7\u00e3o de um novo pr\u00e9dio para a Escola Estadual Ind\u00edgena de Ensino Fundamental e M\u00e9dio (EIEEFM) Aikan\u00e3, localizada na Aldeia Rio de Ouro, em Chupinguaia.<\/p>\n<p>A unidade atende cerca de 50 alunos ind\u00edgenas e enfrenta s\u00e9rias defici\u00eancias estruturais. Conforme o documento, h\u00e1 risco de desabamento, infiltra\u00e7\u00f5es recorrentes no per\u00edodo chuvoso, aus\u00eancia de condi\u00e7\u00f5es adequadas de higiene e seguran\u00e7a, al\u00e9m da falta de alojamento para professores e de espa\u00e7o apropriado para armazenamento da merenda escolar, o que compromete diretamente o processo educacional.<\/p>\n<p>Para a deputada, a medida \u00e9 indispens\u00e1vel para assegurar direitos b\u00e1sicos \u00e0 comunidade. \u201c\u00c9 inaceit\u00e1vel que estudantes e educadores convivam com risco e precariedade. Garantir uma escola segura e adequada \u00e9 assegurar o direito \u00e0 educa\u00e7\u00e3o e respeitar a realidade da educa\u00e7\u00e3o ind\u00edgena\u201d, afirmou Cl\u00e1udia de Jesus.<\/p>\n","protected":false},"excerpt":{"rendered":"<p>Indica\u00e7\u00e3o pede melhorias para garantir educa\u00e7\u00e3o digna na Terra Ind\u00edgena Tubar\u00e3o Latund\u00ea<\/p>\n","protected":false},"author":1,"featured_media":0,"comment_status":"closed","ping_status":"open","sticky":false,"template":"","format":"standard","meta":{"_exactmetrics_skip_tracking":false,"_exactmetrics_sitenote_active":false,"_exactmetrics_sitenote_note":"","_exactmetrics_sitenote_category":0,"jetpack_post_was_ever_published":false,"_jetpack_newsletter_access":"","_jetpack_dont_email_post_to_subs":false,"_jetpack_newsletter_tier_id":0,"_jetpack_memberships_contains_paywalled_content":false,"_jetpack_memberships_contains_paid_content":false,"footnotes":"","jetpack_publicize_message":"","jetpack_publicize_feature_enabled":true,"jetpack_social_post_already_shared":true,"jetpack_social_options":{"image_generator_settings":{"template":"highway","enabled":false},"version":2}},"categories":[1],"tags":[461,1429,849,624],"class_list":["post-38096","post","type-post","status-publish","format-standard","hentry","category-notas","tag-chupinguaia","tag-deputada-claudia-de-jesus","tag-escola","tag-indigena"],"jetpack_publicize_connections":[],"jetpack_sharing_enabled":true,"jetpack_featured_media_url":"","jetpack_shortlink":"https:\/\/wp.me\/p7wKYW-9Us","jetpack-related-posts":[],"_links":{"self":[{"href":"http:\/\/blogdalucianaoliveira.com.br\/blog\/wp-json\/wp\/v2\/posts\/38096","targetHints":{"allow":["GET"]}}],"collection":[{"href":"http:\/\/blogdalucianaoliveira.com.br\/blog\/wp-json\/wp\/v2\/posts"}],"about":[{"href":"http:\/\/blogdalucianaoliveira.com.br\/blog\/wp-json\/wp\/v2\/types\/post"}],"author":[{"embeddable":true,"href":"http:\/\/blogdalucianaoliveira.com.br\/blog\/wp-json\/wp\/v2\/users\/1"}],"replies":[{"embeddable":true,"href":"http:\/\/blogdalucianaoliveira.com.br\/blog\/wp-json\/wp\/v2\/comments?post=38096"}],"version-history":[{"count":1,"href":"http:\/\/blogdalucianaoliveira.com.br\/blog\/wp-json\/wp\/v2\/posts\/38096\/revisions"}],"predecessor-version":[{"id":38099,"href":"http:\/\/blogdalucianaoliveira.com.br\/blog\/wp-json\/wp\/v2\/posts\/38096\/revisions\/38099"}],"wp:attachment":[{"href":"http:\/\/blogdalucianaoliveira.com.br\/blog\/wp-json\/wp\/v2\/media?parent=38096"}],"wp:term":[{"taxonomy":"category","embeddable":true,"href":"http:\/\/blogdalucianaoliveira.com.br\/blog\/wp-json\/wp\/v2\/categories?post=38096"},{"taxonomy":"post_tag","embeddable":true,"href":"http:\/\/blogdalucianaoliveira.com.br\/blog\/wp-json\/wp\/v2\/tags?post=38096"}],"curies":[{"name":"wp","href":"https:\/\/api.w.org\/{rel}","templated":true}]}}