{"id":38109,"date":"2026-01-07T23:52:36","date_gmt":"2026-01-08T03:52:36","guid":{"rendered":"https:\/\/blogdalucianaoliveira.com.br\/blog\/?p=38109"},"modified":"2026-01-07T23:52:36","modified_gmt":"2026-01-08T03:52:36","slug":"trump-isola-estados-unidos-e-retira-o-pais-de-66-organizacoes-internacionais","status":"publish","type":"post","link":"http:\/\/blogdalucianaoliveira.com.br\/blog\/2026\/01\/07\/trump-isola-estados-unidos-e-retira-o-pais-de-66-organizacoes-internacionais\/","title":{"rendered":"Trump isola Estados Unidos e retira o pa\u00eds de 66 organiza\u00e7\u00f5es internacionais"},"content":{"rendered":"<p><img data-recalc-dims=\"1\" loading=\"lazy\" decoding=\"async\" data-attachment-id=\"38110\" data-permalink=\"http:\/\/blogdalucianaoliveira.com.br\/blog\/2026\/01\/07\/trump-isola-estados-unidos-e-retira-o-pais-de-66-organizacoes-internacionais\/img_3583\/\" data-orig-file=\"https:\/\/i0.wp.com\/blogdalucianaoliveira.com.br\/blog\/wp-content\/uploads\/2026\/01\/IMG_3583.webp?fit=500%2C240\" data-orig-size=\"500,240\" data-comments-opened=\"0\" data-image-meta=\"{&quot;aperture&quot;:&quot;0&quot;,&quot;credit&quot;:&quot;&quot;,&quot;camera&quot;:&quot;&quot;,&quot;caption&quot;:&quot;&quot;,&quot;created_timestamp&quot;:&quot;0&quot;,&quot;copyright&quot;:&quot;&quot;,&quot;focal_length&quot;:&quot;0&quot;,&quot;iso&quot;:&quot;0&quot;,&quot;shutter_speed&quot;:&quot;0&quot;,&quot;title&quot;:&quot;&quot;,&quot;orientation&quot;:&quot;0&quot;}\" data-image-title=\"IMG_3583\" data-image-description=\"\" data-image-caption=\"\" data-medium-file=\"https:\/\/i0.wp.com\/blogdalucianaoliveira.com.br\/blog\/wp-content\/uploads\/2026\/01\/IMG_3583.webp?fit=300%2C144\" data-large-file=\"https:\/\/i0.wp.com\/blogdalucianaoliveira.com.br\/blog\/wp-content\/uploads\/2026\/01\/IMG_3583.webp?fit=500%2C240\" class=\"alignnone size-medium wp-image-38110\" src=\"https:\/\/i0.wp.com\/blogdalucianaoliveira.com.br\/blog\/wp-content\/uploads\/2026\/01\/IMG_3583.webp?resize=300%2C144\" alt=\"\" width=\"300\" height=\"144\" srcset=\"https:\/\/i0.wp.com\/blogdalucianaoliveira.com.br\/blog\/wp-content\/uploads\/2026\/01\/IMG_3583.webp?resize=300%2C144 300w, https:\/\/i0.wp.com\/blogdalucianaoliveira.com.br\/blog\/wp-content\/uploads\/2026\/01\/IMG_3583.webp?w=500 500w\" sizes=\"auto, (max-width: 300px) 100vw, 300px\" \/><\/p>\n<h2 class=\"article__lead\">Medida atinge organiza\u00e7\u00f5es ligadas \u00e0 ONU e refor\u00e7a ataques do presidente dos Estados Unidos ao multilateralismo<\/h2>\n<p><!--more--><\/p>\n<div class=\"article__info\">\n<div class=\"article__meta\"><b>247 &#8211; <\/b>O presidente dos Estados Unidos, Donald Trump, assinou nesta quarta-feira (7) uma proclama\u00e7\u00e3o que determina a retirada do pa\u00eds de mais de 60 organiza\u00e7\u00f5es internacionais. A decis\u00e3o marca um novo movimento de afastamento dos EUA de inst\u00e2ncias multilaterais e aprofunda a estrat\u00e9gia diplom\u00e1tica adotada por Trump desde seu primeiro mandato na Casa Branca.<\/div>\n<div>Segundo o <a href=\"https:\/\/g1.globo.com\/mundo\/noticia\/2026\/01\/07\/trump-ordena-saida-dos-eua-de-mais-de-60-organizacoes-internacionais.ghtml\" target=\"_blank\" rel=\"noopener noreferrer nofollow\">G1<\/a>, a medida envolve a sa\u00edda dos Estados Unidos de 35 organiza\u00e7\u00f5es que n\u00e3o pertencem ao sistema das Na\u00e7\u00f5es Unidas e de outras 31 entidades vinculadas diretamente \u00e0 ONU. Em comunicado oficial, a Casa Branca afirmou que esses organismos \u201coperam contrariamente aos interesses nacionais dos EUA\u201d.<\/div>\n<div>\n<h2>Proclama\u00e7\u00e3o amplia ruptura com organismos multilaterais<\/h2>\n<p>At\u00e9 a \u00faltima atualiza\u00e7\u00e3o, o governo estadunidense n\u00e3o havia divulgado a lista completa das organiza\u00e7\u00f5es afetadas pela decis\u00e3o. A aus\u00eancia de detalhes gerou questionamentos sobre o impacto pr\u00e1tico da medida e sobre quais \u00e1reas da coopera\u00e7\u00e3o internacional poder\u00e3o ser mais diretamente atingidas.<\/p>\n<p>A justificativa apresentada pela Casa Branca refor\u00e7a o discurso de soberania nacional defendido por Trump, que frequentemente critica institui\u00e7\u00f5es multilaterais sob o argumento de que elas limitam a autonomia pol\u00edtica e econ\u00f4mica dos Estados Unidos.<\/p>\n<h2>Retirada inclui organiza\u00e7\u00f5es vinculadas \u00e0 ONU<\/h2>\n<p>Entre as organiza\u00e7\u00f5es afetadas, mais da metade mant\u00e9m algum tipo de v\u00ednculo com o sistema das Na\u00e7\u00f5es Unidas. A sa\u00edda de entidades ligadas \u00e0 ONU sinaliza um distanciamento ainda maior do governo Trump em rela\u00e7\u00e3o aos principais f\u00f3runs globais de coopera\u00e7\u00e3o pol\u00edtica, econ\u00f4mica e humanit\u00e1ria.<\/p>\n<p>A decis\u00e3o ocorre em um cen\u00e1rio de tens\u00f5es diplom\u00e1ticas entre Washington e diferentes pa\u00edses, al\u00e9m de cr\u00edticas recorrentes do atual presidente dos Estados Unidos ao funcionamento e \u00e0 governan\u00e7a dessas institui\u00e7\u00f5es.<\/p>\n<h2>Antecedentes da pol\u00edtica externa de Trump<\/h2>\n<p>Durante seu primeiro mandato, entre 2017 e 2021, Donald Trump j\u00e1 havia promovido a retirada dos Estados Unidos de diversos organismos multilaterais. Um dos casos mais emblem\u00e1ticos foi o afastamento da Organiza\u00e7\u00e3o Mundial da Sa\u00fade (OMS), anunciado em julho de 2020, no auge da pandemia de Covid-19.<\/p>\n<p>Na ocasi\u00e3o, Trump acusou a OMS de ter sido influenciada pelo governo chin\u00eas na condu\u00e7\u00e3o das orienta\u00e7\u00f5es globais sobre o coronav\u00edrus. \u201cO mundo est\u00e1 sofrendo agora como resultado dos malfeitos do governo chin\u00eas\u201d, declarou Trump em maio de 2020. A sa\u00edda formal da organiza\u00e7\u00e3o foi conclu\u00edda no ano seguinte.<\/p>\n<\/div>\n<div><\/div>\n<\/div>\n","protected":false},"excerpt":{"rendered":"<p>Medida atinge organiza\u00e7\u00f5es ligadas \u00e0 ONU e refor\u00e7a ataques do presidente dos Estados Unidos ao multilateralismo<\/p>\n","protected":false},"author":1,"featured_media":0,"comment_status":"closed","ping_status":"open","sticky":false,"template":"","format":"standard","meta":{"_exactmetrics_skip_tracking":false,"_exactmetrics_sitenote_active":false,"_exactmetrics_sitenote_note":"","_exactmetrics_sitenote_category":0,"jetpack_post_was_ever_published":false,"_jetpack_newsletter_access":"","_jetpack_dont_email_post_to_subs":false,"_jetpack_newsletter_tier_id":0,"_jetpack_memberships_contains_paywalled_content":false,"_jetpack_memberships_contains_paid_content":false,"footnotes":"","jetpack_publicize_message":"","jetpack_publicize_feature_enabled":true,"jetpack_social_post_already_shared":true,"jetpack_social_options":{"image_generator_settings":{"template":"highway","enabled":false},"version":2}},"categories":[1],"tags":[],"class_list":["post-38109","post","type-post","status-publish","format-standard","hentry","category-notas"],"jetpack_publicize_connections":[],"jetpack_sharing_enabled":true,"jetpack_featured_media_url":"","jetpack_shortlink":"https:\/\/wp.me\/p7wKYW-9UF","jetpack-related-posts":[],"_links":{"self":[{"href":"http:\/\/blogdalucianaoliveira.com.br\/blog\/wp-json\/wp\/v2\/posts\/38109","targetHints":{"allow":["GET"]}}],"collection":[{"href":"http:\/\/blogdalucianaoliveira.com.br\/blog\/wp-json\/wp\/v2\/posts"}],"about":[{"href":"http:\/\/blogdalucianaoliveira.com.br\/blog\/wp-json\/wp\/v2\/types\/post"}],"author":[{"embeddable":true,"href":"http:\/\/blogdalucianaoliveira.com.br\/blog\/wp-json\/wp\/v2\/users\/1"}],"replies":[{"embeddable":true,"href":"http:\/\/blogdalucianaoliveira.com.br\/blog\/wp-json\/wp\/v2\/comments?post=38109"}],"version-history":[{"count":1,"href":"http:\/\/blogdalucianaoliveira.com.br\/blog\/wp-json\/wp\/v2\/posts\/38109\/revisions"}],"predecessor-version":[{"id":38111,"href":"http:\/\/blogdalucianaoliveira.com.br\/blog\/wp-json\/wp\/v2\/posts\/38109\/revisions\/38111"}],"wp:attachment":[{"href":"http:\/\/blogdalucianaoliveira.com.br\/blog\/wp-json\/wp\/v2\/media?parent=38109"}],"wp:term":[{"taxonomy":"category","embeddable":true,"href":"http:\/\/blogdalucianaoliveira.com.br\/blog\/wp-json\/wp\/v2\/categories?post=38109"},{"taxonomy":"post_tag","embeddable":true,"href":"http:\/\/blogdalucianaoliveira.com.br\/blog\/wp-json\/wp\/v2\/tags?post=38109"}],"curies":[{"name":"wp","href":"https:\/\/api.w.org\/{rel}","templated":true}]}}