{"id":38115,"date":"2026-01-07T23:58:43","date_gmt":"2026-01-08T03:58:43","guid":{"rendered":"https:\/\/blogdalucianaoliveira.com.br\/blog\/?p=38115"},"modified":"2026-01-07T23:58:43","modified_gmt":"2026-01-08T03:58:43","slug":"deputada-claudia-de-jesus-pede-ampliacao-de-vagas-na-policia-civil-para-reforcar-seguranca","status":"publish","type":"post","link":"http:\/\/blogdalucianaoliveira.com.br\/blog\/2026\/01\/07\/deputada-claudia-de-jesus-pede-ampliacao-de-vagas-na-policia-civil-para-reforcar-seguranca\/","title":{"rendered":"Deputada Cl\u00e1udia de Jesus pede amplia\u00e7\u00e3o de vagas na Pol\u00edcia Civil para refor\u00e7ar seguran\u00e7a"},"content":{"rendered":"<p><img data-recalc-dims=\"1\" loading=\"lazy\" decoding=\"async\" data-attachment-id=\"38118\" data-permalink=\"http:\/\/blogdalucianaoliveira.com.br\/blog\/2026\/01\/07\/deputada-claudia-de-jesus-pede-ampliacao-de-vagas-na-policia-civil-para-reforcar-seguranca\/img_3586\/\" data-orig-file=\"https:\/\/i0.wp.com\/blogdalucianaoliveira.com.br\/blog\/wp-content\/uploads\/2026\/01\/IMG_3586.jpeg?fit=1025%2C743\" data-orig-size=\"1025,743\" data-comments-opened=\"0\" data-image-meta=\"{&quot;aperture&quot;:&quot;0&quot;,&quot;credit&quot;:&quot;&quot;,&quot;camera&quot;:&quot;&quot;,&quot;caption&quot;:&quot;&quot;,&quot;created_timestamp&quot;:&quot;0&quot;,&quot;copyright&quot;:&quot;&quot;,&quot;focal_length&quot;:&quot;0&quot;,&quot;iso&quot;:&quot;0&quot;,&quot;shutter_speed&quot;:&quot;0&quot;,&quot;title&quot;:&quot;&quot;,&quot;orientation&quot;:&quot;1&quot;}\" data-image-title=\"IMG_3586\" data-image-description=\"\" data-image-caption=\"\" data-medium-file=\"https:\/\/i0.wp.com\/blogdalucianaoliveira.com.br\/blog\/wp-content\/uploads\/2026\/01\/IMG_3586.jpeg?fit=300%2C217\" data-large-file=\"https:\/\/i0.wp.com\/blogdalucianaoliveira.com.br\/blog\/wp-content\/uploads\/2026\/01\/IMG_3586.jpeg?fit=600%2C435\" class=\"alignnone size-medium wp-image-38118\" src=\"https:\/\/i0.wp.com\/blogdalucianaoliveira.com.br\/blog\/wp-content\/uploads\/2026\/01\/IMG_3586.jpeg?resize=300%2C217\" alt=\"\" width=\"300\" height=\"217\" srcset=\"https:\/\/i0.wp.com\/blogdalucianaoliveira.com.br\/blog\/wp-content\/uploads\/2026\/01\/IMG_3586.jpeg?resize=300%2C217 300w, https:\/\/i0.wp.com\/blogdalucianaoliveira.com.br\/blog\/wp-content\/uploads\/2026\/01\/IMG_3586.jpeg?resize=768%2C557 768w, https:\/\/i0.wp.com\/blogdalucianaoliveira.com.br\/blog\/wp-content\/uploads\/2026\/01\/IMG_3586.jpeg?resize=414%2C300 414w, https:\/\/i0.wp.com\/blogdalucianaoliveira.com.br\/blog\/wp-content\/uploads\/2026\/01\/IMG_3586.jpeg?w=1025 1025w\" sizes=\"auto, (max-width: 300px) 100vw, 300px\" \/><\/p>\n<p>Pol\u00edcia\u00a0Civil opera com apenas\u00a022% do efetivo previsto em lei.<!--more--><\/p>\n<p>A falta de policiais civis em Rond\u00f4nia motivou a deputada estadual Cl\u00e1udia de Jesus (PT) a solicitar ao governo estadual a convoca\u00e7\u00e3o imediata da 2\u00aa Turma da Academia de Pol\u00edcia Civil (Acadepol). O requerimento foi direcionado \u00e0 Secretaria de Estado da Seguran\u00e7a, Defesa e Cidadania (Sesdec) com pedido de amplia\u00e7\u00e3o do n\u00famero de vagas e garantia de recursos para o Curso de Forma\u00e7\u00e3o T\u00e9cnico-Profissional (CFTP).<\/p>\n<p>No documento, a parlamentar destaca que a Pol\u00edcia Civil opera atualmente com apenas 22% do efetivo considerado ideal, conforme dados do Tribunal de Contas do Estado, situa\u00e7\u00e3o que deve se agravar com a previs\u00e3o de mais de 250 aposentadorias em 2026. Apesar de a legisla\u00e7\u00e3o prever mais de seis mil servidores, o quadro ativo soma cerca de 1.370 profissionais, o que compromete o trabalho investigativo, a capacidade de resposta do Estado e a seguran\u00e7a da popula\u00e7\u00e3o.<\/p>\n<p>Para Cl\u00e1udia de Jesus, a convoca\u00e7\u00e3o da nova turma \u00e9 uma medida urgente e estrat\u00e9gica para enfrentar a defasagem hist\u00f3rica. \u201cA car\u00eancia de efetivo na Pol\u00edcia Civil \u00e9 grave e j\u00e1 impacta diretamente a seguran\u00e7a da popula\u00e7\u00e3o. Precisamos ampliar o n\u00famero de convocados, garantir recursos or\u00e7ament\u00e1rios e dar previsibilidade aos aprovados, fortalecendo a institui\u00e7\u00e3o e assegurando um servi\u00e7o p\u00fablico eficiente em Rond\u00f4nia\u201d, afirmou a deputada.<\/p>\n","protected":false},"excerpt":{"rendered":"<p>Pol\u00edcia\u00a0Civil opera com apenas\u00a022% do efetivo previsto em lei.<\/p>\n","protected":false},"author":1,"featured_media":0,"comment_status":"closed","ping_status":"open","sticky":false,"template":"","format":"standard","meta":{"_exactmetrics_skip_tracking":false,"_exactmetrics_sitenote_active":false,"_exactmetrics_sitenote_note":"","_exactmetrics_sitenote_category":0,"jetpack_post_was_ever_published":false,"_jetpack_newsletter_access":"","_jetpack_dont_email_post_to_subs":false,"_jetpack_newsletter_tier_id":0,"_jetpack_memberships_contains_paywalled_content":false,"_jetpack_memberships_contains_paid_content":false,"footnotes":"","jetpack_publicize_message":"","jetpack_publicize_feature_enabled":true,"jetpack_social_post_already_shared":true,"jetpack_social_options":{"image_generator_settings":{"template":"highway","enabled":false},"version":2}},"categories":[1],"tags":[],"class_list":["post-38115","post","type-post","status-publish","format-standard","hentry","category-notas"],"jetpack_publicize_connections":[],"jetpack_sharing_enabled":true,"jetpack_featured_media_url":"","jetpack_shortlink":"https:\/\/wp.me\/p7wKYW-9UL","jetpack-related-posts":[],"_links":{"self":[{"href":"http:\/\/blogdalucianaoliveira.com.br\/blog\/wp-json\/wp\/v2\/posts\/38115","targetHints":{"allow":["GET"]}}],"collection":[{"href":"http:\/\/blogdalucianaoliveira.com.br\/blog\/wp-json\/wp\/v2\/posts"}],"about":[{"href":"http:\/\/blogdalucianaoliveira.com.br\/blog\/wp-json\/wp\/v2\/types\/post"}],"author":[{"embeddable":true,"href":"http:\/\/blogdalucianaoliveira.com.br\/blog\/wp-json\/wp\/v2\/users\/1"}],"replies":[{"embeddable":true,"href":"http:\/\/blogdalucianaoliveira.com.br\/blog\/wp-json\/wp\/v2\/comments?post=38115"}],"version-history":[{"count":1,"href":"http:\/\/blogdalucianaoliveira.com.br\/blog\/wp-json\/wp\/v2\/posts\/38115\/revisions"}],"predecessor-version":[{"id":38119,"href":"http:\/\/blogdalucianaoliveira.com.br\/blog\/wp-json\/wp\/v2\/posts\/38115\/revisions\/38119"}],"wp:attachment":[{"href":"http:\/\/blogdalucianaoliveira.com.br\/blog\/wp-json\/wp\/v2\/media?parent=38115"}],"wp:term":[{"taxonomy":"category","embeddable":true,"href":"http:\/\/blogdalucianaoliveira.com.br\/blog\/wp-json\/wp\/v2\/categories?post=38115"},{"taxonomy":"post_tag","embeddable":true,"href":"http:\/\/blogdalucianaoliveira.com.br\/blog\/wp-json\/wp\/v2\/tags?post=38115"}],"curies":[{"name":"wp","href":"https:\/\/api.w.org\/{rel}","templated":true}]}}