{"id":38120,"date":"2026-01-08T12:27:25","date_gmt":"2026-01-08T16:27:25","guid":{"rendered":"https:\/\/blogdalucianaoliveira.com.br\/blog\/?p=38120"},"modified":"2026-01-08T12:27:25","modified_gmt":"2026-01-08T16:27:25","slug":"em-ato-de-memoria-do-8-de-janeiro-lula-veta-pl-da-dosimetria-que-iria-anistiar-bolsonaro","status":"publish","type":"post","link":"http:\/\/blogdalucianaoliveira.com.br\/blog\/2026\/01\/08\/em-ato-de-memoria-do-8-de-janeiro-lula-veta-pl-da-dosimetria-que-iria-anistiar-bolsonaro\/","title":{"rendered":"Em ato de mem\u00f3ria do 8 de janeiro, Lula veta PL da dosimetria que iria anistiar Bolsonaro"},"content":{"rendered":"<div class=\"elementor-element elementor-element-7ee2b33 elementor-widget elementor-widget-heading\" data-id=\"7ee2b33\" data-element_type=\"widget\" data-widget_type=\"heading.default\">\n<div class=\"elementor-widget-container\">\n<h2><img data-recalc-dims=\"1\" decoding=\"async\" src=\"https:\/\/i0.wp.com\/assets.brasildefato.com.br\/2026\/01\/lula-anistia.jpg?w=600&#038;ssl=1\" alt=\"lula veta anistia\" \/><\/h2>\n<h2 class=\"elementor-heading-title elementor-size-default\">Projeto aprovado pelo Congresso iria beneficiar o ex-presidente e outros condenados por tentativa de golpe<\/h2>\n<\/div>\n<\/div>\n<p><!--more--><\/p>\n<div class=\"elementor-element elementor-element-7368206 e-con-full e-flex e-con e-child\" data-id=\"7368206\" data-element_type=\"container\">\n<div class=\"elementor-element elementor-element-cda0867 elementor-widget elementor-widget-post-info\" data-id=\"cda0867\" data-element_type=\"widget\" data-widget_type=\"post-info.default\">\n<div class=\"elementor-widget-container\">\n<div class=\"elementor-element elementor-element-8136daa elementor-widget elementor-widget-theme-post-content\" data-id=\"8136daa\" data-element_type=\"widget\" data-widget_type=\"theme-post-content.default\">\n<div class=\"elementor-widget-container\">\n<p>Brasil de Fato &#8211; O presidente da Rep\u00fablica, Luiz In\u00e1cio Lula da Silva (PT), assinou, nesta quinta-feira (8), o veto integral ao <a title=\"\" href=\"https:\/\/www.brasildefato.com.br\/2026\/01\/08\/manifestantes-se-reunem-no-planalto-para-lembrar-8-de-janeiro-e-celebrar-veto-ao-pl-da-dosimetria\/\">Projeto de Lei da Dosimetria<\/a>, aprovado pelo Congresso Nacional no fim do ano passado. A assinatura ocorreu durante a cerim\u00f4nia alusiva aos tr\u00eas anos dos atos golpistas de<a title=\"\" href=\"https:\/\/www.brasildefato.com.br\/2026\/01\/07\/movimentos-populares-convocam-atos-em-8-de-janeiro-pela-defesa-da-democracia-no-pais-confira-os-locais\/\">\u00a08 de janeiro de 2023<\/a>, no Pal\u00e1cio do Planalto.<\/p>\n<p>\u201cA tentativa de golpe nos lembra que a democracia n\u00e3o \u00e9 inabal\u00e1vel e precisa ser defendida todos os dias. Ela requer participa\u00e7\u00e3o efetiva da sociedade e a constru\u00e7\u00e3o de um pa\u00eds justo, com direitos para todos e n\u00e3o privil\u00e9gios para poucos. Os inimigos da democracia tentaram destruir esse projeto, mas tiveram a garantia de um julgamento justo pelo Supremo Tribunal Federal. A Suprema Corte julgou com transpar\u00eancia e imparcialidade, baseada em provas robustas\u201d, afirmou Lula.<\/p>\n<p>O texto foi aprovado no Senado com 48 votos a favor e 25 contr\u00e1rios. O projeto prop\u00f5e uma mudan\u00e7a na puni\u00e7\u00e3o para quem cometer os crimes de tentativa de aboli\u00e7\u00e3o do Estado Democr\u00e1tico de Direito e golpe de Estado. Pelo projeto, a condena\u00e7\u00e3o se daria apenas pela pena mais grave aplicada e n\u00e3o a soma do conjunto de penas.<\/p>\n<div id=\"brasi-607962212\" class=\"brasi-apos-paragrafo-3\"><\/div>\n<p>O PL da Dosimetria define que os condenados poder\u00e3o cumprir s\u00f3 16% da pena em regime fechado, mesmo com uso de viol\u00eancia. A progress\u00e3o tamb\u00e9m diminui para os reincidentes, que precisam cumprir apenas 20% da pena para obter o benef\u00edcio. Antes, quem j\u00e1 havia cometido crimes anteriormente tinha que cumprir ao menos 30% da pena em regime fechado.<\/p>\n<p>O principal beneficiado pela decis\u00e3o seria o ex-presidente Jair Bolsonaro (PL). Condenado a 27 anos e tr\u00eas meses pela trama golpista, ele poder\u00e1 ficar apenas 2 anos e 4 meses preso na Superintend\u00eancia da Pol\u00edcia Federal. Sem esse projeto, Bolsonaro ficaria preso, ao menos, at\u00e9 2033.<\/p>\n<div id=\"brasi-1885469677\" class=\"brasi-apos-paragrafo-5\"><\/div>\n<p>O governo se posicionou contra o projeto. Quatro bancadas partid\u00e1rias da C\u00e2mara ingressaram com mandado de seguran\u00e7a junto ao Supremo Tribunal Federal (STF) pedindo a suspens\u00e3o da tramita\u00e7\u00e3o do PL da Dosimetria: PT, PSB, PCdoB e Psol.<\/p>\n<p>Com o veto, o projeto volta ao Congresso, onde deputados e senadores podem derrubar a decis\u00e3o presidencial. Por\u00e9m, a derrubada do veto tamb\u00e9m pode ser questionada no (STF).<\/p>\n<h4 class=\"wp-block-heading\">3 anos dos atos golpistas<\/h4>\n<p>A assinatura do veto ocorreu durante cerim\u00f4nia no Pal\u00e1cio do Planalto, em alus\u00e3o ao marco de 3 anos das invas\u00f5es aos pr\u00e9dios dos Tr\u00eas Poderes, em Bras\u00edlia.<\/p>\n<p>\u201cEste ato exalta a democracia e a conduta da Suprema Corte, que n\u00e3o se submeteu a caprichos. O dia 8 de janeiro marca a vit\u00f3ria da nossa democracia sobre os que tentaram tomar o poder pela for\u00e7a. Vencemos os que defendiam a ditadura e a tortura, e os que planejaram assassinatos de autoridades. Derrotamos os traidores da p\u00e1tria que queriam devolver o Brasil ao mapa da fome\u201d, afirmou Lula.<\/p>\n<p>Tamb\u00e9m nesta quinta-feira (8), o STF vai realizar atos em mem\u00f3ria do 8 de janeiro. Institucionalmente, o Congresso Nacional se omitiu tanto de participar dos atos realizados pelo governo Lula quanto pelo judici\u00e1rio. Nem o presidente da C\u00e2mara, deputado federal Hugo Motta (Republicanos-PB), quanto o presidente do\u00a0<a title=\"\" href=\"https:\/\/www.brasildefato.com.br\/2025\/12\/17\/senado-aprova-nova-versao-do-pl-da-dosimetria-e-alivia-prisao-de-bolsonaro\/\">Senado<\/a>, Davi Alcolumbre, v\u00e3o participar.<\/p>\n<p>\u201cN\u00e3o aceitamos ditadura civil, nem ditadura militar. O que n\u00f3s queremos \u00e9 democracia emanada do povo e para ser exercida em nome do povo. Viva a democracia brasileira\u201d, concluiu Lula.<\/p>\n<div id=\"brasi-647440678\" class=\"brasi-fim-do-conteudo\"><\/div>\n<\/div>\n<div class=\"a2a_kit a2a_kit_size_32 a2a_floating_style a2a_vertical_style\"><\/div>\n<\/div>\n<div class=\"elementor-element elementor-element-6950de8 elementor-widget elementor-widget-text-editor\" data-id=\"6950de8\" data-element_type=\"widget\" data-widget_type=\"text-editor.default\">\n<div class=\"elementor-widget-container\">Editado por:\u00a0Rodrigo Gomes<\/div>\n<\/div>\n<\/div>\n<\/div>\n<\/div>\n","protected":false},"excerpt":{"rendered":"<p>Projeto aprovado pelo Congresso iria beneficiar o ex-presidente e outros condenados por tentativa de golpe<\/p>\n","protected":false},"author":1,"featured_media":0,"comment_status":"closed","ping_status":"open","sticky":false,"template":"","format":"standard","meta":{"_exactmetrics_skip_tracking":false,"_exactmetrics_sitenote_active":false,"_exactmetrics_sitenote_note":"","_exactmetrics_sitenote_category":0,"jetpack_post_was_ever_published":false,"_jetpack_newsletter_access":"","_jetpack_dont_email_post_to_subs":false,"_jetpack_newsletter_tier_id":0,"_jetpack_memberships_contains_paywalled_content":false,"_jetpack_memberships_contains_paid_content":false,"footnotes":"","jetpack_publicize_message":"","jetpack_publicize_feature_enabled":true,"jetpack_social_post_already_shared":true,"jetpack_social_options":{"image_generator_settings":{"template":"highway","enabled":false},"version":2}},"categories":[1],"tags":[1606,78,519],"class_list":["post-38120","post","type-post","status-publish","format-standard","hentry","category-notas","tag-dosimetria","tag-lula","tag-veto"],"jetpack_publicize_connections":[],"jetpack_sharing_enabled":true,"jetpack_featured_media_url":"","jetpack_shortlink":"https:\/\/wp.me\/p7wKYW-9UQ","jetpack-related-posts":[],"_links":{"self":[{"href":"http:\/\/blogdalucianaoliveira.com.br\/blog\/wp-json\/wp\/v2\/posts\/38120","targetHints":{"allow":["GET"]}}],"collection":[{"href":"http:\/\/blogdalucianaoliveira.com.br\/blog\/wp-json\/wp\/v2\/posts"}],"about":[{"href":"http:\/\/blogdalucianaoliveira.com.br\/blog\/wp-json\/wp\/v2\/types\/post"}],"author":[{"embeddable":true,"href":"http:\/\/blogdalucianaoliveira.com.br\/blog\/wp-json\/wp\/v2\/users\/1"}],"replies":[{"embeddable":true,"href":"http:\/\/blogdalucianaoliveira.com.br\/blog\/wp-json\/wp\/v2\/comments?post=38120"}],"version-history":[{"count":1,"href":"http:\/\/blogdalucianaoliveira.com.br\/blog\/wp-json\/wp\/v2\/posts\/38120\/revisions"}],"predecessor-version":[{"id":38122,"href":"http:\/\/blogdalucianaoliveira.com.br\/blog\/wp-json\/wp\/v2\/posts\/38120\/revisions\/38122"}],"wp:attachment":[{"href":"http:\/\/blogdalucianaoliveira.com.br\/blog\/wp-json\/wp\/v2\/media?parent=38120"}],"wp:term":[{"taxonomy":"category","embeddable":true,"href":"http:\/\/blogdalucianaoliveira.com.br\/blog\/wp-json\/wp\/v2\/categories?post=38120"},{"taxonomy":"post_tag","embeddable":true,"href":"http:\/\/blogdalucianaoliveira.com.br\/blog\/wp-json\/wp\/v2\/tags?post=38120"}],"curies":[{"name":"wp","href":"https:\/\/api.w.org\/{rel}","templated":true}]}}