{"id":38123,"date":"2026-01-08T12:37:27","date_gmt":"2026-01-08T16:37:27","guid":{"rendered":"https:\/\/blogdalucianaoliveira.com.br\/blog\/?p=38123"},"modified":"2026-01-08T12:37:27","modified_gmt":"2026-01-08T16:37:27","slug":"stf-ja-condenou-mais-de-800-reus-pela-trama-golpista","status":"publish","type":"post","link":"http:\/\/blogdalucianaoliveira.com.br\/blog\/2026\/01\/08\/stf-ja-condenou-mais-de-800-reus-pela-trama-golpista\/","title":{"rendered":"STF j\u00e1 condenou mais de 800 r\u00e9us pela trama golpista"},"content":{"rendered":"<p><img data-recalc-dims=\"1\" loading=\"lazy\" decoding=\"async\" data-attachment-id=\"38129\" data-permalink=\"http:\/\/blogdalucianaoliveira.com.br\/blog\/2026\/01\/08\/stf-ja-condenou-mais-de-800-reus-pela-trama-golpista\/8_2\/\" data-orig-file=\"https:\/\/i0.wp.com\/blogdalucianaoliveira.com.br\/blog\/wp-content\/uploads\/2026\/01\/8_2.webp?fit=1170%2C700\" data-orig-size=\"1170,700\" data-comments-opened=\"0\" data-image-meta=\"{&quot;aperture&quot;:&quot;0&quot;,&quot;credit&quot;:&quot;&quot;,&quot;camera&quot;:&quot;&quot;,&quot;caption&quot;:&quot;&quot;,&quot;created_timestamp&quot;:&quot;0&quot;,&quot;copyright&quot;:&quot;&quot;,&quot;focal_length&quot;:&quot;0&quot;,&quot;iso&quot;:&quot;0&quot;,&quot;shutter_speed&quot;:&quot;0&quot;,&quot;title&quot;:&quot;&quot;,&quot;orientation&quot;:&quot;0&quot;}\" data-image-title=\"8_2\" data-image-description=\"\" data-image-caption=\"\" data-medium-file=\"https:\/\/i0.wp.com\/blogdalucianaoliveira.com.br\/blog\/wp-content\/uploads\/2026\/01\/8_2.webp?fit=300%2C179\" data-large-file=\"https:\/\/i0.wp.com\/blogdalucianaoliveira.com.br\/blog\/wp-content\/uploads\/2026\/01\/8_2.webp?fit=600%2C359\" class=\"alignnone size-medium wp-image-38129\" src=\"https:\/\/i0.wp.com\/blogdalucianaoliveira.com.br\/blog\/wp-content\/uploads\/2026\/01\/8_2.webp?resize=300%2C179\" alt=\"\" width=\"300\" height=\"179\" srcset=\"https:\/\/i0.wp.com\/blogdalucianaoliveira.com.br\/blog\/wp-content\/uploads\/2026\/01\/8_2.webp?resize=300%2C179 300w, https:\/\/i0.wp.com\/blogdalucianaoliveira.com.br\/blog\/wp-content\/uploads\/2026\/01\/8_2.webp?resize=1024%2C613 1024w, https:\/\/i0.wp.com\/blogdalucianaoliveira.com.br\/blog\/wp-content\/uploads\/2026\/01\/8_2.webp?resize=768%2C459 768w, https:\/\/i0.wp.com\/blogdalucianaoliveira.com.br\/blog\/wp-content\/uploads\/2026\/01\/8_2.webp?resize=501%2C300 501w, https:\/\/i0.wp.com\/blogdalucianaoliveira.com.br\/blog\/wp-content\/uploads\/2026\/01\/8_2.webp?w=1170 1170w\" sizes=\"auto, (max-width: 300px) 100vw, 300px\" \/><\/p>\n<p><strong>Ag\u00eancia Brasil<\/strong> &#8211; Tr\u00eas anos ap\u00f3s os atos golpistas de 8 de janeiro de 2023, a Primeira Turma do Supremo Tribunal Federal (STF) j\u00e1 condenou mais de 800 acusados de participa\u00e7\u00e3o nos atos que tentaram abalar a democracia brasileira e o funcionamento das institui\u00e7\u00f5es, no final do governo do ex-presidente Jair Bolsonaro. <img data-recalc-dims=\"1\" decoding=\"async\" src=\"https:\/\/i0.wp.com\/agenciabrasil.ebc.com.br\/ebc.png?w=600&#038;ssl=1\" \/><img data-recalc-dims=\"1\" decoding=\"async\" src=\"https:\/\/i0.wp.com\/agenciabrasil.ebc.com.br\/ebc.gif?w=600&#038;ssl=1\" \/><!--more--><\/p>\n<p>Os n\u00fameros foram apurados pelo gabinete do ministro Alexandre de Moraes, relator dos processos relacionados \u00e0 tentativa de golpe, at\u00e9 meados de dezembro de 2025. Os dados ainda podem sofrer atualiza\u00e7\u00f5es.<\/p>\n<p>Ap\u00f3s os atos golpistas, a Procuradoria-Geral da Rep\u00fablica (PGR) protocolou 1.734 a\u00e7\u00f5es penais no STF. As acusa\u00e7\u00f5es foram divididas entre incitadores, executores e quatro n\u00facleos principais, que deram sustenta\u00e7\u00e3o \u00e0 tentativa de Bolsonaro de se manter no poder ap\u00f3s perder as elei\u00e7\u00f5es, subvertendo assim a ordem democr\u00e1tica.<\/p>\n<p><img data-recalc-dims=\"1\" loading=\"lazy\" decoding=\"async\" data-attachment-id=\"38125\" data-permalink=\"http:\/\/blogdalucianaoliveira.com.br\/blog\/2026\/01\/08\/stf-ja-condenou-mais-de-800-reus-pela-trama-golpista\/lula-anistia-2\/\" data-orig-file=\"https:\/\/i0.wp.com\/blogdalucianaoliveira.com.br\/blog\/wp-content\/uploads\/2026\/01\/lula-anistia-1.jpg?fit=1280%2C759\" data-orig-size=\"1280,759\" data-comments-opened=\"0\" data-image-meta=\"{&quot;aperture&quot;:&quot;0&quot;,&quot;credit&quot;:&quot;&quot;,&quot;camera&quot;:&quot;&quot;,&quot;caption&quot;:&quot;&quot;,&quot;created_timestamp&quot;:&quot;0&quot;,&quot;copyright&quot;:&quot;&quot;,&quot;focal_length&quot;:&quot;0&quot;,&quot;iso&quot;:&quot;0&quot;,&quot;shutter_speed&quot;:&quot;0&quot;,&quot;title&quot;:&quot;&quot;,&quot;orientation&quot;:&quot;0&quot;}\" data-image-title=\"lula-anistia\" data-image-description=\"\" data-image-caption=\"\" data-medium-file=\"https:\/\/i0.wp.com\/blogdalucianaoliveira.com.br\/blog\/wp-content\/uploads\/2026\/01\/lula-anistia-1.jpg?fit=300%2C178\" data-large-file=\"https:\/\/i0.wp.com\/blogdalucianaoliveira.com.br\/blog\/wp-content\/uploads\/2026\/01\/lula-anistia-1.jpg?fit=600%2C356\" class=\"alignnone size-medium wp-image-38125\" src=\"https:\/\/i0.wp.com\/blogdalucianaoliveira.com.br\/blog\/wp-content\/uploads\/2026\/01\/lula-anistia-1.jpg?resize=300%2C178\" alt=\"\" width=\"300\" height=\"178\" srcset=\"https:\/\/i0.wp.com\/blogdalucianaoliveira.com.br\/blog\/wp-content\/uploads\/2026\/01\/lula-anistia-1.jpg?resize=300%2C178 300w, https:\/\/i0.wp.com\/blogdalucianaoliveira.com.br\/blog\/wp-content\/uploads\/2026\/01\/lula-anistia-1.jpg?resize=1024%2C607 1024w, https:\/\/i0.wp.com\/blogdalucianaoliveira.com.br\/blog\/wp-content\/uploads\/2026\/01\/lula-anistia-1.jpg?resize=768%2C455 768w, https:\/\/i0.wp.com\/blogdalucianaoliveira.com.br\/blog\/wp-content\/uploads\/2026\/01\/lula-anistia-1.jpg?resize=506%2C300 506w, https:\/\/i0.wp.com\/blogdalucianaoliveira.com.br\/blog\/wp-content\/uploads\/2026\/01\/lula-anistia-1.jpg?w=1280 1280w, https:\/\/i0.wp.com\/blogdalucianaoliveira.com.br\/blog\/wp-content\/uploads\/2026\/01\/lula-anistia-1.jpg?w=1200 1200w\" sizes=\"auto, (max-width: 300px) 100vw, 300px\" \/><\/p>\n<div class=\"dnd-widget-wrapper context-cheio_8colunas type-image\">\n<h2>N\u00facleos<\/h2>\n<p>Com a finaliza\u00e7\u00e3o do julgamento dos r\u00e9us pela trama golpista, o STF condenou 29 \u00e0 pris\u00e3o nos quatro n\u00facleos principais da trama golpista. Somente dois foram absolvidos. Os acusados pertencem aos n\u00facleos 1,2,3 e 4.<\/p>\n<p>O general de Ex\u00e9rcito Estevam The\u00f3filo, que foi denunciado no N\u00facleo 3; e Fernando de Sousa Oliveira, delegado de carreira da PF e ex-diretor de Opera\u00e7\u00f5es do Minist\u00e9rio da Justi\u00e7a, r\u00e9u do N\u00facleo 2, foram os \u00fanicos absolvidos por falta de provas.<\/p>\n<p>At\u00e9 o momento, somente os r\u00e9us do N\u00facleo 1, formado pelo ex-presidente Jair Bolsonaro e mais sete r\u00e9us, tiveram as condena\u00e7\u00f5es executadas. Os demais n\u00facleos ainda est\u00e3o em fase de recurso.<\/p>\n<p>As condena\u00e7\u00f5es ocorreram pelos crimes de tentativa de aboli\u00e7\u00e3o violenta do Estado Democr\u00e1tico de Direito, golpe de Estado, participa\u00e7\u00e3o em organiza\u00e7\u00e3o criminosa armada, dano qualificado e deteriora\u00e7\u00e3o de patrim\u00f4nio tombado.<\/p>\n<p><strong>Para julgar os quatro n\u00facleos, ao longo de quatro meses, foram realizadas 21 sess\u00f5es pela Primeira Turma, colegiado respons\u00e1vel pelo julgamento.<\/strong><\/p>\n<p>O N\u00facleo 5 \u00e9 formado pelo r\u00e9u Paulo Figueiredo, neto do ex-presidente da ditadura Jo\u00e3o Figueiredo. Ele mora dos Estados Unidos, e n\u00e3o h\u00e1 previs\u00e3o para o julgamento.<\/p>\n<div class=\"dnd-widget-wrapper context-cheio_8colunas type-image\">\n<div class=\"dnd-atom-rendered\"><img data-recalc-dims=\"1\" loading=\"lazy\" decoding=\"async\" data-attachment-id=\"38126\" data-permalink=\"http:\/\/blogdalucianaoliveira.com.br\/blog\/2026\/01\/08\/stf-ja-condenou-mais-de-800-reus-pela-trama-golpista\/julgamento-trama-golpista-mc_abr_11092025-16\/\" data-orig-file=\"https:\/\/i0.wp.com\/blogdalucianaoliveira.com.br\/blog\/wp-content\/uploads\/2026\/01\/julgamento-trama-golpista-mc_abr_11092025-16.webp?fit=754%2C503\" data-orig-size=\"754,503\" data-comments-opened=\"0\" data-image-meta=\"{&quot;aperture&quot;:&quot;0&quot;,&quot;credit&quot;:&quot;&quot;,&quot;camera&quot;:&quot;&quot;,&quot;caption&quot;:&quot;&quot;,&quot;created_timestamp&quot;:&quot;0&quot;,&quot;copyright&quot;:&quot;&quot;,&quot;focal_length&quot;:&quot;0&quot;,&quot;iso&quot;:&quot;0&quot;,&quot;shutter_speed&quot;:&quot;0&quot;,&quot;title&quot;:&quot;&quot;,&quot;orientation&quot;:&quot;0&quot;}\" data-image-title=\"julgamento-trama-golpista-mc_abr_11092025-16\" data-image-description=\"\" data-image-caption=\"\" data-medium-file=\"https:\/\/i0.wp.com\/blogdalucianaoliveira.com.br\/blog\/wp-content\/uploads\/2026\/01\/julgamento-trama-golpista-mc_abr_11092025-16.webp?fit=300%2C200\" data-large-file=\"https:\/\/i0.wp.com\/blogdalucianaoliveira.com.br\/blog\/wp-content\/uploads\/2026\/01\/julgamento-trama-golpista-mc_abr_11092025-16.webp?fit=600%2C400\" class=\"alignnone size-medium wp-image-38126\" src=\"https:\/\/i0.wp.com\/blogdalucianaoliveira.com.br\/blog\/wp-content\/uploads\/2026\/01\/julgamento-trama-golpista-mc_abr_11092025-16.webp?resize=300%2C200\" alt=\"\" width=\"300\" height=\"200\" srcset=\"https:\/\/i0.wp.com\/blogdalucianaoliveira.com.br\/blog\/wp-content\/uploads\/2026\/01\/julgamento-trama-golpista-mc_abr_11092025-16.webp?resize=300%2C200 300w, https:\/\/i0.wp.com\/blogdalucianaoliveira.com.br\/blog\/wp-content\/uploads\/2026\/01\/julgamento-trama-golpista-mc_abr_11092025-16.webp?resize=450%2C300 450w, https:\/\/i0.wp.com\/blogdalucianaoliveira.com.br\/blog\/wp-content\/uploads\/2026\/01\/julgamento-trama-golpista-mc_abr_11092025-16.webp?w=754 754w\" sizes=\"auto, (max-width: 300px) 100vw, 300px\" \/><\/div>\n<div class=\"dnd-caption-wrapper\">\n<h6 class=\"meta\">Bras\u00edlia (DF), 11\/09\/2025 &#8211; Sess\u00e3o na Primeira Turma do STF, no quinto dia de julgamento dos r\u00e9us do N\u00facleo 1 da trama golpista, formado pelo ex-presidente Jair Bolsonaro e mais sete aliados &#8211;\u00a0<strong>Marcelo Camargo\/Ag\u00eancia Brasil<\/strong><\/h6>\n<\/div>\n<\/div>\n<h2>Quem s\u00e3o os condenados<\/h2>\n<p><strong>N\u00facleo 1 \u2013 data da condena\u00e7\u00e3o: 11 de setembro de 2025<\/strong><\/p>\n<ul>\n<li>Jair Bolsonaro, ex-presidente da Rep\u00fablica: 27 anos e tr\u00eas meses<\/li>\n<li>Walter Braga Netto, ex-ministro e candidato \u00e0 vice na chapa de 2022: 26 anos;<\/li>\n<li>Almir Garnier, ex-comandante da Marinha: 24 anos;<\/li>\n<li>Anderson Torres, ex-ministro da Justi\u00e7a e ex-secret\u00e1rio de seguran\u00e7a do Distrito Federal: 24 anos;<\/li>\n<li>Augusto Heleno, ex-ministro do Gabinete de Seguran\u00e7a Institucional (GSI): 21 anos;<\/li>\n<li>Paulo S\u00e9rgio Nogueira, ex-ministro da Defesa: 19 anos;<\/li>\n<li>Alexandre Ramagem, deputado federal e ex-diretor da Ag\u00eancia Brasileira de Intelig\u00eancia (Abin): 16 anos, um m\u00eas e 15 dias;<\/li>\n<li>Mauro Cid, ex-ajudante de ordens de Bolsonaro: 2 anos em regime aberto e garantia de liberdade pela dela\u00e7\u00e3o premiada.<\/li>\n<\/ul>\n<p><strong>N\u00facleo 2 \u2013 data da condena\u00e7\u00e3o: 16 de dezembro de 2025<\/strong><\/p>\n<ul>\n<li>M\u00e1rio Fernandes, general da reserva do Ex\u00e9rcito: 26 anos e seis meses de pris\u00e3o;<\/li>\n<li>Silvinei Vasques, ex-diretor da Pol\u00edcia Rodovi\u00e1ria Federal (PRF): 24 anos e seis meses de pris\u00e3o;<\/li>\n<li>Marcelo C\u00e2mara, ex-assessor de Bolsonaro: 21 anos de pris\u00e3o;<\/li>\n<li>Filipe Martins, ex-assessor de Assuntos Internacionais do ex- presidente Jair Bolsonaro: 21 anos de pris\u00e3o;<\/li>\n<li>Mar\u00edlia de Alencar, ex-diretora de Intelig\u00eancia do Minist\u00e9rio da Justi\u00e7a: 8 anos e seis meses de pris\u00e3o.<\/li>\n<\/ul>\n<p><strong>N\u00facleo 3 \u2013 data da condena\u00e7\u00e3o: 18 de dezembro de 2025<\/strong><\/p>\n<ul>\n<li>H\u00e9lio Ferreira Lima, tenente-coronel: 24 anos de pris\u00e3o;<\/li>\n<li>Rafael Martins de Oliveira, tenente-coronel: 21 anos de pris\u00e3o;<\/li>\n<li>Rodrigo Bezerra de Azevedo, tenente-coronel: 21 anos de pris\u00e3o;<\/li>\n<li>Wladimir Matos Soares, policial federal: 21 anos de pris\u00e3o;<\/li>\n<li>S\u00e9rgio Ricardo Cavaliere de Medeiros , tenente-coronel: 17 anos de pris\u00e3o;<\/li>\n<li>Bernardo Rom\u00e3o Correa Netto, coronel: 17 anos de pris\u00e3o;<\/li>\n<li>Fabr\u00edcio Moreira de Bastos, coronel: 16 anos de pris\u00e3o;<\/li>\n<li>M\u00e1rcio Nunes de Resende J\u00fanior, coronel: 3 anos e cinco meses de pris\u00e3o;<\/li>\n<li>Ronald Ferreira de Ara\u00fajo J\u00fanior, tenente-coronel: um ano e onze meses de pris\u00e3o.<\/li>\n<\/ul>\n<p><strong>N\u00facleo 4 \u2013 data da condena\u00e7\u00e3o: 21 de outubro de 2025<\/strong><\/p>\n<ul>\n<li>\u00c2ngelo Martins Denicoli, major da reserva do Ex\u00e9rcito: 17 anos de pris\u00e3o;<\/li>\n<li>Reginaldo Vieira de Abreu, coronel do Ex\u00e9rcito: 15 anos e seis meses de pris\u00e3o;<\/li>\n<li>Marcelo Ara\u00fajo Bormevet, policial federal: 14 anos e seis meses de pris\u00e3o;<\/li>\n<li>Giancarlo Gomes Rodrigues, subtenente do Ex\u00e9rcito: 14 anos de pris\u00e3o;<\/li>\n<li>Ailton Gon\u00e7alves Moraes Barros, major da reserva do Ex\u00e9rcito: 13 anos de pris\u00e3o;<\/li>\n<li>Guilherme Marques de Almeida, tenente-coronel do Ex\u00e9rcito: 13 anos e seis meses;<\/li>\n<li>Carlos Cesar Moretzsohn Rocha, presidente do Instituto Voto Legal:\u00a0 7 anos e seis meses de pris\u00e3o.<\/li>\n<\/ul>\n<div class=\"dnd-widget-wrapper context-medio_4colunas type-image atom-align-left\"><\/div>\n<h2>Foragidos<\/h2>\n<p><strong>Ex-diretor da Ag\u00eancia Brasileira de Intelig\u00eancia (Abin) durante o governo Bolsonaro, o ex-deputado federal Alexandre Ramagem foi condenado a 16 anos de pris\u00e3o na a\u00e7\u00e3o penal da trama golpista e fugiu para os Estados Unidos para n\u00e3o cumprir a pena.<\/strong><\/p>\n<p>O pedido de extradi\u00e7\u00e3o j\u00e1 est\u00e1 em tramita\u00e7\u00e3o. Em fun\u00e7\u00e3o da condena\u00e7\u00e3o, Ramagem perdeu o mandato de parlamentar.<\/p>\n<p>Ainda est\u00e3o foragidos na Argentina cerca de 60 condenados pelos atos golpistas. Eles romperem a tornozeleira eletr\u00f4nica e tamb\u00e9m s\u00e3o alvo de pedidos de extradi\u00e7\u00e3o.<\/p>\n<h2>Incitadores e executores<\/h2>\n<div class=\"dnd-widget-wrapper context-medio_4colunas type-image atom-align-right\"><\/div>\n<p>O grupo maior de condenados faz parte do grupo de incitadores e executores dos atos golpistas. Nesse grupo, 810 condena\u00e7\u00f5es foram registradas, sendo 395 por organiza\u00e7\u00e3o criminosa, tentativa de aboli\u00e7\u00e3o do Estado democr\u00e1tico de Direito e golpe de Estado, e 415 por incita\u00e7\u00e3o \u00e0 pr\u00e1tica de crime e associa\u00e7\u00e3o criminosa, crimes considerados mais leves.<\/p>\n<p>Entre os condenados desse grupo est\u00e1 a cabeleireira D\u00e9bora Rodrigues dos Santos. Em abril deste ano, D\u00e9bora foi condenada a 14 anos de pris\u00e3o pela participa\u00e7\u00e3o nos atos golpistas de 8 de janeiro de 2023 e por pichar a frase &#8220;Perdeu, man\u00e9&#8221; na est\u00e1tua A Justi\u00e7a, localizada em frente ao edif\u00edcio-sede do STF. Atualmente, ela cumpre pris\u00e3o domiciliar.<\/p>\n<h2>ANPP<\/h2>\n<p>At\u00e9 o momento, o STF homologou mais de 560 acordos de n\u00e3o persecu\u00e7\u00e3o penal (ANPP). Os acordos foram propostos pela Procuradoria-Geral da Rep\u00fablica (PGR) a investigados que estavam em frente ao quartel do Ex\u00e9rcito, em Bras\u00edlia, e n\u00e3o participaram dos atos de depreda\u00e7\u00e3o do Congresso, do Pal\u00e1cio do Planalto e do Supremo.<\/p>\n<p>Com a homologa\u00e7\u00e3o, os r\u00e9us dever\u00e3o prestar servi\u00e7os \u00e0 comunidade e pagar multas que variam entre R$ 1 mil e R$ 5 mil.<\/p>\n<p>Eles tamb\u00e9m est\u00e3o proibidos de usar as redes sociais e devem participar de um curso sobre o tema Democracia, Estado de Direito e Golpe de Estado. Em troca, n\u00e3o ser\u00e3o processados pela procuradoria.<\/p>\n<h2>Indeniza\u00e7\u00f5es<\/h2>\n<p>Todos os acusados tamb\u00e9m ter\u00e3o que pagar solidariamente R$ 30 milh\u00f5es pelos danos causados pela depreda\u00e7\u00e3o.<\/p>\n<h2>Perda do cargo e inelegibilidade<\/h2>\n<p>Em fun\u00e7\u00e3o da condena\u00e7\u00e3o, os culpados est\u00e3o ineleg\u00edveis por oito anos. No caso de militares do Ex\u00e9rcito, eles tamb\u00e9m ser\u00e3o alvo de uma a\u00e7\u00e3o na Justi\u00e7a Militar para perda do oficialato. Servidores p\u00fablicos dever\u00e3o perder o cargo estatut\u00e1rio.<\/p>\n<\/div>\n","protected":false},"excerpt":{"rendered":"<p>Ag\u00eancia Brasil &#8211; Tr\u00eas anos ap\u00f3s os atos golpistas de 8 de janeiro de 2023, a Primeira Turma do Supremo Tribunal Federal (STF) j\u00e1 condenou mais de 800 acusados de participa\u00e7\u00e3o nos atos que tentaram abalar a democracia brasileira e o funcionamento das institui\u00e7\u00f5es, no final do governo do ex-presidente Jair Bolsonaro.<\/p>\n","protected":false},"author":1,"featured_media":0,"comment_status":"closed","ping_status":"open","sticky":false,"template":"","format":"standard","meta":{"_exactmetrics_skip_tracking":false,"_exactmetrics_sitenote_active":false,"_exactmetrics_sitenote_note":"","_exactmetrics_sitenote_category":0,"jetpack_post_was_ever_published":false,"_jetpack_newsletter_access":"","_jetpack_dont_email_post_to_subs":false,"_jetpack_newsletter_tier_id":0,"_jetpack_memberships_contains_paywalled_content":false,"_jetpack_memberships_contains_paid_content":false,"footnotes":"","jetpack_publicize_message":"","jetpack_publicize_feature_enabled":true,"jetpack_social_post_already_shared":true,"jetpack_social_options":{"image_generator_settings":{"template":"highway","enabled":false},"version":2}},"categories":[1],"tags":[1607,91,1481],"class_list":["post-38123","post","type-post","status-publish","format-standard","hentry","category-notas","tag-condenados","tag-golpista","tag-trama"],"jetpack_publicize_connections":[],"jetpack_sharing_enabled":true,"jetpack_featured_media_url":"","jetpack_shortlink":"https:\/\/wp.me\/p7wKYW-9UT","jetpack-related-posts":[],"_links":{"self":[{"href":"http:\/\/blogdalucianaoliveira.com.br\/blog\/wp-json\/wp\/v2\/posts\/38123","targetHints":{"allow":["GET"]}}],"collection":[{"href":"http:\/\/blogdalucianaoliveira.com.br\/blog\/wp-json\/wp\/v2\/posts"}],"about":[{"href":"http:\/\/blogdalucianaoliveira.com.br\/blog\/wp-json\/wp\/v2\/types\/post"}],"author":[{"embeddable":true,"href":"http:\/\/blogdalucianaoliveira.com.br\/blog\/wp-json\/wp\/v2\/users\/1"}],"replies":[{"embeddable":true,"href":"http:\/\/blogdalucianaoliveira.com.br\/blog\/wp-json\/wp\/v2\/comments?post=38123"}],"version-history":[{"count":3,"href":"http:\/\/blogdalucianaoliveira.com.br\/blog\/wp-json\/wp\/v2\/posts\/38123\/revisions"}],"predecessor-version":[{"id":38130,"href":"http:\/\/blogdalucianaoliveira.com.br\/blog\/wp-json\/wp\/v2\/posts\/38123\/revisions\/38130"}],"wp:attachment":[{"href":"http:\/\/blogdalucianaoliveira.com.br\/blog\/wp-json\/wp\/v2\/media?parent=38123"}],"wp:term":[{"taxonomy":"category","embeddable":true,"href":"http:\/\/blogdalucianaoliveira.com.br\/blog\/wp-json\/wp\/v2\/categories?post=38123"},{"taxonomy":"post_tag","embeddable":true,"href":"http:\/\/blogdalucianaoliveira.com.br\/blog\/wp-json\/wp\/v2\/tags?post=38123"}],"curies":[{"name":"wp","href":"https:\/\/api.w.org\/{rel}","templated":true}]}}