{"id":38135,"date":"2026-01-08T14:15:28","date_gmt":"2026-01-08T18:15:28","guid":{"rendered":"https:\/\/blogdalucianaoliveira.com.br\/blog\/?p=38135"},"modified":"2026-01-08T14:15:28","modified_gmt":"2026-01-08T18:15:28","slug":"claudia-de-jesus-apresenta-requerimento-para-fortalecer-a-cadeia-do-leite-em-rondonia","status":"publish","type":"post","link":"http:\/\/blogdalucianaoliveira.com.br\/blog\/2026\/01\/08\/claudia-de-jesus-apresenta-requerimento-para-fortalecer-a-cadeia-do-leite-em-rondonia\/","title":{"rendered":"Cl\u00e1udia de Jesus apresenta requerimento para fortalecer a cadeia do leite em Rond\u00f4nia"},"content":{"rendered":"<p><img data-recalc-dims=\"1\" loading=\"lazy\" decoding=\"async\" data-attachment-id=\"38138\" data-permalink=\"http:\/\/blogdalucianaoliveira.com.br\/blog\/2026\/01\/08\/claudia-de-jesus-apresenta-requerimento-para-fortalecer-a-cadeia-do-leite-em-rondonia\/img_3599\/\" data-orig-file=\"https:\/\/i0.wp.com\/blogdalucianaoliveira.com.br\/blog\/wp-content\/uploads\/2026\/01\/IMG_3599.jpeg?fit=1010%2C1664\" data-orig-size=\"1010,1664\" data-comments-opened=\"0\" data-image-meta=\"{&quot;aperture&quot;:&quot;0&quot;,&quot;credit&quot;:&quot;&quot;,&quot;camera&quot;:&quot;&quot;,&quot;caption&quot;:&quot;&quot;,&quot;created_timestamp&quot;:&quot;0&quot;,&quot;copyright&quot;:&quot;&quot;,&quot;focal_length&quot;:&quot;0&quot;,&quot;iso&quot;:&quot;0&quot;,&quot;shutter_speed&quot;:&quot;0&quot;,&quot;title&quot;:&quot;&quot;,&quot;orientation&quot;:&quot;1&quot;}\" data-image-title=\"IMG_3599\" data-image-description=\"\" data-image-caption=\"\" data-medium-file=\"https:\/\/i0.wp.com\/blogdalucianaoliveira.com.br\/blog\/wp-content\/uploads\/2026\/01\/IMG_3599.jpeg?fit=182%2C300\" data-large-file=\"https:\/\/i0.wp.com\/blogdalucianaoliveira.com.br\/blog\/wp-content\/uploads\/2026\/01\/IMG_3599.jpeg?fit=600%2C988\" class=\"size-medium wp-image-38138 alignleft\" src=\"https:\/\/i0.wp.com\/blogdalucianaoliveira.com.br\/blog\/wp-content\/uploads\/2026\/01\/IMG_3599.jpeg?resize=182%2C300\" alt=\"\" width=\"182\" height=\"300\" srcset=\"https:\/\/i0.wp.com\/blogdalucianaoliveira.com.br\/blog\/wp-content\/uploads\/2026\/01\/IMG_3599.jpeg?resize=182%2C300 182w, https:\/\/i0.wp.com\/blogdalucianaoliveira.com.br\/blog\/wp-content\/uploads\/2026\/01\/IMG_3599.jpeg?resize=622%2C1024 622w, https:\/\/i0.wp.com\/blogdalucianaoliveira.com.br\/blog\/wp-content\/uploads\/2026\/01\/IMG_3599.jpeg?resize=768%2C1265 768w, https:\/\/i0.wp.com\/blogdalucianaoliveira.com.br\/blog\/wp-content\/uploads\/2026\/01\/IMG_3599.jpeg?resize=932%2C1536 932w, https:\/\/i0.wp.com\/blogdalucianaoliveira.com.br\/blog\/wp-content\/uploads\/2026\/01\/IMG_3599.jpeg?w=1010 1010w\" sizes=\"auto, (max-width: 182px) 100vw, 182px\" \/><\/p>\n<p>Proposta determina que \u00f3rg\u00e3os p\u00fablicos adquiram exclusivamente leite produzido no estado.Diante da crise enfrentada pela pecu\u00e1ria leiteira em Rond\u00f4nia, a deputada estadual Cl\u00e1udia de Jesus (PT) protocolou requerimento pedindo que o Estado passe a adquirir apenas leite produzido no pr\u00f3prio territ\u00f3rio estadual.<!--more--><\/p>\n<p>A solicita\u00e7\u00e3o foi encaminhada \u00e0 Secretaria de Estado da Agricultura (Seagri) e \u00e0 Emater.<\/p>\n<p>A deputada destaca que a iniciativa busca proteger a agricultura familiar e enfrentar a retra\u00e7\u00e3o da atividade leiteira, agravada pela queda no pre\u00e7o pago ao produtor e pela concorr\u00eancia com produtos de outras regi\u00f5es. \u201cGarantir que o Estado compre o leite produzido em Rond\u00f4nia \u00e9 uma forma de valorizar o produtor rural, fortalecer a economia local e assegurar renda para milhares de fam\u00edlias que dependem da atividade leiteira\u201d, afirmou Cl\u00e1udia de Jesus.<\/p>\n<p>O requerimento estabelece que a exig\u00eancia seja aplicada a todas as compras realizadas pela administra\u00e7\u00e3o p\u00fablica direta e indireta, incluindo contratos, conv\u00eanios e licita\u00e7\u00f5es, al\u00e9m de empresas terceirizadas que utilizem leite na execu\u00e7\u00e3o de servi\u00e7os ou fornecimento de produtos ao Estado. A proposta tamb\u00e9m prev\u00ea a inclus\u00e3o de cl\u00e1usulas espec\u00edficas nos editais, a aplica\u00e7\u00e3o de san\u00e7\u00f5es administrativas em caso de descumprimento e a regulamenta\u00e7\u00e3o dos procedimentos necess\u00e1rios para garantir a efetividade da medida.<\/p>\n","protected":false},"excerpt":{"rendered":"<p>Proposta determina que \u00f3rg\u00e3os p\u00fablicos adquiram exclusivamente leite produzido no estado.Diante da crise enfrentada pela pecu\u00e1ria leiteira em Rond\u00f4nia, a deputada estadual Cl\u00e1udia de Jesus (PT) protocolou requerimento pedindo que o Estado passe a adquirir apenas leite produzido no pr\u00f3prio territ\u00f3rio estadual.<\/p>\n","protected":false},"author":1,"featured_media":0,"comment_status":"closed","ping_status":"open","sticky":false,"template":"","format":"standard","meta":{"_exactmetrics_skip_tracking":false,"_exactmetrics_sitenote_active":false,"_exactmetrics_sitenote_note":"","_exactmetrics_sitenote_category":0,"jetpack_post_was_ever_published":false,"_jetpack_newsletter_access":"","_jetpack_dont_email_post_to_subs":false,"_jetpack_newsletter_tier_id":0,"_jetpack_memberships_contains_paywalled_content":false,"_jetpack_memberships_contains_paid_content":false,"footnotes":"","jetpack_publicize_message":"","jetpack_publicize_feature_enabled":true,"jetpack_social_post_already_shared":true,"jetpack_social_options":{"image_generator_settings":{"template":"highway","enabled":false},"version":2}},"categories":[1],"tags":[],"class_list":["post-38135","post","type-post","status-publish","format-standard","hentry","category-notas"],"jetpack_publicize_connections":[],"jetpack_sharing_enabled":true,"jetpack_featured_media_url":"","jetpack_shortlink":"https:\/\/wp.me\/p7wKYW-9V5","jetpack-related-posts":[],"_links":{"self":[{"href":"http:\/\/blogdalucianaoliveira.com.br\/blog\/wp-json\/wp\/v2\/posts\/38135","targetHints":{"allow":["GET"]}}],"collection":[{"href":"http:\/\/blogdalucianaoliveira.com.br\/blog\/wp-json\/wp\/v2\/posts"}],"about":[{"href":"http:\/\/blogdalucianaoliveira.com.br\/blog\/wp-json\/wp\/v2\/types\/post"}],"author":[{"embeddable":true,"href":"http:\/\/blogdalucianaoliveira.com.br\/blog\/wp-json\/wp\/v2\/users\/1"}],"replies":[{"embeddable":true,"href":"http:\/\/blogdalucianaoliveira.com.br\/blog\/wp-json\/wp\/v2\/comments?post=38135"}],"version-history":[{"count":1,"href":"http:\/\/blogdalucianaoliveira.com.br\/blog\/wp-json\/wp\/v2\/posts\/38135\/revisions"}],"predecessor-version":[{"id":38139,"href":"http:\/\/blogdalucianaoliveira.com.br\/blog\/wp-json\/wp\/v2\/posts\/38135\/revisions\/38139"}],"wp:attachment":[{"href":"http:\/\/blogdalucianaoliveira.com.br\/blog\/wp-json\/wp\/v2\/media?parent=38135"}],"wp:term":[{"taxonomy":"category","embeddable":true,"href":"http:\/\/blogdalucianaoliveira.com.br\/blog\/wp-json\/wp\/v2\/categories?post=38135"},{"taxonomy":"post_tag","embeddable":true,"href":"http:\/\/blogdalucianaoliveira.com.br\/blog\/wp-json\/wp\/v2\/tags?post=38135"}],"curies":[{"name":"wp","href":"https:\/\/api.w.org\/{rel}","templated":true}]}}