{"id":38151,"date":"2026-01-13T09:49:09","date_gmt":"2026-01-13T13:49:09","guid":{"rendered":"https:\/\/blogdalucianaoliveira.com.br\/blog\/?p=38151"},"modified":"2026-01-13T09:49:09","modified_gmt":"2026-01-13T13:49:09","slug":"trump-e-denunciado-por-crimes-contra-a-humanidade-em-acao-no-tribunal-de-haia","status":"publish","type":"post","link":"http:\/\/blogdalucianaoliveira.com.br\/blog\/2026\/01\/13\/trump-e-denunciado-por-crimes-contra-a-humanidade-em-acao-no-tribunal-de-haia\/","title":{"rendered":"Trump \u00e9 denunciado por crimes contra a humanidade em a\u00e7\u00e3o no Tribunal de Haia"},"content":{"rendered":"<p><img data-recalc-dims=\"1\" loading=\"lazy\" decoding=\"async\" data-attachment-id=\"38152\" data-permalink=\"http:\/\/blogdalucianaoliveira.com.br\/blog\/2026\/01\/13\/trump-e-denunciado-por-crimes-contra-a-humanidade-em-acao-no-tribunal-de-haia\/img_3926\/\" data-orig-file=\"https:\/\/i0.wp.com\/blogdalucianaoliveira.com.br\/blog\/wp-content\/uploads\/2026\/01\/IMG_3926.webp?fit=500%2C240\" data-orig-size=\"500,240\" data-comments-opened=\"0\" data-image-meta=\"{&quot;aperture&quot;:&quot;0&quot;,&quot;credit&quot;:&quot;&quot;,&quot;camera&quot;:&quot;&quot;,&quot;caption&quot;:&quot;&quot;,&quot;created_timestamp&quot;:&quot;0&quot;,&quot;copyright&quot;:&quot;&quot;,&quot;focal_length&quot;:&quot;0&quot;,&quot;iso&quot;:&quot;0&quot;,&quot;shutter_speed&quot;:&quot;0&quot;,&quot;title&quot;:&quot;&quot;,&quot;orientation&quot;:&quot;0&quot;}\" data-image-title=\"IMG_3926\" data-image-description=\"\" data-image-caption=\"\" data-medium-file=\"https:\/\/i0.wp.com\/blogdalucianaoliveira.com.br\/blog\/wp-content\/uploads\/2026\/01\/IMG_3926.webp?fit=300%2C144\" data-large-file=\"https:\/\/i0.wp.com\/blogdalucianaoliveira.com.br\/blog\/wp-content\/uploads\/2026\/01\/IMG_3926.webp?fit=500%2C240\" class=\"alignnone size-medium wp-image-38152\" src=\"https:\/\/i0.wp.com\/blogdalucianaoliveira.com.br\/blog\/wp-content\/uploads\/2026\/01\/IMG_3926.webp?resize=300%2C144\" alt=\"\" width=\"300\" height=\"144\" srcset=\"https:\/\/i0.wp.com\/blogdalucianaoliveira.com.br\/blog\/wp-content\/uploads\/2026\/01\/IMG_3926.webp?resize=300%2C144 300w, https:\/\/i0.wp.com\/blogdalucianaoliveira.com.br\/blog\/wp-content\/uploads\/2026\/01\/IMG_3926.webp?w=500 500w\" sizes=\"auto, (max-width: 300px) 100vw, 300px\" \/><\/p>\n<h2 class=\"article__lead\">Peti\u00e7\u00e3o assinada por mais de 200 especialistas pede investiga\u00e7\u00e3o no Tribunal de Haia sobre opera\u00e7\u00e3o militar dos EUA e suas consequ\u00eancias humanit\u00e1rias<\/h2>\n<p><!--more--><\/p>\n<p><b>247 &#8211; <\/b>Um grupo internacional formado por mais de 200 juristas, parlamentares, acad\u00eamicos e organiza\u00e7\u00f5es de direitos humanos apresentou ao Tribunal Penal Internacional (TPI), em Haia, um pedido para a abertura de um exame preliminar contra o atual presidente dos Estados Unidos, Donald Trump, e outras autoridades norte-americanas.<\/p>\n<p>A iniciativa acusa os envolvidos de crimes de guerra e crimes contra a humanidade relacionados ao ataque militar que resultou no sequestro de Nicol\u00e1s Maduro, em 3 de janeiro, na Venezuela.De acordo com o documento protocolado com base no artigo 15 do Estatuto de Roma, a a\u00e7\u00e3o militar \u00e9 descrita como uma invas\u00e3o armada em territ\u00f3rio venezuelano sem autoriza\u00e7\u00e3o do Conselho de Seguran\u00e7a da ONU, o que caracterizaria viola\u00e7\u00e3o direta da Carta das Na\u00e7\u00f5es Unidas, informa a jornalista <a href=\"https:\/\/www1.folha.uol.com.br\/colunas\/monicabergamo\/2026\/01\/grupo-internacional-de-200-juristas-acusa-trump-de-crimes-contra-a-humanidade-no-tribunal-de-haia.shtml\" target=\"_blank\" rel=\"noopener noreferrer nofollow\"><b>M\u00f4nica Bergamo<\/b><\/a> na Folha de S.Paulo.<\/p>\n<div class=\"marginBottom30\">\n<div class=\"ad ad--center marginBottom0\">\n<div id=\"b247-multipage-video-1\" data-google-query-id=\"CMTPy9XTiJIDFZ1buAQdhac8Kg\">\n<div id=\"google_ads_iframe_\/55115104\/b247-multipage-video-1_0__container__\"><\/div>\n<div id=\"notsy_container_268763291\" class=\"B24_VIDEO_GAM\" data-notsy-container-index=\"1\" data-notsy-mapped-container=\"1\"><\/div>\n<\/div>\n<\/div>\n<\/div>\n<p>Os signat\u00e1rios apontam que a ofensiva causou mais de cem mortes, incluindo civis, al\u00e9m de provocar ampla destrui\u00e7\u00e3o em \u00e1reas residenciais de Caracas e o deslocamento for\u00e7ado de milhares de pessoas. O texto tamb\u00e9m sustenta que a opera\u00e7\u00e3o foi antecedida por ataques letais a embarca\u00e7\u00f5es civis em \u00e1guas internacionais do Caribe, ocorridos entre setembro e dezembro de 2025. Esses atos foram cometidos por for\u00e7as militares dos Estados Unidos, sob a justificativa de combate ao narcotr\u00e1fico.<\/p>\n<p>O pedido afirma que esses epis\u00f3dios resultaram na morte de civis desarmados, sem aviso pr\u00e9vio e em desacordo com os princ\u00edpios de distin\u00e7\u00e3o e proporcionalidade previstos no direito internacional humanit\u00e1rio. Entre as acusa\u00e7\u00f5es listadas est\u00e3o homic\u00eddio, ataques indiscriminados contra a popula\u00e7\u00e3o civil, pilhagem, apropria\u00e7\u00e3o de bens e a priva\u00e7\u00e3o ilegal de liberdade de Nicol\u00e1s Maduro e de sua esposa, Cilia Flores.<\/p>\n<p>No documento, o sequestro do casal \u00e9 classificado como <b>\u201ctomada de ref\u00e9ns\u201d<\/b>, sob o argumento de que a deten\u00e7\u00e3o \u00e9 usada como instrumento de coer\u00e7\u00e3o pol\u00edtica, com o objetivo de for\u00e7ar concess\u00f5es institucionais e assegurar o controle de recursos estrat\u00e9gicos da Venezuela, como o petr\u00f3leo.<\/p>\n<p>A peti\u00e7\u00e3o \u00e9 assinada por nomes de destaque no meio jur\u00eddico e pol\u00edtico internacional, entre eles Alexandre Guedes, da Associa\u00e7\u00e3o Brasileira de Juristas pela Democracia, o deputado argentino Hugo Yasky, o ex-juiz espanhol Baltasar Garz\u00f3n e o Nobel da Paz Adolfo P\u00e9rez Esquivel. O grupo solicita que o TPI preserve provas e identifique responsabilidades individuais de autoridades civis e militares dos Estados Unidos, incluindo Donald Trump e o secret\u00e1rio de Estado, Marco Rubio.<\/p>\n<p>A rela\u00e7\u00e3o entre o governo dos Estados Unidos e o Tribunal Penal Internacional tem se deteriorado. Em dezembro, a administra\u00e7\u00e3o Trump imp\u00f4s san\u00e7\u00f5es a dois ju\u00edzes da corte, ampliando uma ofensiva que j\u00e1 havia atingido magistrados, procuradores e outros funcion\u00e1rios do tribunal. No atual mandato, tamb\u00e9m foram assinados decretos para aplicar puni\u00e7\u00f5es financeiras e restri\u00e7\u00f5es de visto a autoridades do TPI envolvidas em investiga\u00e7\u00f5es contra cidad\u00e3os norte-americanos ou aliados de Washington.<\/p>\n<p>Em resposta, o Tribunal Penal Internacional afirmou que tais medidas representam um ataque direto \u00e0 independ\u00eancia judicial e colocam em risco a pr\u00f3pria ordem jur\u00eddica internacional.<\/p>\n","protected":false},"excerpt":{"rendered":"<p>Peti\u00e7\u00e3o assinada por mais de 200 especialistas pede investiga\u00e7\u00e3o no Tribunal de Haia sobre opera\u00e7\u00e3o militar dos EUA e suas consequ\u00eancias humanit\u00e1rias<\/p>\n","protected":false},"author":1,"featured_media":0,"comment_status":"closed","ping_status":"open","sticky":false,"template":"","format":"standard","meta":{"_exactmetrics_skip_tracking":false,"_exactmetrics_sitenote_active":false,"_exactmetrics_sitenote_note":"","_exactmetrics_sitenote_category":0,"jetpack_post_was_ever_published":false,"_jetpack_newsletter_access":"","_jetpack_dont_email_post_to_subs":false,"_jetpack_newsletter_tier_id":0,"_jetpack_memberships_contains_paywalled_content":false,"_jetpack_memberships_contains_paid_content":false,"footnotes":"","jetpack_publicize_message":"","jetpack_publicize_feature_enabled":true,"jetpack_social_post_already_shared":true,"jetpack_social_options":{"image_generator_settings":{"template":"highway","enabled":false},"version":2}},"categories":[1],"tags":[],"class_list":["post-38151","post","type-post","status-publish","format-standard","hentry","category-notas"],"jetpack_publicize_connections":[],"jetpack_sharing_enabled":true,"jetpack_featured_media_url":"","jetpack_shortlink":"https:\/\/wp.me\/p7wKYW-9Vl","jetpack-related-posts":[],"_links":{"self":[{"href":"http:\/\/blogdalucianaoliveira.com.br\/blog\/wp-json\/wp\/v2\/posts\/38151","targetHints":{"allow":["GET"]}}],"collection":[{"href":"http:\/\/blogdalucianaoliveira.com.br\/blog\/wp-json\/wp\/v2\/posts"}],"about":[{"href":"http:\/\/blogdalucianaoliveira.com.br\/blog\/wp-json\/wp\/v2\/types\/post"}],"author":[{"embeddable":true,"href":"http:\/\/blogdalucianaoliveira.com.br\/blog\/wp-json\/wp\/v2\/users\/1"}],"replies":[{"embeddable":true,"href":"http:\/\/blogdalucianaoliveira.com.br\/blog\/wp-json\/wp\/v2\/comments?post=38151"}],"version-history":[{"count":1,"href":"http:\/\/blogdalucianaoliveira.com.br\/blog\/wp-json\/wp\/v2\/posts\/38151\/revisions"}],"predecessor-version":[{"id":38153,"href":"http:\/\/blogdalucianaoliveira.com.br\/blog\/wp-json\/wp\/v2\/posts\/38151\/revisions\/38153"}],"wp:attachment":[{"href":"http:\/\/blogdalucianaoliveira.com.br\/blog\/wp-json\/wp\/v2\/media?parent=38151"}],"wp:term":[{"taxonomy":"category","embeddable":true,"href":"http:\/\/blogdalucianaoliveira.com.br\/blog\/wp-json\/wp\/v2\/categories?post=38151"},{"taxonomy":"post_tag","embeddable":true,"href":"http:\/\/blogdalucianaoliveira.com.br\/blog\/wp-json\/wp\/v2\/tags?post=38151"}],"curies":[{"name":"wp","href":"https:\/\/api.w.org\/{rel}","templated":true}]}}