{"id":38154,"date":"2026-01-13T11:50:44","date_gmt":"2026-01-13T15:50:44","guid":{"rendered":"https:\/\/blogdalucianaoliveira.com.br\/blog\/?p=38154"},"modified":"2026-01-13T11:50:44","modified_gmt":"2026-01-13T15:50:44","slug":"calor-trara-chuva-de-verao-todos-os-dias-desta-semana-no-sul-do-brasil","status":"publish","type":"post","link":"http:\/\/blogdalucianaoliveira.com.br\/blog\/2026\/01\/13\/calor-trara-chuva-de-verao-todos-os-dias-desta-semana-no-sul-do-brasil\/","title":{"rendered":"Calor trar\u00e1 chuva de ver\u00e3o todos os dias desta semana no Sul do Brasil"},"content":{"rendered":"<p><img data-recalc-dims=\"1\" loading=\"lazy\" decoding=\"async\" data-attachment-id=\"38155\" data-permalink=\"http:\/\/blogdalucianaoliveira.com.br\/blog\/2026\/01\/13\/calor-trara-chuva-de-verao-todos-os-dias-desta-semana-no-sul-do-brasil\/img_3928\/\" data-orig-file=\"https:\/\/i0.wp.com\/blogdalucianaoliveira.com.br\/blog\/wp-content\/uploads\/2026\/01\/IMG_3928.webp?fit=1600%2C900\" data-orig-size=\"1600,900\" data-comments-opened=\"0\" data-image-meta=\"{&quot;aperture&quot;:&quot;0&quot;,&quot;credit&quot;:&quot;&quot;,&quot;camera&quot;:&quot;&quot;,&quot;caption&quot;:&quot;&quot;,&quot;created_timestamp&quot;:&quot;0&quot;,&quot;copyright&quot;:&quot;&quot;,&quot;focal_length&quot;:&quot;0&quot;,&quot;iso&quot;:&quot;0&quot;,&quot;shutter_speed&quot;:&quot;0&quot;,&quot;title&quot;:&quot;&quot;,&quot;orientation&quot;:&quot;0&quot;}\" data-image-title=\"IMG_3928\" data-image-description=\"\" data-image-caption=\"\" data-medium-file=\"https:\/\/i0.wp.com\/blogdalucianaoliveira.com.br\/blog\/wp-content\/uploads\/2026\/01\/IMG_3928.webp?fit=300%2C169\" data-large-file=\"https:\/\/i0.wp.com\/blogdalucianaoliveira.com.br\/blog\/wp-content\/uploads\/2026\/01\/IMG_3928.webp?fit=600%2C338\" class=\"alignnone size-medium wp-image-38155\" src=\"https:\/\/i0.wp.com\/blogdalucianaoliveira.com.br\/blog\/wp-content\/uploads\/2026\/01\/IMG_3928.webp?resize=300%2C169\" alt=\"\" width=\"300\" height=\"169\" srcset=\"https:\/\/i0.wp.com\/blogdalucianaoliveira.com.br\/blog\/wp-content\/uploads\/2026\/01\/IMG_3928.webp?resize=300%2C169 300w, https:\/\/i0.wp.com\/blogdalucianaoliveira.com.br\/blog\/wp-content\/uploads\/2026\/01\/IMG_3928.webp?resize=1024%2C576 1024w, https:\/\/i0.wp.com\/blogdalucianaoliveira.com.br\/blog\/wp-content\/uploads\/2026\/01\/IMG_3928.webp?resize=768%2C432 768w, https:\/\/i0.wp.com\/blogdalucianaoliveira.com.br\/blog\/wp-content\/uploads\/2026\/01\/IMG_3928.webp?resize=1536%2C864 1536w, https:\/\/i0.wp.com\/blogdalucianaoliveira.com.br\/blog\/wp-content\/uploads\/2026\/01\/IMG_3928.webp?resize=533%2C300 533w, https:\/\/i0.wp.com\/blogdalucianaoliveira.com.br\/blog\/wp-content\/uploads\/2026\/01\/IMG_3928.webp?w=1600 1600w, https:\/\/i0.wp.com\/blogdalucianaoliveira.com.br\/blog\/wp-content\/uploads\/2026\/01\/IMG_3928.webp?w=1200 1200w\" sizes=\"auto, (max-width: 300px) 100vw, 300px\" \/><\/p>\n<p>Metsul &#8211; A semana que se inicia ter\u00e1 muito sol e calor com chuva t\u00edpica de ver\u00e3o, por natureza bastante irregular e mal distribu\u00edda, nos estados do Sul do Brasil. Assim, os volumes de chuva na semana nos tr\u00eas estados da regi\u00e3o devem variar enormemente de um ponto para outro.<!--more--><\/p>\n<p class=\"added-to-list1\" data-pf_style_display=\"block\" data-pf_style_visibility=\"visible\"><span class=\"text-node\">O que vai ocorrer? A chuva deve ocorrer em pontos isolados principalmente em horas da tarde para a noite e ser\u00e1 bastante irregular. Ser\u00e1 chuva que cai numa cidade e n\u00e3o cai no munic\u00edpio vizinho, ou que atinge s\u00f3 alguns bairros de uma localidade.<\/span><\/p>\n<p class=\"added-to-list1\" data-pf_style_display=\"block\" data-pf_style_visibility=\"visible\"><span class=\"text-node\">A chuva ser\u00e1 consequ\u00eancia de convec\u00e7\u00e3o que \u00e9 o processo pelo qual o ar quente sobe na atmosfera. Em dias quentes, o solo aquece intensamente e transfere calor para o ar logo acima, que se torna mais leve e come\u00e7a a subir.<\/span><\/p>\n<p class=\"added-to-list1\" data-pf_style_display=\"block\" data-pf_style_visibility=\"visible\"><span class=\"text-node\">\u00c0 medida que esse ar quente sobe, ele se expande e esfria, fazendo com que o vapor d\u2019\u00e1gua nele contido se condense e forme nuvens. Quando a convec\u00e7\u00e3o \u00e9 intensa, o movimento vertical do ar pode gerar nuvens muito altas com chuva forte e temporais.<\/span><\/p>\n<p class=\"added-to-list1\" data-pf_style_display=\"block\" data-pf_style_visibility=\"visible\"><span class=\"text-node\">Por isso, em alguns dias desta semana com calor mais intenso, tais pancadas podem trazer volumes localizados altos de chuva em curto per\u00edodo com alagamentos e inunda\u00e7\u00f5es repentinas.<\/span><\/p>\n<p class=\"added-to-list1\" data-pf_style_display=\"block\" data-pf_style_visibility=\"visible\"><span class=\"text-node\">Cresce tamb\u00e9m o risco de tempestades localizadas intensas com vendaval e granizo. Os temporais pelo calor muito isoladamente podem ser fortes e com danos.<\/span><\/p>\n<p class=\"added-to-list1\" data-pf_style_display=\"block\" data-pf_style_visibility=\"visible\"><span class=\"text-node\">Estas pancadas mais intensas e temporais muito isolados e passageiros associados ao calor que ocorrem no per\u00edodo quente do ano s\u00e3o verdadeiro tormento para quem prev\u00ea o tempo. Por qu\u00ea?<\/span><\/p>\n<p class=\"added-to-list1\" data-pf_style_display=\"block\" data-pf_style_visibility=\"visible\"><span class=\"text-node\">\u00c9 poss\u00edvel prever pancadas e temporais isolados numa determinada regi\u00e3o, mas estabelecer exatamente onde ocorrer\u00e3o com anteced\u00eancia \u00e9 muito dif\u00edcil. S\u00e3o in\u00fameros os casos de parte de uma cidade estar com sol e calor na mesma hora que outra parte da mesma localidade, a poucos quil\u00f4metros, estar sob chuva e temporal.<\/span><\/p>\n<p class=\"added-to-list1\" data-pf_style_display=\"block\" data-pf_style_visibility=\"visible\"><span class=\"text-node\">O p\u00fablico enxerga em aplicativos \u00edcones de sol e chuva, mas a chuva pode n\u00e3o cair no ponto em que a pessoa est\u00e1 e sim em algum local pr\u00f3ximo. A previs\u00e3o, portanto, n\u00e3o est\u00e1 necessariamente errada. Pode ter chovido alguns bairros adiante de onde a pessoa reside.<\/span><\/p>\n<p class=\"added-to-list1\" data-pf_style_display=\"block\" data-pf_style_visibility=\"visible\"><span class=\"text-node\">No final da semana, entre sexta e s\u00e1bado, cresce a possibilidade de a chuva atingir um maior n\u00famero de localidades \u00e0 medida que se espera que uma frente fria avance pelo Sul do Brasil no pr\u00f3ximo fim de semana.<\/span><\/p>\n<p data-pf_style_display=\"block\" data-pf_style_visibility=\"visible\">\n","protected":false},"excerpt":{"rendered":"<p>Metsul &#8211; A semana que se inicia ter\u00e1 muito sol e calor com chuva t\u00edpica de ver\u00e3o, por natureza bastante irregular e mal distribu\u00edda, nos estados do Sul do Brasil. Assim, os volumes de chuva na semana nos tr\u00eas estados da regi\u00e3o devem variar enormemente de um ponto para outro.<\/p>\n","protected":false},"author":1,"featured_media":0,"comment_status":"closed","ping_status":"open","sticky":false,"template":"","format":"standard","meta":{"_exactmetrics_skip_tracking":false,"_exactmetrics_sitenote_active":false,"_exactmetrics_sitenote_note":"","_exactmetrics_sitenote_category":0,"jetpack_post_was_ever_published":false,"_jetpack_newsletter_access":"","_jetpack_dont_email_post_to_subs":false,"_jetpack_newsletter_tier_id":0,"_jetpack_memberships_contains_paywalled_content":false,"_jetpack_memberships_contains_paid_content":false,"footnotes":"","jetpack_publicize_message":"","jetpack_publicize_feature_enabled":true,"jetpack_social_post_already_shared":true,"jetpack_social_options":{"image_generator_settings":{"template":"highway","enabled":false},"version":2}},"categories":[1],"tags":[],"class_list":["post-38154","post","type-post","status-publish","format-standard","hentry","category-notas"],"jetpack_publicize_connections":[],"jetpack_sharing_enabled":true,"jetpack_featured_media_url":"","jetpack_shortlink":"https:\/\/wp.me\/p7wKYW-9Vo","jetpack-related-posts":[],"_links":{"self":[{"href":"http:\/\/blogdalucianaoliveira.com.br\/blog\/wp-json\/wp\/v2\/posts\/38154","targetHints":{"allow":["GET"]}}],"collection":[{"href":"http:\/\/blogdalucianaoliveira.com.br\/blog\/wp-json\/wp\/v2\/posts"}],"about":[{"href":"http:\/\/blogdalucianaoliveira.com.br\/blog\/wp-json\/wp\/v2\/types\/post"}],"author":[{"embeddable":true,"href":"http:\/\/blogdalucianaoliveira.com.br\/blog\/wp-json\/wp\/v2\/users\/1"}],"replies":[{"embeddable":true,"href":"http:\/\/blogdalucianaoliveira.com.br\/blog\/wp-json\/wp\/v2\/comments?post=38154"}],"version-history":[{"count":1,"href":"http:\/\/blogdalucianaoliveira.com.br\/blog\/wp-json\/wp\/v2\/posts\/38154\/revisions"}],"predecessor-version":[{"id":38156,"href":"http:\/\/blogdalucianaoliveira.com.br\/blog\/wp-json\/wp\/v2\/posts\/38154\/revisions\/38156"}],"wp:attachment":[{"href":"http:\/\/blogdalucianaoliveira.com.br\/blog\/wp-json\/wp\/v2\/media?parent=38154"}],"wp:term":[{"taxonomy":"category","embeddable":true,"href":"http:\/\/blogdalucianaoliveira.com.br\/blog\/wp-json\/wp\/v2\/categories?post=38154"},{"taxonomy":"post_tag","embeddable":true,"href":"http:\/\/blogdalucianaoliveira.com.br\/blog\/wp-json\/wp\/v2\/tags?post=38154"}],"curies":[{"name":"wp","href":"https:\/\/api.w.org\/{rel}","templated":true}]}}