{"id":38157,"date":"2026-01-13T11:55:07","date_gmt":"2026-01-13T15:55:07","guid":{"rendered":"https:\/\/blogdalucianaoliveira.com.br\/blog\/?p=38157"},"modified":"2026-01-13T11:55:07","modified_gmt":"2026-01-13T15:55:07","slug":"ta-pago-emenda-de-r-100-mil-da-deputada-claudia-de-jesus-fortalece-a-saude-em-primavera-de-rondonia","status":"publish","type":"post","link":"http:\/\/blogdalucianaoliveira.com.br\/blog\/2026\/01\/13\/ta-pago-emenda-de-r-100-mil-da-deputada-claudia-de-jesus-fortalece-a-saude-em-primavera-de-rondonia\/","title":{"rendered":"T\u00e1 pago: emenda de R$ 100 mil da deputada Cl\u00e1udia de Jesus fortalece a sa\u00fade em Primavera de Rond\u00f4nia"},"content":{"rendered":"<p><img data-recalc-dims=\"1\" loading=\"lazy\" decoding=\"async\" data-attachment-id=\"38158\" data-permalink=\"http:\/\/blogdalucianaoliveira.com.br\/blog\/2026\/01\/13\/ta-pago-emenda-de-r-100-mil-da-deputada-claudia-de-jesus-fortalece-a-saude-em-primavera-de-rondonia\/img_3929\/\" data-orig-file=\"https:\/\/i0.wp.com\/blogdalucianaoliveira.com.br\/blog\/wp-content\/uploads\/2026\/01\/IMG_3929.jpeg?fit=1103%2C737\" data-orig-size=\"1103,737\" data-comments-opened=\"0\" data-image-meta=\"{&quot;aperture&quot;:&quot;0&quot;,&quot;credit&quot;:&quot;&quot;,&quot;camera&quot;:&quot;&quot;,&quot;caption&quot;:&quot;&quot;,&quot;created_timestamp&quot;:&quot;0&quot;,&quot;copyright&quot;:&quot;&quot;,&quot;focal_length&quot;:&quot;0&quot;,&quot;iso&quot;:&quot;0&quot;,&quot;shutter_speed&quot;:&quot;0&quot;,&quot;title&quot;:&quot;&quot;,&quot;orientation&quot;:&quot;1&quot;}\" data-image-title=\"IMG_3929\" data-image-description=\"\" data-image-caption=\"\" data-medium-file=\"https:\/\/i0.wp.com\/blogdalucianaoliveira.com.br\/blog\/wp-content\/uploads\/2026\/01\/IMG_3929.jpeg?fit=300%2C200\" data-large-file=\"https:\/\/i0.wp.com\/blogdalucianaoliveira.com.br\/blog\/wp-content\/uploads\/2026\/01\/IMG_3929.jpeg?fit=600%2C401\" class=\"alignnone size-medium wp-image-38158\" src=\"https:\/\/i0.wp.com\/blogdalucianaoliveira.com.br\/blog\/wp-content\/uploads\/2026\/01\/IMG_3929.jpeg?resize=300%2C200\" alt=\"\" width=\"300\" height=\"200\" srcset=\"https:\/\/i0.wp.com\/blogdalucianaoliveira.com.br\/blog\/wp-content\/uploads\/2026\/01\/IMG_3929.jpeg?resize=300%2C200 300w, https:\/\/i0.wp.com\/blogdalucianaoliveira.com.br\/blog\/wp-content\/uploads\/2026\/01\/IMG_3929.jpeg?resize=1024%2C684 1024w, https:\/\/i0.wp.com\/blogdalucianaoliveira.com.br\/blog\/wp-content\/uploads\/2026\/01\/IMG_3929.jpeg?resize=768%2C513 768w, https:\/\/i0.wp.com\/blogdalucianaoliveira.com.br\/blog\/wp-content\/uploads\/2026\/01\/IMG_3929.jpeg?resize=449%2C300 449w, https:\/\/i0.wp.com\/blogdalucianaoliveira.com.br\/blog\/wp-content\/uploads\/2026\/01\/IMG_3929.jpeg?w=1103 1103w\" sizes=\"auto, (max-width: 300px) 100vw, 300px\" \/><\/p>\n<p>Recurso foi repassado para aquisi\u00e7\u00e3o de equipamentos nas unidades b\u00e1sicas de sa\u00fade.<!--more--><\/p>\n<p>O munic\u00edpio de Primavera de Rond\u00f4nia recebeu o repasse de R$ 100 mil referente a emenda parlamentar da deputada estadual Cl\u00e1udia de Jesus (PT), j\u00e1 paga \u00e0 prefeitura. O recurso ser\u00e1 utilizado na aquisi\u00e7\u00e3o de equipamentos permanentes para melhorar e ampliar os servi\u00e7os de sa\u00fade ofertados \u00e0 popula\u00e7\u00e3o.<\/p>\n<p>O investimento contempla a Unidade B\u00e1sica de Sa\u00fade Manoel de Lara e a Unidade B\u00e1sica de Sa\u00fade Francisco Pereira da Silva, localizada no distrito de Quer\u00eancia, garantindo melhores condi\u00e7\u00f5es de atendimento e refor\u00e7ando a estrutura da aten\u00e7\u00e3o b\u00e1sica no munic\u00edpio.<\/p>\n<p>A destina\u00e7\u00e3o da emenda atende a uma solicita\u00e7\u00e3o apresentada por Sidney, presidente do Sindicato dos Trabalhadores Rurais, refor\u00e7ando o di\u00e1logo entre o mandato parlamentar e as demandas da comunidade local. \u201cNosso compromisso \u00e9 transformar recursos p\u00fablicos em melhorias reais na vida das pessoas, especialmente na sa\u00fade, que \u00e9 prioridade\u201d, destacou a deputada Cl\u00e1udia de Jesus.<\/p>\n","protected":false},"excerpt":{"rendered":"<p>Recurso foi repassado para aquisi\u00e7\u00e3o de equipamentos nas unidades b\u00e1sicas de sa\u00fade.<\/p>\n","protected":false},"author":1,"featured_media":0,"comment_status":"closed","ping_status":"open","sticky":false,"template":"","format":"standard","meta":{"_exactmetrics_skip_tracking":false,"_exactmetrics_sitenote_active":false,"_exactmetrics_sitenote_note":"","_exactmetrics_sitenote_category":0,"jetpack_post_was_ever_published":false,"_jetpack_newsletter_access":"","_jetpack_dont_email_post_to_subs":false,"_jetpack_newsletter_tier_id":0,"_jetpack_memberships_contains_paywalled_content":false,"_jetpack_memberships_contains_paid_content":false,"footnotes":"","jetpack_publicize_message":"","jetpack_publicize_feature_enabled":true,"jetpack_social_post_already_shared":true,"jetpack_social_options":{"image_generator_settings":{"template":"highway","enabled":false},"version":2}},"categories":[1],"tags":[],"class_list":["post-38157","post","type-post","status-publish","format-standard","hentry","category-notas"],"jetpack_publicize_connections":[],"jetpack_sharing_enabled":true,"jetpack_featured_media_url":"","jetpack_shortlink":"https:\/\/wp.me\/p7wKYW-9Vr","jetpack-related-posts":[],"_links":{"self":[{"href":"http:\/\/blogdalucianaoliveira.com.br\/blog\/wp-json\/wp\/v2\/posts\/38157","targetHints":{"allow":["GET"]}}],"collection":[{"href":"http:\/\/blogdalucianaoliveira.com.br\/blog\/wp-json\/wp\/v2\/posts"}],"about":[{"href":"http:\/\/blogdalucianaoliveira.com.br\/blog\/wp-json\/wp\/v2\/types\/post"}],"author":[{"embeddable":true,"href":"http:\/\/blogdalucianaoliveira.com.br\/blog\/wp-json\/wp\/v2\/users\/1"}],"replies":[{"embeddable":true,"href":"http:\/\/blogdalucianaoliveira.com.br\/blog\/wp-json\/wp\/v2\/comments?post=38157"}],"version-history":[{"count":1,"href":"http:\/\/blogdalucianaoliveira.com.br\/blog\/wp-json\/wp\/v2\/posts\/38157\/revisions"}],"predecessor-version":[{"id":38159,"href":"http:\/\/blogdalucianaoliveira.com.br\/blog\/wp-json\/wp\/v2\/posts\/38157\/revisions\/38159"}],"wp:attachment":[{"href":"http:\/\/blogdalucianaoliveira.com.br\/blog\/wp-json\/wp\/v2\/media?parent=38157"}],"wp:term":[{"taxonomy":"category","embeddable":true,"href":"http:\/\/blogdalucianaoliveira.com.br\/blog\/wp-json\/wp\/v2\/categories?post=38157"},{"taxonomy":"post_tag","embeddable":true,"href":"http:\/\/blogdalucianaoliveira.com.br\/blog\/wp-json\/wp\/v2\/tags?post=38157"}],"curies":[{"name":"wp","href":"https:\/\/api.w.org\/{rel}","templated":true}]}}