{"id":38163,"date":"2026-01-16T10:46:13","date_gmt":"2026-01-16T14:46:13","guid":{"rendered":"https:\/\/blogdalucianaoliveira.com.br\/blog\/?p=38163"},"modified":"2026-01-16T10:46:13","modified_gmt":"2026-01-16T14:46:13","slug":"amazonia-e-sul-tem-alerta-de-perigo-para-chuvas-intensas","status":"publish","type":"post","link":"http:\/\/blogdalucianaoliveira.com.br\/blog\/2026\/01\/16\/amazonia-e-sul-tem-alerta-de-perigo-para-chuvas-intensas\/","title":{"rendered":"Amaz\u00f4nia e Sul t\u00eam alerta de perigo para chuvas intensas"},"content":{"rendered":"<p><img data-recalc-dims=\"1\" loading=\"lazy\" decoding=\"async\" data-attachment-id=\"38164\" data-permalink=\"http:\/\/blogdalucianaoliveira.com.br\/blog\/2026\/01\/16\/amazonia-e-sul-tem-alerta-de-perigo-para-chuvas-intensas\/img_4105-2\/\" data-orig-file=\"https:\/\/i0.wp.com\/blogdalucianaoliveira.com.br\/blog\/wp-content\/uploads\/2026\/01\/IMG_4105.webp?fit=1170%2C700\" data-orig-size=\"1170,700\" data-comments-opened=\"0\" data-image-meta=\"{&quot;aperture&quot;:&quot;0&quot;,&quot;credit&quot;:&quot;&quot;,&quot;camera&quot;:&quot;&quot;,&quot;caption&quot;:&quot;&quot;,&quot;created_timestamp&quot;:&quot;0&quot;,&quot;copyright&quot;:&quot;&quot;,&quot;focal_length&quot;:&quot;0&quot;,&quot;iso&quot;:&quot;0&quot;,&quot;shutter_speed&quot;:&quot;0&quot;,&quot;title&quot;:&quot;&quot;,&quot;orientation&quot;:&quot;0&quot;}\" data-image-title=\"IMG_4105\" data-image-description=\"\" data-image-caption=\"\" data-medium-file=\"https:\/\/i0.wp.com\/blogdalucianaoliveira.com.br\/blog\/wp-content\/uploads\/2026\/01\/IMG_4105.webp?fit=300%2C179\" data-large-file=\"https:\/\/i0.wp.com\/blogdalucianaoliveira.com.br\/blog\/wp-content\/uploads\/2026\/01\/IMG_4105.webp?fit=600%2C359\" class=\"alignnone size-medium wp-image-38164\" src=\"https:\/\/i0.wp.com\/blogdalucianaoliveira.com.br\/blog\/wp-content\/uploads\/2026\/01\/IMG_4105.webp?resize=300%2C179\" alt=\"\" width=\"300\" height=\"179\" srcset=\"https:\/\/i0.wp.com\/blogdalucianaoliveira.com.br\/blog\/wp-content\/uploads\/2026\/01\/IMG_4105.webp?resize=300%2C179 300w, https:\/\/i0.wp.com\/blogdalucianaoliveira.com.br\/blog\/wp-content\/uploads\/2026\/01\/IMG_4105.webp?resize=1024%2C613 1024w, https:\/\/i0.wp.com\/blogdalucianaoliveira.com.br\/blog\/wp-content\/uploads\/2026\/01\/IMG_4105.webp?resize=768%2C459 768w, https:\/\/i0.wp.com\/blogdalucianaoliveira.com.br\/blog\/wp-content\/uploads\/2026\/01\/IMG_4105.webp?resize=501%2C300 501w, https:\/\/i0.wp.com\/blogdalucianaoliveira.com.br\/blog\/wp-content\/uploads\/2026\/01\/IMG_4105.webp?w=1170 1170w\" sizes=\"auto, (max-width: 300px) 100vw, 300px\" \/><\/p>\n<p>H\u00e1 possibilidade de enchentes e ventos de at\u00e9 100 km\/h<!--more--><\/p>\n<p><strong>Ag\u00eancia Brasil &#8211; Chuvas intensas voltam a gerar alertas em diversas regi\u00f5es do pa\u00eds para esta sexta-feira (16). O Instituto Nacional de Meteorologia (Inmet) mant\u00e9m cinco alertas para hoje, indicando chuvas de risco moderado e elevado. As regi\u00f5es cr\u00edticas est\u00e3o na Amaz\u00f4nia, nos estados do Amazonas, Mato Grosso, Par\u00e1 e Rond\u00f4nia, com alerta v\u00e1lido para esta sexta. O mesmo vale para o Rio Grande do Sul e Santa Catarina.<\/strong><img data-recalc-dims=\"1\" decoding=\"async\" src=\"https:\/\/i0.wp.com\/agenciabrasil.ebc.com.br\/ebc.png?w=600&#038;ssl=1\" \/><img data-recalc-dims=\"1\" decoding=\"async\" src=\"https:\/\/i0.wp.com\/agenciabrasil.ebc.com.br\/ebc.gif?w=600&#038;ssl=1\" \/><\/p>\n<p>Na regi\u00e3o norte s\u00e3o esperadas chuvas entre 30 a 60 mil\u00edmetros por hora, com acumulados entre 50 e 100 mm\/dia. Tamb\u00e9m h\u00e1 possibilidade de ventos intensos, entre 60 e 100 km\/h, condi\u00e7\u00f5es que levam ao risco de corte de energia el\u00e9trica, queda de galhos de \u00e1rvores e alagamentos.<\/p>\n<p><strong>H\u00e1 tamb\u00e9m destaque para o risco de raios. A regi\u00e3o tem influ\u00eancia da Zona de Converg\u00eancia Intertropical (ZCIT), com previs\u00e3o de acumulados acima dos 150mm entre 12 e 19\/01 no oeste do Amap\u00e1, oeste do Amazonas e sul do Par\u00e1.<\/strong><\/p>\n<h2>Inunda\u00e7\u00e3o<\/h2>\n<p>A regi\u00e3o tamb\u00e9m tem alerta &#8211; emitido pelo Centro Nacional de Monitoramento e Alertas de Desastres Naturais (Cemaden\/MCTI) &#8211; indicando condi\u00e7\u00e3o moderada para &#8220;a possibilidade de inunda\u00e7\u00e3o gradual de \u00e1reas ribeirinhas devido ao extravasamento de rios e igarap\u00e9s nas regi\u00f5es geogr\u00e1ficas intermedi\u00e1rias de Rio Branco, Cruzeiro do Sul (AC) e Tef\u00e9 (AM), devido \u00e0 propaga\u00e7\u00e3o das ondas de cheia e rios secund\u00e1rios&#8221;.<\/p>\n<p><strong>No Sul, todo o estado do Rio Grande do Sul e as regi\u00f5es sul e oeste de Santa Catarina t\u00eam alerta severo para hoje com ocorr\u00eancia de chuvas entre 30 e 60 mm\/h ou 50 a 100 mm\/dia, al\u00e9m de possibilidade de ventos intensos, entre 60 e 100 km\/h e queda de granizo.<\/strong><\/p>\n<p>A Defesa Civil ga\u00facha mant\u00e9m todo o estado sob alerta para tempestades desde ontem \u00e0 noite, com destaque para risco de destelhamento em \u00e1reas do interior do estado, sobretudo, na regi\u00e3o nordeste do estado.<\/p>\n<p><strong>No Sudeste, S\u00e3o Paulo, Minas Gerais e Rio de Janeiro t\u00eam alerta para condi\u00e7\u00f5es moderadas de enxurradas, extravasamento de c\u00f3rregos e alagamentos, al\u00e9m de movimento de massa (desabamentos e escorregamentos) nas regi\u00f5es de Pouso Alegre (MG), S\u00e3o Paulo, Campinas, Sorocaba e S\u00e3o Jos\u00e9 dos Campos (SP) e Rio de Janeiro, segundo o Cemaden.<\/strong><\/p>\n","protected":false},"excerpt":{"rendered":"<p>H\u00e1 possibilidade de enchentes e ventos de at\u00e9 100 km\/h<\/p>\n","protected":false},"author":1,"featured_media":0,"comment_status":"closed","ping_status":"open","sticky":false,"template":"","format":"standard","meta":{"_exactmetrics_skip_tracking":false,"_exactmetrics_sitenote_active":false,"_exactmetrics_sitenote_note":"","_exactmetrics_sitenote_category":0,"jetpack_post_was_ever_published":false,"_jetpack_newsletter_access":"","_jetpack_dont_email_post_to_subs":false,"_jetpack_newsletter_tier_id":0,"_jetpack_memberships_contains_paywalled_content":false,"_jetpack_memberships_contains_paid_content":false,"footnotes":"","jetpack_publicize_message":"","jetpack_publicize_feature_enabled":true,"jetpack_social_post_already_shared":true,"jetpack_social_options":{"image_generator_settings":{"template":"highway","enabled":false},"version":2}},"categories":[1],"tags":[],"class_list":["post-38163","post","type-post","status-publish","format-standard","hentry","category-notas"],"jetpack_publicize_connections":[],"jetpack_sharing_enabled":true,"jetpack_featured_media_url":"","jetpack_shortlink":"https:\/\/wp.me\/p7wKYW-9Vx","jetpack-related-posts":[],"_links":{"self":[{"href":"http:\/\/blogdalucianaoliveira.com.br\/blog\/wp-json\/wp\/v2\/posts\/38163","targetHints":{"allow":["GET"]}}],"collection":[{"href":"http:\/\/blogdalucianaoliveira.com.br\/blog\/wp-json\/wp\/v2\/posts"}],"about":[{"href":"http:\/\/blogdalucianaoliveira.com.br\/blog\/wp-json\/wp\/v2\/types\/post"}],"author":[{"embeddable":true,"href":"http:\/\/blogdalucianaoliveira.com.br\/blog\/wp-json\/wp\/v2\/users\/1"}],"replies":[{"embeddable":true,"href":"http:\/\/blogdalucianaoliveira.com.br\/blog\/wp-json\/wp\/v2\/comments?post=38163"}],"version-history":[{"count":1,"href":"http:\/\/blogdalucianaoliveira.com.br\/blog\/wp-json\/wp\/v2\/posts\/38163\/revisions"}],"predecessor-version":[{"id":38165,"href":"http:\/\/blogdalucianaoliveira.com.br\/blog\/wp-json\/wp\/v2\/posts\/38163\/revisions\/38165"}],"wp:attachment":[{"href":"http:\/\/blogdalucianaoliveira.com.br\/blog\/wp-json\/wp\/v2\/media?parent=38163"}],"wp:term":[{"taxonomy":"category","embeddable":true,"href":"http:\/\/blogdalucianaoliveira.com.br\/blog\/wp-json\/wp\/v2\/categories?post=38163"},{"taxonomy":"post_tag","embeddable":true,"href":"http:\/\/blogdalucianaoliveira.com.br\/blog\/wp-json\/wp\/v2\/tags?post=38163"}],"curies":[{"name":"wp","href":"https:\/\/api.w.org\/{rel}","templated":true}]}}