{"id":38166,"date":"2026-01-16T22:17:47","date_gmt":"2026-01-17T02:17:47","guid":{"rendered":"https:\/\/blogdalucianaoliveira.com.br\/blog\/?p=38166"},"modified":"2026-01-16T22:17:47","modified_gmt":"2026-01-17T02:17:47","slug":"feminicidio-segue-tragedia-impune","status":"publish","type":"post","link":"http:\/\/blogdalucianaoliveira.com.br\/blog\/2026\/01\/16\/feminicidio-segue-tragedia-impune\/","title":{"rendered":"Feminic\u00eddio segue trag\u00e9dia impune"},"content":{"rendered":"<p><img data-recalc-dims=\"1\" loading=\"lazy\" decoding=\"async\" data-attachment-id=\"38167\" data-permalink=\"http:\/\/blogdalucianaoliveira.com.br\/blog\/2026\/01\/16\/feminicidio-segue-tragedia-impune\/img_4130\/\" data-orig-file=\"https:\/\/i0.wp.com\/blogdalucianaoliveira.com.br\/blog\/wp-content\/uploads\/2026\/01\/IMG_4130.webp?fit=500%2C240\" data-orig-size=\"500,240\" data-comments-opened=\"0\" data-image-meta=\"{&quot;aperture&quot;:&quot;0&quot;,&quot;credit&quot;:&quot;&quot;,&quot;camera&quot;:&quot;&quot;,&quot;caption&quot;:&quot;&quot;,&quot;created_timestamp&quot;:&quot;0&quot;,&quot;copyright&quot;:&quot;&quot;,&quot;focal_length&quot;:&quot;0&quot;,&quot;iso&quot;:&quot;0&quot;,&quot;shutter_speed&quot;:&quot;0&quot;,&quot;title&quot;:&quot;&quot;,&quot;orientation&quot;:&quot;0&quot;}\" data-image-title=\"IMG_4130\" data-image-description=\"\" data-image-caption=\"\" data-medium-file=\"https:\/\/i0.wp.com\/blogdalucianaoliveira.com.br\/blog\/wp-content\/uploads\/2026\/01\/IMG_4130.webp?fit=300%2C144\" data-large-file=\"https:\/\/i0.wp.com\/blogdalucianaoliveira.com.br\/blog\/wp-content\/uploads\/2026\/01\/IMG_4130.webp?fit=500%2C240\" class=\"alignnone size-medium wp-image-38167\" src=\"https:\/\/i0.wp.com\/blogdalucianaoliveira.com.br\/blog\/wp-content\/uploads\/2026\/01\/IMG_4130.webp?resize=300%2C144\" alt=\"\" width=\"300\" height=\"144\" srcset=\"https:\/\/i0.wp.com\/blogdalucianaoliveira.com.br\/blog\/wp-content\/uploads\/2026\/01\/IMG_4130.webp?resize=300%2C144 300w, https:\/\/i0.wp.com\/blogdalucianaoliveira.com.br\/blog\/wp-content\/uploads\/2026\/01\/IMG_4130.webp?w=500 500w\" sizes=\"auto, (max-width: 300px) 100vw, 300px\" \/><\/p>\n<h2 class=\"article__lead\">Quando se trata do fundamental direito \u00e0 vida, a condi\u00e7\u00e3o feminina exibe uma inaceit\u00e1vel rotina de viol\u00eancia, crime e impunidade<\/h2>\n<p><!--more--><\/p>\n<p>247, por Paulo Moreira Leite &#8211; Entre tantas trag\u00e9dias nacionais, o feminic\u00eddio permanece como uma das mais antigas e persistentes.<br \/>\nO dado mais recente, divulgado pelo Minist\u00e9rio da Justi\u00e7a e Seguran\u00e7a P\u00fablica, informa que 1350 mulheres foram assassinadas entre janeiro e novembro de 2025 &#8212; n\u00famero superior a tr\u00eas homic\u00eddios por dia, sem falar em casos de agress\u00e3o e viol\u00eancia que antecipam novos crimes em um futuro pr\u00f3ximo.<\/p>\n<p>Cabe registrar. H\u00e1 d\u00e9cadas que o feminic\u00eddio produz trag\u00e9dias permanentes nas fam\u00edlias do pa\u00eds, num quadro de viol\u00eancia e impunidade incompat\u00edveis com um padr\u00e3o b\u00e1sico de exist\u00eancia civilizada.<\/p>\n<p>H\u00e1 pelo menos 50 anos, quando o pa\u00eds experimentou um avan\u00e7o nos debates sobre os direitos e a prote\u00e7\u00e3o das mulheres, essa trag\u00e9dia deixou o ambiente de dor e segredo das fam\u00edlias para se tornar assunto de conhecimento p\u00fablico, a ser debatido e enfrentado com responsabilidade e coragem.<\/p>\n<div data-cy=\"articleBody\">\n<p>Era poss\u00edvel imaginar que, exposta e debatida em ambientes p\u00fablicos, gerando vergonha e constrangimento em seus respons\u00e1veis, a viol\u00eancia contra as mulheres andasse para tr\u00e1s.<\/p>\n<p>Meio s\u00e9culo mais tarde, \u00e9 poss\u00edvel reconhecer mudan\u00e7as positivas na condi\u00e7\u00e3o social feminina, como direito ao estudo, ao trabalho, a uma vida independente.<\/p>\n<p>Mas os dados objetivos s\u00e3o implac\u00e1veis e devem servir de advert\u00eancia e est\u00edmulo para se combater uma criminalidade vergonhosa e inaceit\u00e1vel. Quando se trata do fundamental direito \u00e0 vida, a condi\u00e7\u00e3o feminina exibe uma inaceit\u00e1vel rotina de viol\u00eancia, crime e impunidade.<\/p>\n<p>Alguma d\u00favida?<\/p>\n<\/div>\n","protected":false},"excerpt":{"rendered":"<p>Quando se trata do fundamental direito \u00e0 vida, a condi\u00e7\u00e3o feminina exibe uma inaceit\u00e1vel rotina de viol\u00eancia, crime e impunidade<\/p>\n","protected":false},"author":1,"featured_media":0,"comment_status":"closed","ping_status":"open","sticky":false,"template":"","format":"standard","meta":{"_exactmetrics_skip_tracking":false,"_exactmetrics_sitenote_active":false,"_exactmetrics_sitenote_note":"","_exactmetrics_sitenote_category":0,"jetpack_post_was_ever_published":false,"_jetpack_newsletter_access":"","_jetpack_dont_email_post_to_subs":false,"_jetpack_newsletter_tier_id":0,"_jetpack_memberships_contains_paywalled_content":false,"_jetpack_memberships_contains_paid_content":false,"footnotes":"","jetpack_publicize_message":"","jetpack_publicize_feature_enabled":true,"jetpack_social_post_already_shared":true,"jetpack_social_options":{"image_generator_settings":{"template":"highway","enabled":false},"version":2}},"categories":[1],"tags":[],"class_list":["post-38166","post","type-post","status-publish","format-standard","hentry","category-notas"],"jetpack_publicize_connections":[],"jetpack_sharing_enabled":true,"jetpack_featured_media_url":"","jetpack_shortlink":"https:\/\/wp.me\/p7wKYW-9VA","jetpack-related-posts":[],"_links":{"self":[{"href":"http:\/\/blogdalucianaoliveira.com.br\/blog\/wp-json\/wp\/v2\/posts\/38166","targetHints":{"allow":["GET"]}}],"collection":[{"href":"http:\/\/blogdalucianaoliveira.com.br\/blog\/wp-json\/wp\/v2\/posts"}],"about":[{"href":"http:\/\/blogdalucianaoliveira.com.br\/blog\/wp-json\/wp\/v2\/types\/post"}],"author":[{"embeddable":true,"href":"http:\/\/blogdalucianaoliveira.com.br\/blog\/wp-json\/wp\/v2\/users\/1"}],"replies":[{"embeddable":true,"href":"http:\/\/blogdalucianaoliveira.com.br\/blog\/wp-json\/wp\/v2\/comments?post=38166"}],"version-history":[{"count":1,"href":"http:\/\/blogdalucianaoliveira.com.br\/blog\/wp-json\/wp\/v2\/posts\/38166\/revisions"}],"predecessor-version":[{"id":38168,"href":"http:\/\/blogdalucianaoliveira.com.br\/blog\/wp-json\/wp\/v2\/posts\/38166\/revisions\/38168"}],"wp:attachment":[{"href":"http:\/\/blogdalucianaoliveira.com.br\/blog\/wp-json\/wp\/v2\/media?parent=38166"}],"wp:term":[{"taxonomy":"category","embeddable":true,"href":"http:\/\/blogdalucianaoliveira.com.br\/blog\/wp-json\/wp\/v2\/categories?post=38166"},{"taxonomy":"post_tag","embeddable":true,"href":"http:\/\/blogdalucianaoliveira.com.br\/blog\/wp-json\/wp\/v2\/tags?post=38166"}],"curies":[{"name":"wp","href":"https:\/\/api.w.org\/{rel}","templated":true}]}}