{"id":38172,"date":"2026-01-16T22:24:19","date_gmt":"2026-01-17T02:24:19","guid":{"rendered":"https:\/\/blogdalucianaoliveira.com.br\/blog\/?p=38172"},"modified":"2026-01-16T22:24:19","modified_gmt":"2026-01-17T02:24:19","slug":"ta-pago-r-150-mil-reforcam-atuacao-dos-agentes-comunitarios-de-saude-em-candeias-do-jamari","status":"publish","type":"post","link":"http:\/\/blogdalucianaoliveira.com.br\/blog\/2026\/01\/16\/ta-pago-r-150-mil-reforcam-atuacao-dos-agentes-comunitarios-de-saude-em-candeias-do-jamari\/","title":{"rendered":"T\u00e1 pago: R$ 150 mil refor\u00e7am atua\u00e7\u00e3o dos agentes comunit\u00e1rios de sa\u00fade em Candeias do Jamari"},"content":{"rendered":"<p><img data-recalc-dims=\"1\" loading=\"lazy\" decoding=\"async\" data-attachment-id=\"38174\" data-permalink=\"http:\/\/blogdalucianaoliveira.com.br\/blog\/2026\/01\/16\/ta-pago-r-150-mil-reforcam-atuacao-dos-agentes-comunitarios-de-saude-em-candeias-do-jamari\/img_4133-2\/\" data-orig-file=\"https:\/\/i0.wp.com\/blogdalucianaoliveira.com.br\/blog\/wp-content\/uploads\/2026\/01\/IMG_4133.jpeg?fit=1035%2C585\" data-orig-size=\"1035,585\" data-comments-opened=\"0\" data-image-meta=\"{&quot;aperture&quot;:&quot;0&quot;,&quot;credit&quot;:&quot;&quot;,&quot;camera&quot;:&quot;&quot;,&quot;caption&quot;:&quot;&quot;,&quot;created_timestamp&quot;:&quot;0&quot;,&quot;copyright&quot;:&quot;&quot;,&quot;focal_length&quot;:&quot;0&quot;,&quot;iso&quot;:&quot;0&quot;,&quot;shutter_speed&quot;:&quot;0&quot;,&quot;title&quot;:&quot;&quot;,&quot;orientation&quot;:&quot;1&quot;}\" data-image-title=\"IMG_4133\" data-image-description=\"\" data-image-caption=\"\" data-medium-file=\"https:\/\/i0.wp.com\/blogdalucianaoliveira.com.br\/blog\/wp-content\/uploads\/2026\/01\/IMG_4133.jpeg?fit=300%2C170\" data-large-file=\"https:\/\/i0.wp.com\/blogdalucianaoliveira.com.br\/blog\/wp-content\/uploads\/2026\/01\/IMG_4133.jpeg?fit=600%2C339\" class=\"alignnone size-medium wp-image-38174\" src=\"https:\/\/i0.wp.com\/blogdalucianaoliveira.com.br\/blog\/wp-content\/uploads\/2026\/01\/IMG_4133.jpeg?resize=300%2C170\" alt=\"\" width=\"300\" height=\"170\" srcset=\"https:\/\/i0.wp.com\/blogdalucianaoliveira.com.br\/blog\/wp-content\/uploads\/2026\/01\/IMG_4133.jpeg?resize=300%2C170 300w, https:\/\/i0.wp.com\/blogdalucianaoliveira.com.br\/blog\/wp-content\/uploads\/2026\/01\/IMG_4133.jpeg?resize=1024%2C579 1024w, https:\/\/i0.wp.com\/blogdalucianaoliveira.com.br\/blog\/wp-content\/uploads\/2026\/01\/IMG_4133.jpeg?resize=768%2C434 768w, https:\/\/i0.wp.com\/blogdalucianaoliveira.com.br\/blog\/wp-content\/uploads\/2026\/01\/IMG_4133.jpeg?resize=531%2C300 531w, https:\/\/i0.wp.com\/blogdalucianaoliveira.com.br\/blog\/wp-content\/uploads\/2026\/01\/IMG_4133.jpeg?w=1035 1035w\" sizes=\"auto, (max-width: 300px) 100vw, 300px\" \/><\/p>\n<p>Repasse assegura melhores condi\u00e7\u00f5es de atendimento \u00e0 popula\u00e7\u00e3o do Distrito Triunfo.<!--more--><\/p>\n<p>O munic\u00edpio de Candeias do Jamari recebeu o repasse de R$ 150 mil, proveniente de emenda parlamentar\u00a0 da Cl\u00e1udia de Jesus (PT). O investimento \u00e9 voltado ao fortalecimento da atua\u00e7\u00e3o dos agentes comunit\u00e1rios de sa\u00fade do Distrito Triunfo, ampliando o suporte \u00e0 aten\u00e7\u00e3o b\u00e1sica no munic\u00edpio.<\/p>\n<p>Ao comentar o repasse, a deputada ressaltou o impacto social da emenda. \u201cInvestir nos agentes comunit\u00e1rios de sa\u00fade \u00e9 investir em cuidado, preven\u00e7\u00e3o e qualidade de vida. Esse recurso chega para fortalecer o atendimento \u00e0s fam\u00edlias do Distrito Triunfo\u201d, afirmou Cl\u00e1udia de Jesus.<\/p>\n","protected":false},"excerpt":{"rendered":"<p>Repasse assegura melhores condi\u00e7\u00f5es de atendimento \u00e0 popula\u00e7\u00e3o do Distrito Triunfo.<\/p>\n","protected":false},"author":1,"featured_media":0,"comment_status":"closed","ping_status":"open","sticky":false,"template":"","format":"standard","meta":{"_exactmetrics_skip_tracking":false,"_exactmetrics_sitenote_active":false,"_exactmetrics_sitenote_note":"","_exactmetrics_sitenote_category":0,"jetpack_post_was_ever_published":false,"_jetpack_newsletter_access":"","_jetpack_dont_email_post_to_subs":false,"_jetpack_newsletter_tier_id":0,"_jetpack_memberships_contains_paywalled_content":false,"_jetpack_memberships_contains_paid_content":false,"footnotes":"","jetpack_publicize_message":"","jetpack_publicize_feature_enabled":true,"jetpack_social_post_already_shared":true,"jetpack_social_options":{"image_generator_settings":{"template":"highway","enabled":false},"version":2}},"categories":[1],"tags":[1608,1429],"class_list":["post-38172","post","type-post","status-publish","format-standard","hentry","category-notas","tag-candeias","tag-deputada-claudia-de-jesus"],"jetpack_publicize_connections":[],"jetpack_sharing_enabled":true,"jetpack_featured_media_url":"","jetpack_shortlink":"https:\/\/wp.me\/p7wKYW-9VG","jetpack-related-posts":[],"_links":{"self":[{"href":"http:\/\/blogdalucianaoliveira.com.br\/blog\/wp-json\/wp\/v2\/posts\/38172","targetHints":{"allow":["GET"]}}],"collection":[{"href":"http:\/\/blogdalucianaoliveira.com.br\/blog\/wp-json\/wp\/v2\/posts"}],"about":[{"href":"http:\/\/blogdalucianaoliveira.com.br\/blog\/wp-json\/wp\/v2\/types\/post"}],"author":[{"embeddable":true,"href":"http:\/\/blogdalucianaoliveira.com.br\/blog\/wp-json\/wp\/v2\/users\/1"}],"replies":[{"embeddable":true,"href":"http:\/\/blogdalucianaoliveira.com.br\/blog\/wp-json\/wp\/v2\/comments?post=38172"}],"version-history":[{"count":1,"href":"http:\/\/blogdalucianaoliveira.com.br\/blog\/wp-json\/wp\/v2\/posts\/38172\/revisions"}],"predecessor-version":[{"id":38175,"href":"http:\/\/blogdalucianaoliveira.com.br\/blog\/wp-json\/wp\/v2\/posts\/38172\/revisions\/38175"}],"wp:attachment":[{"href":"http:\/\/blogdalucianaoliveira.com.br\/blog\/wp-json\/wp\/v2\/media?parent=38172"}],"wp:term":[{"taxonomy":"category","embeddable":true,"href":"http:\/\/blogdalucianaoliveira.com.br\/blog\/wp-json\/wp\/v2\/categories?post=38172"},{"taxonomy":"post_tag","embeddable":true,"href":"http:\/\/blogdalucianaoliveira.com.br\/blog\/wp-json\/wp\/v2\/tags?post=38172"}],"curies":[{"name":"wp","href":"https:\/\/api.w.org\/{rel}","templated":true}]}}