{"id":38177,"date":"2026-01-17T12:57:55","date_gmt":"2026-01-17T16:57:55","guid":{"rendered":"https:\/\/blogdalucianaoliveira.com.br\/blog\/?p=38177"},"modified":"2026-01-17T12:57:55","modified_gmt":"2026-01-17T16:57:55","slug":"baile-municipal-abre-oficialmente-o-carnaval-na-capital","status":"publish","type":"post","link":"http:\/\/blogdalucianaoliveira.com.br\/blog\/2026\/01\/17\/baile-municipal-abre-oficialmente-o-carnaval-na-capital\/","title":{"rendered":"Baile Municipal abre oficialmente o Carnaval na capital"},"content":{"rendered":"<p><img data-recalc-dims=\"1\" loading=\"lazy\" decoding=\"async\" data-attachment-id=\"38178\" data-permalink=\"http:\/\/blogdalucianaoliveira.com.br\/blog\/2026\/01\/17\/baile-municipal-abre-oficialmente-o-carnaval-na-capital\/img_4141\/\" data-orig-file=\"https:\/\/i0.wp.com\/blogdalucianaoliveira.com.br\/blog\/wp-content\/uploads\/2026\/01\/IMG_4141.jpeg?fit=1600%2C1067\" data-orig-size=\"1600,1067\" data-comments-opened=\"0\" data-image-meta=\"{&quot;aperture&quot;:&quot;0&quot;,&quot;credit&quot;:&quot;&quot;,&quot;camera&quot;:&quot;&quot;,&quot;caption&quot;:&quot;&quot;,&quot;created_timestamp&quot;:&quot;0&quot;,&quot;copyright&quot;:&quot;&quot;,&quot;focal_length&quot;:&quot;0&quot;,&quot;iso&quot;:&quot;0&quot;,&quot;shutter_speed&quot;:&quot;0&quot;,&quot;title&quot;:&quot;&quot;,&quot;orientation&quot;:&quot;0&quot;}\" data-image-title=\"IMG_4141\" data-image-description=\"\" data-image-caption=\"\" data-medium-file=\"https:\/\/i0.wp.com\/blogdalucianaoliveira.com.br\/blog\/wp-content\/uploads\/2026\/01\/IMG_4141.jpeg?fit=300%2C200\" data-large-file=\"https:\/\/i0.wp.com\/blogdalucianaoliveira.com.br\/blog\/wp-content\/uploads\/2026\/01\/IMG_4141.jpeg?fit=600%2C400\" class=\"alignnone size-medium wp-image-38178\" src=\"https:\/\/i0.wp.com\/blogdalucianaoliveira.com.br\/blog\/wp-content\/uploads\/2026\/01\/IMG_4141.jpeg?resize=300%2C200\" alt=\"\" width=\"300\" height=\"200\" srcset=\"https:\/\/i0.wp.com\/blogdalucianaoliveira.com.br\/blog\/wp-content\/uploads\/2026\/01\/IMG_4141.jpeg?resize=300%2C200 300w, https:\/\/i0.wp.com\/blogdalucianaoliveira.com.br\/blog\/wp-content\/uploads\/2026\/01\/IMG_4141.jpeg?resize=1024%2C683 1024w, https:\/\/i0.wp.com\/blogdalucianaoliveira.com.br\/blog\/wp-content\/uploads\/2026\/01\/IMG_4141.jpeg?resize=768%2C512 768w, https:\/\/i0.wp.com\/blogdalucianaoliveira.com.br\/blog\/wp-content\/uploads\/2026\/01\/IMG_4141.jpeg?resize=1536%2C1024 1536w, https:\/\/i0.wp.com\/blogdalucianaoliveira.com.br\/blog\/wp-content\/uploads\/2026\/01\/IMG_4141.jpeg?resize=450%2C300 450w, https:\/\/i0.wp.com\/blogdalucianaoliveira.com.br\/blog\/wp-content\/uploads\/2026\/01\/IMG_4141.jpeg?w=1600 1600w, https:\/\/i0.wp.com\/blogdalucianaoliveira.com.br\/blog\/wp-content\/uploads\/2026\/01\/IMG_4141.jpeg?w=1200 1200w\" sizes=\"auto, (max-width: 300px) 100vw, 300px\" \/><\/p>\n<p>Respons\u00e1vel por abrir oficialmente as festividades carnavalescas em Porto Velho, o Baile Municipal j\u00e1 tem data marcada: 31 de janeiro, nas depend\u00eancias do hist\u00f3rico Mercado Cultural, no centro da capital.<!--more--><\/p>\n<p>Promovido pela Prefeitura de Porto Velho, o evento re\u00fane algumas das mais tradicionais express\u00f5es do per\u00edodo momesco, com passistas de blocos e escolas de samba, bonecos aleg\u00f3ricos, adere\u00e7os carnavalescos e a tradicional apresenta\u00e7\u00e3o da corte do Rei Momo, que simbolicamente recebe a chave da cidade.<\/p>\n<p>A programa\u00e7\u00e3o tem in\u00edcio \u00e0s 17h30, com a abertura oficial ao som do DJ M\u00e1rio Henrique, que retorna aos comandos tamb\u00e9m em breves interven\u00e7\u00f5es ao longo da noite. Das 18h \u00e0s 20h, o p\u00fablico poder\u00e1 acompanhar a apresenta\u00e7\u00e3o do tradicional Bloco Pirarucu do Madeira, mantendo viva a ess\u00eancia das marchinhas carnavalescas.<\/p>\n<p><strong><small>Dentro da programa\u00e7\u00e3o ocorrer\u00e1 a solenidade oficial com a apresenta\u00e7\u00e3o da Corte do Rei Momo<\/small><\/strong><\/p>\n<p>Na sequ\u00eancia, das 20h \u00e0s 20h35, ocorre a solenidade oficial com a apresenta\u00e7\u00e3o da Corte do Rei Momo, momento simb\u00f3lico que marca oficialmente o in\u00edcio do Carnaval na capital. Logo ap\u00f3s, das 20h40 \u00e0s 20h50, o DJ M\u00e1rio Henrique reassume o som para manter a anima\u00e7\u00e3o do p\u00fablico.<\/p>\n<p>A festa segue das 20h50 \u00e0s 22h50 com a apresenta\u00e7\u00e3o da Banda do Vai Quem Quer, um dos \u00edcones do Carnaval porto-velhense. Em seguida, das 22h50 \u00e0s 23h, o DJ Leylson comanda a transi\u00e7\u00e3o musical, preparando o p\u00fablico para a reta final da noite. Das 23h \u00e0 1h, quem sobe ao palco \u00e9 Juninho Al\u00ea, e o encerramento do evento fica novamente sob responsabilidade do DJ Leylson.<\/p>\n<p>\u201cPor determina\u00e7\u00e3o do prefeito L\u00e9o Moraes, vamos oferecer \u00e0 popula\u00e7\u00e3o um evento festivo, acess\u00edvel e bem organizado, com atra\u00e7\u00f5es que valorizam as tradi\u00e7\u00f5es carnavalescas, dando in\u00edcio a esse per\u00edodo do ano t\u00e3o aguardado por uma parcela significativa da popula\u00e7\u00e3o\u201d, destacou Ferreirinha, presidente da Funcultural.<\/p>\n<p>Muito al\u00e9m da divers\u00e3o, o Baile Municipal fomenta a produ\u00e7\u00e3o art\u00edstica local e reafirma o compromisso com a valoriza\u00e7\u00e3o da cultura porto-velhense, abrindo oficialmente o Carnaval com identidade, organiza\u00e7\u00e3o e respeito \u00e0s tradi\u00e7\u00f5es.<\/p>\n","protected":false},"excerpt":{"rendered":"<p>Respons\u00e1vel por abrir oficialmente as festividades carnavalescas em Porto Velho, o Baile Municipal j\u00e1 tem data marcada: 31 de janeiro, nas depend\u00eancias do hist\u00f3rico Mercado Cultural, no centro da capital.<\/p>\n","protected":false},"author":1,"featured_media":0,"comment_status":"closed","ping_status":"open","sticky":false,"template":"","format":"standard","meta":{"_exactmetrics_skip_tracking":false,"_exactmetrics_sitenote_active":false,"_exactmetrics_sitenote_note":"","_exactmetrics_sitenote_category":0,"jetpack_post_was_ever_published":false,"_jetpack_newsletter_access":"","_jetpack_dont_email_post_to_subs":false,"_jetpack_newsletter_tier_id":0,"_jetpack_memberships_contains_paywalled_content":false,"_jetpack_memberships_contains_paid_content":false,"footnotes":"","jetpack_publicize_message":"","jetpack_publicize_feature_enabled":true,"jetpack_social_post_already_shared":true,"jetpack_social_options":{"image_generator_settings":{"template":"highway","enabled":false},"version":2}},"categories":[1],"tags":[],"class_list":["post-38177","post","type-post","status-publish","format-standard","hentry","category-notas"],"jetpack_publicize_connections":[],"jetpack_sharing_enabled":true,"jetpack_featured_media_url":"","jetpack_shortlink":"https:\/\/wp.me\/p7wKYW-9VL","jetpack-related-posts":[],"_links":{"self":[{"href":"http:\/\/blogdalucianaoliveira.com.br\/blog\/wp-json\/wp\/v2\/posts\/38177","targetHints":{"allow":["GET"]}}],"collection":[{"href":"http:\/\/blogdalucianaoliveira.com.br\/blog\/wp-json\/wp\/v2\/posts"}],"about":[{"href":"http:\/\/blogdalucianaoliveira.com.br\/blog\/wp-json\/wp\/v2\/types\/post"}],"author":[{"embeddable":true,"href":"http:\/\/blogdalucianaoliveira.com.br\/blog\/wp-json\/wp\/v2\/users\/1"}],"replies":[{"embeddable":true,"href":"http:\/\/blogdalucianaoliveira.com.br\/blog\/wp-json\/wp\/v2\/comments?post=38177"}],"version-history":[{"count":1,"href":"http:\/\/blogdalucianaoliveira.com.br\/blog\/wp-json\/wp\/v2\/posts\/38177\/revisions"}],"predecessor-version":[{"id":38179,"href":"http:\/\/blogdalucianaoliveira.com.br\/blog\/wp-json\/wp\/v2\/posts\/38177\/revisions\/38179"}],"wp:attachment":[{"href":"http:\/\/blogdalucianaoliveira.com.br\/blog\/wp-json\/wp\/v2\/media?parent=38177"}],"wp:term":[{"taxonomy":"category","embeddable":true,"href":"http:\/\/blogdalucianaoliveira.com.br\/blog\/wp-json\/wp\/v2\/categories?post=38177"},{"taxonomy":"post_tag","embeddable":true,"href":"http:\/\/blogdalucianaoliveira.com.br\/blog\/wp-json\/wp\/v2\/tags?post=38177"}],"curies":[{"name":"wp","href":"https:\/\/api.w.org\/{rel}","templated":true}]}}