{"id":38180,"date":"2026-01-19T10:02:36","date_gmt":"2026-01-19T14:02:36","guid":{"rendered":"https:\/\/blogdalucianaoliveira.com.br\/blog\/?p=38180"},"modified":"2026-01-19T10:02:36","modified_gmt":"2026-01-19T14:02:36","slug":"pt-foi-o-partido-que-mais-cresceu-no-brasil-em-2025","status":"publish","type":"post","link":"http:\/\/blogdalucianaoliveira.com.br\/blog\/2026\/01\/19\/pt-foi-o-partido-que-mais-cresceu-no-brasil-em-2025\/","title":{"rendered":"PT foi o partido que mais cresceu no Brasil em 2025"},"content":{"rendered":"<p style=\"padding-left: 40px;\"><img data-recalc-dims=\"1\" loading=\"lazy\" decoding=\"async\" data-attachment-id=\"38181\" data-permalink=\"http:\/\/blogdalucianaoliveira.com.br\/blog\/2026\/01\/19\/pt-foi-o-partido-que-mais-cresceu-no-brasil-em-2025\/img_4228-2\/\" data-orig-file=\"https:\/\/i0.wp.com\/blogdalucianaoliveira.com.br\/blog\/wp-content\/uploads\/2026\/01\/IMG_4228.webp?fit=500%2C240\" data-orig-size=\"500,240\" data-comments-opened=\"0\" data-image-meta=\"{&quot;aperture&quot;:&quot;0&quot;,&quot;credit&quot;:&quot;&quot;,&quot;camera&quot;:&quot;&quot;,&quot;caption&quot;:&quot;&quot;,&quot;created_timestamp&quot;:&quot;0&quot;,&quot;copyright&quot;:&quot;&quot;,&quot;focal_length&quot;:&quot;0&quot;,&quot;iso&quot;:&quot;0&quot;,&quot;shutter_speed&quot;:&quot;0&quot;,&quot;title&quot;:&quot;&quot;,&quot;orientation&quot;:&quot;0&quot;}\" data-image-title=\"IMG_4228\" data-image-description=\"\" data-image-caption=\"\" data-medium-file=\"https:\/\/i0.wp.com\/blogdalucianaoliveira.com.br\/blog\/wp-content\/uploads\/2026\/01\/IMG_4228.webp?fit=300%2C144\" data-large-file=\"https:\/\/i0.wp.com\/blogdalucianaoliveira.com.br\/blog\/wp-content\/uploads\/2026\/01\/IMG_4228.webp?fit=500%2C240\" class=\"alignnone size-medium wp-image-38181\" src=\"https:\/\/i0.wp.com\/blogdalucianaoliveira.com.br\/blog\/wp-content\/uploads\/2026\/01\/IMG_4228.webp?resize=300%2C144\" alt=\"\" width=\"300\" height=\"144\" srcset=\"https:\/\/i0.wp.com\/blogdalucianaoliveira.com.br\/blog\/wp-content\/uploads\/2026\/01\/IMG_4228.webp?resize=300%2C144 300w, https:\/\/i0.wp.com\/blogdalucianaoliveira.com.br\/blog\/wp-content\/uploads\/2026\/01\/IMG_4228.webp?w=500 500w\" sizes=\"auto, (max-width: 300px) 100vw, 300px\" \/><\/p>\n<h2 class=\"article__lead\">O PL, de Jair Bolsonaro, encolheu, registrando 4.974 pessoas que se desfiliaram, de acordo com dados da Justi\u00e7a Eleitoral<\/h2>\n<p><!--more--><b>247 &#8211; <\/b>O PT foi a sigla que teve o melhor desempenho dentre todas as legendas do Brasil, com crescimento de novos filiados do in\u00edcio de 2025 at\u00e9 dezembro do ano passado, aumentando em 24,6 mil o n\u00famero de novos inscritos, de acordo com levantamento da Justi\u00e7a Eleitoral, enquanto quase todos os outros partidos encolheram. Com o aumento dos novos registros, o PT conta com 1,67 milh\u00e3o de filiados, consolidando-se como o maior partido de esquerda da Am\u00e9rica Latina. O PL de Jair Bolsonaro, inclusive, foi uma das legendas que encolheram, registrando 4.974 pessoas que se desfiliaram.<\/p>\n<p>\u201cEnquanto muitos partidos perdem filiados e se afastam da realidade das pessoas, o PT segue crescendo e lidera o n\u00famero de novas filia\u00e7\u00f5es. Esse crescimento n\u00e3o acontece por acaso, ele \u00e9 fruto de trabalho permanente de presen\u00e7a nos territ\u00f3rios, da defesa da democracia e de um compromisso hist\u00f3rico com os que mais precisam: as trabalhadoras e os trabalhadores brasileiros\u201d, destacou o secret\u00e1rio de Comunica\u00e7\u00e3o do partido, \u00c9den Valadares, por meio de suas redes sociais.<br \/>\nO dirigente petista real\u00e7ou que as novas ades\u00f5es ao Partido dos Trabalhadores demonstram a confian\u00e7a da popula\u00e7\u00e3o brasileira no projeto pol\u00edtico da sigla, na sua incans\u00e1vel busca pela melhoria da qualidade de vida da popula\u00e7\u00e3o e no empenho em promover o crescimento sustent\u00e1vel do pa\u00eds. \u201cJusti\u00e7a social n\u00e3o \u00e9 discurso, \u00e9 pr\u00e1tica pol\u00edtica para n\u00f3s. Por aqui, seguimos fortalecendo a luta ao lado do presidente Lula para construir todos os dias um Brasil mais justo, solid\u00e1rio e democr\u00e1tico\u201d, concluiu o secret\u00e1rio de Comunica\u00e7\u00e3o do PT.<\/p>\n","protected":false},"excerpt":{"rendered":"<p>O PL, de Jair Bolsonaro, encolheu, registrando 4.974 pessoas que se desfiliaram, de acordo com dados da Justi\u00e7a Eleitoral<\/p>\n","protected":false},"author":1,"featured_media":0,"comment_status":"closed","ping_status":"open","sticky":false,"template":"","format":"standard","meta":{"_exactmetrics_skip_tracking":false,"_exactmetrics_sitenote_active":false,"_exactmetrics_sitenote_note":"","_exactmetrics_sitenote_category":0,"jetpack_post_was_ever_published":false,"_jetpack_newsletter_access":"","_jetpack_dont_email_post_to_subs":false,"_jetpack_newsletter_tier_id":0,"_jetpack_memberships_contains_paywalled_content":false,"_jetpack_memberships_contains_paid_content":false,"footnotes":"","jetpack_publicize_message":"","jetpack_publicize_feature_enabled":true,"jetpack_social_post_already_shared":true,"jetpack_social_options":{"image_generator_settings":{"template":"highway","enabled":false},"version":2}},"categories":[1],"tags":[],"class_list":["post-38180","post","type-post","status-publish","format-standard","hentry","category-notas"],"jetpack_publicize_connections":[],"jetpack_sharing_enabled":true,"jetpack_featured_media_url":"","jetpack_shortlink":"https:\/\/wp.me\/p7wKYW-9VO","jetpack-related-posts":[],"_links":{"self":[{"href":"http:\/\/blogdalucianaoliveira.com.br\/blog\/wp-json\/wp\/v2\/posts\/38180","targetHints":{"allow":["GET"]}}],"collection":[{"href":"http:\/\/blogdalucianaoliveira.com.br\/blog\/wp-json\/wp\/v2\/posts"}],"about":[{"href":"http:\/\/blogdalucianaoliveira.com.br\/blog\/wp-json\/wp\/v2\/types\/post"}],"author":[{"embeddable":true,"href":"http:\/\/blogdalucianaoliveira.com.br\/blog\/wp-json\/wp\/v2\/users\/1"}],"replies":[{"embeddable":true,"href":"http:\/\/blogdalucianaoliveira.com.br\/blog\/wp-json\/wp\/v2\/comments?post=38180"}],"version-history":[{"count":1,"href":"http:\/\/blogdalucianaoliveira.com.br\/blog\/wp-json\/wp\/v2\/posts\/38180\/revisions"}],"predecessor-version":[{"id":38182,"href":"http:\/\/blogdalucianaoliveira.com.br\/blog\/wp-json\/wp\/v2\/posts\/38180\/revisions\/38182"}],"wp:attachment":[{"href":"http:\/\/blogdalucianaoliveira.com.br\/blog\/wp-json\/wp\/v2\/media?parent=38180"}],"wp:term":[{"taxonomy":"category","embeddable":true,"href":"http:\/\/blogdalucianaoliveira.com.br\/blog\/wp-json\/wp\/v2\/categories?post=38180"},{"taxonomy":"post_tag","embeddable":true,"href":"http:\/\/blogdalucianaoliveira.com.br\/blog\/wp-json\/wp\/v2\/tags?post=38180"}],"curies":[{"name":"wp","href":"https:\/\/api.w.org\/{rel}","templated":true}]}}