{"id":38183,"date":"2026-01-19T12:29:53","date_gmt":"2026-01-19T16:29:53","guid":{"rendered":"https:\/\/blogdalucianaoliveira.com.br\/blog\/?p=38183"},"modified":"2026-01-19T12:29:53","modified_gmt":"2026-01-19T16:29:53","slug":"juiz-condena-advogado-a-pagar-r-50-mil-por-racismo-a-indigenas-no-pa","status":"publish","type":"post","link":"http:\/\/blogdalucianaoliveira.com.br\/blog\/2026\/01\/19\/juiz-condena-advogado-a-pagar-r-50-mil-por-racismo-a-indigenas-no-pa\/","title":{"rendered":"Juiz condena advogado a pagar R$ 50 mil por racismo a ind\u00edgenas no PA"},"content":{"rendered":"<p><img data-recalc-dims=\"1\" loading=\"lazy\" decoding=\"async\" data-attachment-id=\"38184\" data-permalink=\"http:\/\/blogdalucianaoliveira.com.br\/blog\/2026\/01\/19\/juiz-condena-advogado-a-pagar-r-50-mil-por-racismo-a-indigenas-no-pa\/img_4230-2\/\" data-orig-file=\"https:\/\/i0.wp.com\/blogdalucianaoliveira.com.br\/blog\/wp-content\/uploads\/2026\/01\/IMG_4230.webp?fit=878%2C498\" data-orig-size=\"878,498\" data-comments-opened=\"0\" data-image-meta=\"{&quot;aperture&quot;:&quot;0&quot;,&quot;credit&quot;:&quot;&quot;,&quot;camera&quot;:&quot;&quot;,&quot;caption&quot;:&quot;&quot;,&quot;created_timestamp&quot;:&quot;0&quot;,&quot;copyright&quot;:&quot;&quot;,&quot;focal_length&quot;:&quot;0&quot;,&quot;iso&quot;:&quot;0&quot;,&quot;shutter_speed&quot;:&quot;0&quot;,&quot;title&quot;:&quot;&quot;,&quot;orientation&quot;:&quot;0&quot;}\" data-image-title=\"IMG_4230\" data-image-description=\"\" data-image-caption=\"\" data-medium-file=\"https:\/\/i0.wp.com\/blogdalucianaoliveira.com.br\/blog\/wp-content\/uploads\/2026\/01\/IMG_4230.webp?fit=300%2C170\" data-large-file=\"https:\/\/i0.wp.com\/blogdalucianaoliveira.com.br\/blog\/wp-content\/uploads\/2026\/01\/IMG_4230.webp?fit=600%2C340\" class=\"alignnone size-medium wp-image-38184\" src=\"https:\/\/i0.wp.com\/blogdalucianaoliveira.com.br\/blog\/wp-content\/uploads\/2026\/01\/IMG_4230.webp?resize=300%2C170\" alt=\"\" width=\"300\" height=\"170\" srcset=\"https:\/\/i0.wp.com\/blogdalucianaoliveira.com.br\/blog\/wp-content\/uploads\/2026\/01\/IMG_4230.webp?resize=300%2C170 300w, https:\/\/i0.wp.com\/blogdalucianaoliveira.com.br\/blog\/wp-content\/uploads\/2026\/01\/IMG_4230.webp?resize=768%2C436 768w, https:\/\/i0.wp.com\/blogdalucianaoliveira.com.br\/blog\/wp-content\/uploads\/2026\/01\/IMG_4230.webp?resize=529%2C300 529w, https:\/\/i0.wp.com\/blogdalucianaoliveira.com.br\/blog\/wp-content\/uploads\/2026\/01\/IMG_4230.webp?w=878 878w\" sizes=\"auto, (max-width: 300px) 100vw, 300px\" \/><\/p>\n<p><strong>Migalhas<\/strong> &#8211; A Justi\u00e7a Federal condenou um advogado ao pagamento de R$ 50 mil por danos morais coletivos em raz\u00e3o de atos de racismo e discurso de \u00f3dio dirigidos a lideran\u00e7as ind\u00edgenas da Coiab &#8211; Coordena\u00e7\u00e3o das Organiza\u00e7\u00f5es Ind\u00edgenas da Amaz\u00f4nia Brasileira, em epis\u00f3dio ocorrido em Santar\u00e9m\/PA.<!--more--><br \/>\nA senten\u00e7a, assinada pelo juiz Federal Nicolas Gabry da Silveira, acolheu pedidos apresentados pelo Minist\u00e9rio P\u00fablico Federal.<\/p>\n<p>Conforme narrado na a\u00e7\u00e3o, o caso ocorreu em 21\/8\/22, quando cerca de 20 lideran\u00e7as ind\u00edgenas almo\u00e7avam em uma churrascaria ap\u00f3s participa\u00e7\u00e3o em evento na regi\u00e3o.<br \/>\nO advogado teria se aproximado da mesa e, de forma agressiva, questionado a identidade \u00e9tnica do grupo, al\u00e9m de proferir ofensas.<\/p>\n<p>Ainda segundo a acusa\u00e7\u00e3o, ao ser confrontado, o r\u00e9u teria afirmado estar armado e disposto a usar for\u00e7a, alegando sentir-se amea\u00e7ado pela presen\u00e7a dos ind\u00edgenas.<br \/>\nA situa\u00e7\u00e3o teria provocado constrangimento p\u00fablico, inclusive com risos de outros frequentadores do local.<br \/>\nO procurador-chefe do MPF no Par\u00e1, que estava presente, teria tentado intervir e solicitado que o advogado se retirasse, mas as ofensas continuaram.<\/p>\n<p>O epis\u00f3dio gerou temor e levou o grupo a interromper a refei\u00e7\u00e3o e permanecer no hotel at\u00e9 o momento do deslocamento ao aeroporto.<br \/>\nRelatos indicam que as v\u00edtimas se sentiram humilhadas e amea\u00e7adas, e uma das lideran\u00e7as mencionou inseguran\u00e7a em usar adere\u00e7os culturais em espa\u00e7os p\u00fablicos ap\u00f3s o ocorrido.<br \/>\nDecis\u00e3o<br \/>\nNa senten\u00e7a, o juiz afastou a alega\u00e7\u00e3o defensiva de que as falas teriam sido feitas em tom de \u201cbrincadeira\u201d. Para o magistrado, o contexto do epis\u00f3dio evidencia o conte\u00fado discriminat\u00f3rio das manifesta\u00e7\u00f5es, j\u00e1 que o r\u00e9u exp\u00f4s, em ambiente p\u00fablico, estere\u00f3tipos ofensivos capazes de atingir n\u00e3o apenas as v\u00edtimas diretamente envolvidas, mas toda a coletividade ind\u00edgena.<br \/>\nO juiz apontou que ficou caracterizada a ofensa \u00e0 honra objetiva e \u00e0 dignidade dos povos ind\u00edgenas. Conforme registrado na decis\u00e3o, foi comprovado que o advogado questionou a identidade \u00e9tnica das lideran\u00e7as, proferiu express\u00f5es depreciativas e ainda teria amea\u00e7ado usar for\u00e7a armada, gerando situa\u00e7\u00e3o de constrangimento p\u00fablico diante dos demais frequentadores do estabelecimento.<br \/>\nAo analisar o caso, o magistrado ressaltou que a liberdade de express\u00e3o, embora seja direito fundamental, n\u00e3o possui car\u00e1ter absoluto e encontra limites na prote\u00e7\u00e3o da dignidade da pessoa humana e no rep\u00fadio constitucional ao racismo.<\/p>\n<p>A senten\u00e7a tamb\u00e9m mencionou a Conven\u00e7\u00e3o Americana sobre Direitos Humanos para refor\u00e7ar que n\u00e3o se encontra amparada pela liberdade de manifesta\u00e7\u00e3o qualquer apologia ao \u00f3dio racial que incite discrimina\u00e7\u00e3o, hostilidade ou viol\u00eancia.<br \/>\nPara o juiz, a reprovabilidade dos fatos se agrava diante da condi\u00e7\u00e3o profissional do r\u00e9u, que atua como advogado e, portanto, deve manter conduta compat\u00edvel com o respeito aos direitos humanos, \u00e0 cidadania e \u00e0 moralidade.<br \/>\nA decis\u00e3o reconheceu a exist\u00eancia de dano moral coletivo, dispensando a necessidade de comprova\u00e7\u00e3o de preju\u00edzo individual espec\u00edfico. A indeniza\u00e7\u00e3o foi fixada em R$ 50 mil, com destina\u00e7\u00e3o ao Fundo de Defesa de Direitos Difusos.<\/p>\n<p>Na fundamenta\u00e7\u00e3o, o magistrado considerou que o montante \u00e9 proporcional e suficiente diante das circunst\u00e2ncias do caso, levando em conta a gravidade da conduta, o car\u00e1ter punitivo e pedag\u00f3gico da condena\u00e7\u00e3o e a profiss\u00e3o exercida pelo r\u00e9u. O MPF avalia a possibilidade de recorrer para pedir aumento do valor fixado.<br \/>\nAl\u00e9m da condena\u00e7\u00e3o na esfera c\u00edvel, o advogado responde a a\u00e7\u00e3o penal proposta pelo MPF em 2023, por supostamente praticar, induzir e incitar discrimina\u00e7\u00e3o, condutas previstas na lei 7.716\/89. A pena pode chegar a cinco anos de reclus\u00e3o. Na esfera criminal, o MPF tamb\u00e9m pede indeniza\u00e7\u00e3o de R$ 150 mil.<br \/>\nProcesso:\u00a01012745-21.2024.4.01.3902<br \/>\nInforma\u00e7\u00f5es: MPF.<\/p>\n<p>&nbsp;<\/p>\n","protected":false},"excerpt":{"rendered":"<p>Migalhas &#8211; A Justi\u00e7a Federal condenou um advogado ao pagamento de R$ 50 mil por danos morais coletivos em raz\u00e3o de atos de racismo e discurso de \u00f3dio dirigidos a lideran\u00e7as ind\u00edgenas da Coiab &#8211; Coordena\u00e7\u00e3o das Organiza\u00e7\u00f5es Ind\u00edgenas da Amaz\u00f4nia Brasileira, em epis\u00f3dio ocorrido em Santar\u00e9m\/PA.<\/p>\n","protected":false},"author":1,"featured_media":0,"comment_status":"closed","ping_status":"open","sticky":false,"template":"","format":"standard","meta":{"_exactmetrics_skip_tracking":false,"_exactmetrics_sitenote_active":false,"_exactmetrics_sitenote_note":"","_exactmetrics_sitenote_category":0,"jetpack_post_was_ever_published":false,"_jetpack_newsletter_access":"","_jetpack_dont_email_post_to_subs":false,"_jetpack_newsletter_tier_id":0,"_jetpack_memberships_contains_paywalled_content":false,"_jetpack_memberships_contains_paid_content":false,"footnotes":"","jetpack_publicize_message":"","jetpack_publicize_feature_enabled":true,"jetpack_social_post_already_shared":true,"jetpack_social_options":{"image_generator_settings":{"template":"highway","enabled":false},"version":2}},"categories":[1],"tags":[],"class_list":["post-38183","post","type-post","status-publish","format-standard","hentry","category-notas"],"jetpack_publicize_connections":[],"jetpack_sharing_enabled":true,"jetpack_featured_media_url":"","jetpack_shortlink":"https:\/\/wp.me\/p7wKYW-9VR","jetpack-related-posts":[],"_links":{"self":[{"href":"http:\/\/blogdalucianaoliveira.com.br\/blog\/wp-json\/wp\/v2\/posts\/38183","targetHints":{"allow":["GET"]}}],"collection":[{"href":"http:\/\/blogdalucianaoliveira.com.br\/blog\/wp-json\/wp\/v2\/posts"}],"about":[{"href":"http:\/\/blogdalucianaoliveira.com.br\/blog\/wp-json\/wp\/v2\/types\/post"}],"author":[{"embeddable":true,"href":"http:\/\/blogdalucianaoliveira.com.br\/blog\/wp-json\/wp\/v2\/users\/1"}],"replies":[{"embeddable":true,"href":"http:\/\/blogdalucianaoliveira.com.br\/blog\/wp-json\/wp\/v2\/comments?post=38183"}],"version-history":[{"count":1,"href":"http:\/\/blogdalucianaoliveira.com.br\/blog\/wp-json\/wp\/v2\/posts\/38183\/revisions"}],"predecessor-version":[{"id":38185,"href":"http:\/\/blogdalucianaoliveira.com.br\/blog\/wp-json\/wp\/v2\/posts\/38183\/revisions\/38185"}],"wp:attachment":[{"href":"http:\/\/blogdalucianaoliveira.com.br\/blog\/wp-json\/wp\/v2\/media?parent=38183"}],"wp:term":[{"taxonomy":"category","embeddable":true,"href":"http:\/\/blogdalucianaoliveira.com.br\/blog\/wp-json\/wp\/v2\/categories?post=38183"},{"taxonomy":"post_tag","embeddable":true,"href":"http:\/\/blogdalucianaoliveira.com.br\/blog\/wp-json\/wp\/v2\/tags?post=38183"}],"curies":[{"name":"wp","href":"https:\/\/api.w.org\/{rel}","templated":true}]}}