{"id":38186,"date":"2026-01-19T16:37:37","date_gmt":"2026-01-19T20:37:37","guid":{"rendered":"https:\/\/blogdalucianaoliveira.com.br\/blog\/?p=38186"},"modified":"2026-01-19T16:37:37","modified_gmt":"2026-01-19T20:37:37","slug":"os-12-mais-ricos-do-mundo-concentram-mais-riqueza-que-os-4-bilhoes-mais-pobres-brasil-lidera-desigualdade-na-america-latina","status":"publish","type":"post","link":"http:\/\/blogdalucianaoliveira.com.br\/blog\/2026\/01\/19\/os-12-mais-ricos-do-mundo-concentram-mais-riqueza-que-os-4-bilhoes-mais-pobres-brasil-lidera-desigualdade-na-america-latina\/","title":{"rendered":"Os 12 mais ricos do mundo concentram mais riqueza que os 4 bilh\u00f5es mais pobres; Brasil lidera desigualdade na Am\u00e9rica Latina"},"content":{"rendered":"<p><img data-recalc-dims=\"1\" loading=\"lazy\" decoding=\"async\" data-attachment-id=\"38187\" data-permalink=\"http:\/\/blogdalucianaoliveira.com.br\/blog\/2026\/01\/19\/os-12-mais-ricos-do-mundo-concentram-mais-riqueza-que-os-4-bilhoes-mais-pobres-brasil-lidera-desigualdade-na-america-latina\/img_4234\/\" data-orig-file=\"https:\/\/i0.wp.com\/blogdalucianaoliveira.com.br\/blog\/wp-content\/uploads\/2026\/01\/IMG_4234.jpeg?fit=1200%2C800\" data-orig-size=\"1200,800\" data-comments-opened=\"0\" data-image-meta=\"{&quot;aperture&quot;:&quot;0&quot;,&quot;credit&quot;:&quot;&quot;,&quot;camera&quot;:&quot;&quot;,&quot;caption&quot;:&quot;&quot;,&quot;created_timestamp&quot;:&quot;0&quot;,&quot;copyright&quot;:&quot;&quot;,&quot;focal_length&quot;:&quot;0&quot;,&quot;iso&quot;:&quot;0&quot;,&quot;shutter_speed&quot;:&quot;0&quot;,&quot;title&quot;:&quot;&quot;,&quot;orientation&quot;:&quot;0&quot;}\" data-image-title=\"IMG_4234\" data-image-description=\"\" data-image-caption=\"\" data-medium-file=\"https:\/\/i0.wp.com\/blogdalucianaoliveira.com.br\/blog\/wp-content\/uploads\/2026\/01\/IMG_4234.jpeg?fit=300%2C200\" data-large-file=\"https:\/\/i0.wp.com\/blogdalucianaoliveira.com.br\/blog\/wp-content\/uploads\/2026\/01\/IMG_4234.jpeg?fit=600%2C400\" class=\"alignnone size-medium wp-image-38187\" src=\"https:\/\/i0.wp.com\/blogdalucianaoliveira.com.br\/blog\/wp-content\/uploads\/2026\/01\/IMG_4234.jpeg?resize=300%2C200\" alt=\"\" width=\"300\" height=\"200\" srcset=\"https:\/\/i0.wp.com\/blogdalucianaoliveira.com.br\/blog\/wp-content\/uploads\/2026\/01\/IMG_4234.jpeg?resize=300%2C200 300w, https:\/\/i0.wp.com\/blogdalucianaoliveira.com.br\/blog\/wp-content\/uploads\/2026\/01\/IMG_4234.jpeg?resize=1024%2C683 1024w, https:\/\/i0.wp.com\/blogdalucianaoliveira.com.br\/blog\/wp-content\/uploads\/2026\/01\/IMG_4234.jpeg?resize=768%2C512 768w, https:\/\/i0.wp.com\/blogdalucianaoliveira.com.br\/blog\/wp-content\/uploads\/2026\/01\/IMG_4234.jpeg?resize=450%2C300 450w, https:\/\/i0.wp.com\/blogdalucianaoliveira.com.br\/blog\/wp-content\/uploads\/2026\/01\/IMG_4234.jpeg?w=1200 1200w\" sizes=\"auto, (max-width: 300px) 100vw, 300px\" \/><\/p>\n<h2 class=\"elementor-heading-title elementor-size-default\">Em Davos, Oxfam aponta que a fortuna dos super-ricos cresceu, em um ano, duas vezes o valor do PIB brasileiro<\/h2>\n<p><!--more--><\/p>\n<div class=\"elementor-element elementor-element-8136daa elementor-widget elementor-widget-theme-post-content\" data-id=\"8136daa\" data-element_type=\"widget\" data-widget_type=\"theme-post-content.default\">\n<div class=\"elementor-widget-container\">\n<p>Brasil de Fato &#8211; O mundo chegou a 2026 com um retrato extremo da desigualdade crescente. Segundo o novo relat\u00f3rio da Oxfam, divulgado neste domingo (19), no marco da abertura do <a title=\"\" href=\"https:\/\/www.brasildefato.com.br\/2025\/01\/23\/forum-economico-mundial-reune-paises-capitalistas-para-salvar-neoliberalismo-falido-afirma-ativista-do-paquistao\/\">F\u00f3rum Econ\u00f4mico Mundial<\/a>, em Davos, os 12 <a title=\"\" href=\"https:\/\/www.brasildefato.com.br\/2025\/01\/20\/bilionarios-lucram-r-34-bilhoes-por-dia-enquanto-pobreza-global-segue-intocada-desde-1990-aponta-oxfam\/\">bilion\u00e1rios mais ricos do planeta<\/a> concentram mais riqueza do que os 4 bilh\u00f5es de pessoas mais pobres do mundo, o equivalente \u00e0 metade da popula\u00e7\u00e3o global.<\/p>\n<p>O estudo mostra que 2025 foi um ano recorde para os super-ricos. Pela primeira vez, o n\u00famero de bilion\u00e1rios ultrapassou a marca de 3 mil pessoas, enquanto a riqueza total desse grupo chegou a cerca de US$ 18,3 trilh\u00f5es (aproximadamente R$ 91,5 trilh\u00f5es), o maior patamar j\u00e1 registrado. Apenas no \u00faltimo ano, esse patrim\u00f4nio cresceu US$ 2,5 trilh\u00f5es (R$ 12,5 trilh\u00f5es) \u2013 valor que, segundo a pr\u00f3pria Oxfam, seria suficiente para erradicar a pobreza extrema 26 vezes.<\/p>\n<p>O dado chama ainda mais aten\u00e7\u00e3o quando comparado ao Or\u00e7amento da Uni\u00e3o para 2026, sancionado pelo governo federal no valor total de R$ 6,54 trilh\u00f5es \u2013 ou seja, a fortuna dos bilion\u00e1rios cresceu, em um \u00fanico ano, o dobro de todo o or\u00e7amento federal do Brasil.<\/p>\n<div id=\"brasi-1806575834\" class=\"brasi-apos-paragrafo-3\">\n<div id=\"div-gpt-ad-artigos-mobile_rectangle_mobile_1\" class=\"ad-slot\"><\/div>\n<\/div>\n<p>Esse avan\u00e7o acelerado da riqueza no topo contrasta com a estagna\u00e7\u00e3o e o agravamento das condi\u00e7\u00f5es de vida da maioria da popula\u00e7\u00e3o mundial. O relat\u00f3rio aponta que uma em cada quatro pessoas no planeta enfrenta inseguran\u00e7a alimentar, enquanto quase metade da humanidade vive abaixo da linha de pobreza ampliada utilizada pelo Banco Mundial.<\/p>\n<p>Para a diretora-executiva da Oxfam Brasil, Viviana Santiago, esse cen\u00e1rio n\u00e3o pode ser tratado como um fen\u00f4meno natural. Ao <strong>Brasil de Fato<\/strong>, ela afirmou que a exist\u00eancia de mais de 3 mil bilion\u00e1rios \u00e9, antes de tudo, \u201ca express\u00e3o de um mundo profundamente desigual\u201d, constru\u00eddo a partir de decis\u00f5es pol\u00edticas. Segundo ela, \u201cessa concentra\u00e7\u00e3o de renda n\u00e3o caiu do c\u00e9u, ela \u00e9 resultado da atua\u00e7\u00e3o de governos, de pot\u00eancias e dos pr\u00f3prios bilion\u00e1rios para manter e ampliar esse modelo\u201d.<\/p>\n<div id=\"brasi-499262494\" class=\"brasi-apos-paragrafo-5\">\n<div id=\"div-gpt-ad-artigos-medium_incontent_2\" class=\"ad-slot\"><\/div>\n<\/div>\n<p>Viviana tamb\u00e9m chama aten\u00e7\u00e3o para o impacto ambiental desse padr\u00e3o de riqueza. Ela explica que os super-ricos concentram investimentos justamente nos setores mais poluentes e mant\u00eam estilos de vida com alto consumo de recursos.<\/p>\n<p>\u201cNos primeiros dias do ano, os <a title=\"\" href=\"https:\/\/www.brasildefato.com.br\/2026\/01\/12\/em-apenas-dez-dias-bilionarios-emitiram-o-limite-de-co%E2%82%82-reservado-para-o-ano-todo-alerta-oxfam\/\">super-ricos j\u00e1 haviam esgotado sua cota de carbono<\/a>. Isso tem a ver com o modo de vida e com os setores em que eles lucram\u201d, afirmou. Para a dirigente, essa combina\u00e7\u00e3o transforma a concentra\u00e7\u00e3o de riqueza em uma amea\u00e7a \u201cn\u00e3o s\u00f3 \u00e0 democracia, mas ao futuro do planeta\u201d.<\/p>\n<h4 class=\"wp-block-heading\">Brasil lidera ranking de bilion\u00e1rios na Am\u00e9rica Latina<\/h4>\n<p>O relat\u00f3rio da Oxfam tamb\u00e9m destaca o papel do Brasil nesse cen\u00e1rio global de desigualdade. O pa\u00eds concentra o maior n\u00famero de bilion\u00e1rios da Am\u00e9rica Latina e do Caribe, com 66 pessoas que acumulam juntas cerca de US$ 253 bilh\u00f5es (aproximadamente R$ 1,26 trilh\u00e3o), a maior fortuna total da regi\u00e3o. Esse valor equivale a quase 20% de <a title=\"\" href=\"https:\/\/www.brasildefato.com.br\/2026\/01\/14\/lula-sanciona-orcamento-de-2026-com-corte-e-remanejamento-de-r-11-bilhoes-em-emendas-parlamentares\/\">todo o Or\u00e7amento da Uni\u00e3o para 2026<\/a>.<\/p>\n<p>Esse volume de riqueza convive, segundo a organiza\u00e7\u00e3o, com um sistema tribut\u00e1rio historicamente regressivo. A maior parte da arrecada\u00e7\u00e3o no pa\u00eds recai sobre o consumo e sobre a renda do trabalho, o que penaliza de forma desproporcional fam\u00edlias de baixa renda, mulheres e pessoas negras. Ao mesmo tempo, rendas do capital seguem pouco tributadas.<\/p>\n<p>Viviana Santiago afirma que o Brasil \u00e9 um exemplo claro de como a desigualdade resulta de escolhas pol\u00edticas. Para ela, quando poucos concentram tanta riqueza e pagam proporcionalmente menos impostos, \u201ctoda a sociedade perde\u201d. A dirigente reconhece que a recente reforma do Imposto de Renda, com <a title=\"\" href=\"https:\/\/www.brasildefato.com.br\/2026\/01\/01\/isencao-de-ir-para-quem-ganha-ate-r-5-mil-entra-em-vigor\/\">isen\u00e7\u00e3o para quem ganha at\u00e9 R$ 5 mil<\/a>, representou um avan\u00e7o ao ampliar a isen\u00e7\u00e3o para rendas mais baixas, mas avalia que o pa\u00eds ainda precisa enfrentar temas estruturais. Segundo ela, medidas como a taxa\u00e7\u00e3o de lucros e dividendos, grandes fortunas e heran\u00e7as seriam fundamentais para reduzir desigualdades hist\u00f3ricas.<\/p>\n<p>O relat\u00f3rio da Oxfam sustenta que a concentra\u00e7\u00e3o extrema de riqueza n\u00e3o apenas aprofunda desigualdades sociais, mas tamb\u00e9m fragiliza a democracia. Ao analisar o cen\u00e1rio global, a organiza\u00e7\u00e3o afirma que, enquanto os super-ricos acumulam patrim\u00f4nio em ritmo acelerado, governos em diferentes pa\u00edses optam por proteger esses interesses, em vez de investir em redistribui\u00e7\u00e3o de renda, garantia de direitos e combate \u00e0 pobreza.<\/p>\n<h4 class=\"wp-block-heading\">F\u00f3rum de Davos<\/h4>\n<p>O documento foi apresentado no <a title=\"\" href=\"https:\/\/www.brasildefato.com.br\/2025\/01\/23\/forum-economico-mundial-reune-paises-capitalistas-para-salvar-neoliberalismo-falido-afirma-ativista-do-paquistao\/#\">F\u00f3rum Econ\u00f4mico Mundial<\/a>, que acontece entre os dias 19 e 23 de janeiro, em Davos, na Su\u00ed\u00e7a. O evento re\u00fane mais de 400 autoridades pol\u00edticas e empresariais de alto escal\u00e3o \u2013 entre elas, cerca de 65 chefes de Estado e governo.<\/p>\n<p>O presidente Luiz In\u00e1cio Lula da Silva n\u00e3o participa do encontro, e o Brasil ser\u00e1 representado pela ministra do Planejamento, Simone Tebet. Enquanto o tema oficial do f\u00f3rum \u00e9 \u201cUm esp\u00edrito de di\u00e1logo\u201d, o relat\u00f3rio da Oxfam desafia diretamente o ambiente dominante no evento, marcado pela presen\u00e7a dos mesmos setores que, segundo a organiza\u00e7\u00e3o, concentram riqueza, distorcem democracias e bloqueiam reformas estruturais.<\/p>\n<p>&nbsp;<\/p>\n<div id=\"brasi-2745889059\" class=\"brasi-fim-do-conteudo\">\n<div id=\"div-gpt-ad-artigos-leaderboard_content_end\" class=\"ad-slot\"><\/div>\n<\/div>\n<\/div>\n<\/div>\n<div class=\"elementor-element elementor-element-6950de8 elementor-widget elementor-widget-text-editor\" data-id=\"6950de8\" data-element_type=\"widget\" data-widget_type=\"text-editor.default\">\n<div class=\"elementor-widget-container\">Editado por: Lu\u00eds Indriunas<\/div>\n<\/div>\n<div class=\"elementor-element elementor-element-e50663b elementor-widget elementor-widget-shortcode\" data-id=\"e50663b\" data-element_type=\"widget\" data-widget_type=\"shortcode.default\">\n<div class=\"elementor-widget-container\">\n<div class=\"elementor-shortcode\"><\/div>\n<\/div>\n<\/div>\n<div class=\"elementor-element elementor-element-0097bfc elementor-widget elementor-widget-shortcode\" data-id=\"0097bfc\" data-element_type=\"widget\" data-widget_type=\"shortcode.default\"><\/div>\n","protected":false},"excerpt":{"rendered":"<p>Em Davos, Oxfam aponta que a fortuna dos super-ricos cresceu, em um ano, duas vezes o valor do PIB brasileiro<\/p>\n","protected":false},"author":1,"featured_media":0,"comment_status":"closed","ping_status":"open","sticky":false,"template":"","format":"standard","meta":{"_exactmetrics_skip_tracking":false,"_exactmetrics_sitenote_active":false,"_exactmetrics_sitenote_note":"","_exactmetrics_sitenote_category":0,"jetpack_post_was_ever_published":false,"_jetpack_newsletter_access":"","_jetpack_dont_email_post_to_subs":false,"_jetpack_newsletter_tier_id":0,"_jetpack_memberships_contains_paywalled_content":false,"_jetpack_memberships_contains_paid_content":false,"footnotes":"","jetpack_publicize_message":"","jetpack_publicize_feature_enabled":true,"jetpack_social_post_already_shared":true,"jetpack_social_options":{"image_generator_settings":{"template":"highway","enabled":false},"version":2}},"categories":[1],"tags":[],"class_list":["post-38186","post","type-post","status-publish","format-standard","hentry","category-notas"],"jetpack_publicize_connections":[],"jetpack_sharing_enabled":true,"jetpack_featured_media_url":"","jetpack_shortlink":"https:\/\/wp.me\/p7wKYW-9VU","jetpack-related-posts":[],"_links":{"self":[{"href":"http:\/\/blogdalucianaoliveira.com.br\/blog\/wp-json\/wp\/v2\/posts\/38186","targetHints":{"allow":["GET"]}}],"collection":[{"href":"http:\/\/blogdalucianaoliveira.com.br\/blog\/wp-json\/wp\/v2\/posts"}],"about":[{"href":"http:\/\/blogdalucianaoliveira.com.br\/blog\/wp-json\/wp\/v2\/types\/post"}],"author":[{"embeddable":true,"href":"http:\/\/blogdalucianaoliveira.com.br\/blog\/wp-json\/wp\/v2\/users\/1"}],"replies":[{"embeddable":true,"href":"http:\/\/blogdalucianaoliveira.com.br\/blog\/wp-json\/wp\/v2\/comments?post=38186"}],"version-history":[{"count":1,"href":"http:\/\/blogdalucianaoliveira.com.br\/blog\/wp-json\/wp\/v2\/posts\/38186\/revisions"}],"predecessor-version":[{"id":38188,"href":"http:\/\/blogdalucianaoliveira.com.br\/blog\/wp-json\/wp\/v2\/posts\/38186\/revisions\/38188"}],"wp:attachment":[{"href":"http:\/\/blogdalucianaoliveira.com.br\/blog\/wp-json\/wp\/v2\/media?parent=38186"}],"wp:term":[{"taxonomy":"category","embeddable":true,"href":"http:\/\/blogdalucianaoliveira.com.br\/blog\/wp-json\/wp\/v2\/categories?post=38186"},{"taxonomy":"post_tag","embeddable":true,"href":"http:\/\/blogdalucianaoliveira.com.br\/blog\/wp-json\/wp\/v2\/tags?post=38186"}],"curies":[{"name":"wp","href":"https:\/\/api.w.org\/{rel}","templated":true}]}}