{"id":38189,"date":"2026-01-19T16:41:49","date_gmt":"2026-01-19T20:41:49","guid":{"rendered":"https:\/\/blogdalucianaoliveira.com.br\/blog\/?p=38189"},"modified":"2026-01-19T16:41:49","modified_gmt":"2026-01-19T20:41:49","slug":"titulacao-definitiva-em-espigao-do-oeste-entra-na-agenda-de-claudia-de-jesus","status":"publish","type":"post","link":"http:\/\/blogdalucianaoliveira.com.br\/blog\/2026\/01\/19\/titulacao-definitiva-em-espigao-do-oeste-entra-na-agenda-de-claudia-de-jesus\/","title":{"rendered":"Titula\u00e7\u00e3o definitiva em Espig\u00e3o do Oeste entra na agenda de Cl\u00e1udia de Jesus"},"content":{"rendered":"<p><img data-recalc-dims=\"1\" loading=\"lazy\" decoding=\"async\" data-attachment-id=\"38190\" data-permalink=\"http:\/\/blogdalucianaoliveira.com.br\/blog\/2026\/01\/19\/titulacao-definitiva-em-espigao-do-oeste-entra-na-agenda-de-claudia-de-jesus\/img_4235\/\" data-orig-file=\"https:\/\/i0.wp.com\/blogdalucianaoliveira.com.br\/blog\/wp-content\/uploads\/2026\/01\/IMG_4235.jpeg?fit=1089%2C746\" data-orig-size=\"1089,746\" data-comments-opened=\"0\" data-image-meta=\"{&quot;aperture&quot;:&quot;0&quot;,&quot;credit&quot;:&quot;&quot;,&quot;camera&quot;:&quot;&quot;,&quot;caption&quot;:&quot;&quot;,&quot;created_timestamp&quot;:&quot;0&quot;,&quot;copyright&quot;:&quot;&quot;,&quot;focal_length&quot;:&quot;0&quot;,&quot;iso&quot;:&quot;0&quot;,&quot;shutter_speed&quot;:&quot;0&quot;,&quot;title&quot;:&quot;&quot;,&quot;orientation&quot;:&quot;1&quot;}\" data-image-title=\"IMG_4235\" data-image-description=\"\" data-image-caption=\"\" data-medium-file=\"https:\/\/i0.wp.com\/blogdalucianaoliveira.com.br\/blog\/wp-content\/uploads\/2026\/01\/IMG_4235.jpeg?fit=300%2C206\" data-large-file=\"https:\/\/i0.wp.com\/blogdalucianaoliveira.com.br\/blog\/wp-content\/uploads\/2026\/01\/IMG_4235.jpeg?fit=600%2C411\" class=\"alignnone size-medium wp-image-38190\" src=\"https:\/\/i0.wp.com\/blogdalucianaoliveira.com.br\/blog\/wp-content\/uploads\/2026\/01\/IMG_4235.jpeg?resize=300%2C206\" alt=\"\" width=\"300\" height=\"206\" srcset=\"https:\/\/i0.wp.com\/blogdalucianaoliveira.com.br\/blog\/wp-content\/uploads\/2026\/01\/IMG_4235.jpeg?resize=300%2C206 300w, https:\/\/i0.wp.com\/blogdalucianaoliveira.com.br\/blog\/wp-content\/uploads\/2026\/01\/IMG_4235.jpeg?resize=1024%2C701 1024w, https:\/\/i0.wp.com\/blogdalucianaoliveira.com.br\/blog\/wp-content\/uploads\/2026\/01\/IMG_4235.jpeg?resize=768%2C526 768w, https:\/\/i0.wp.com\/blogdalucianaoliveira.com.br\/blog\/wp-content\/uploads\/2026\/01\/IMG_4235.jpeg?resize=438%2C300 438w, https:\/\/i0.wp.com\/blogdalucianaoliveira.com.br\/blog\/wp-content\/uploads\/2026\/01\/IMG_4235.jpeg?w=1089 1089w\" sizes=\"auto, (max-width: 300px) 100vw, 300px\" \/><\/p>\n<p>Deputada solicita conclus\u00e3o de georreferenciamento iniciado em 2020 no setor chacareiro.<!--more--><\/p>\n<p>A retomada da regulariza\u00e7\u00e3o fundi\u00e1ria no setor chacareiro de Boa Vista do Pacarana, em Espig\u00e3o do Oeste, foi solicitada pela deputada estadual Cl\u00e1udia de Jesus (PT) por meio de indica\u00e7\u00e3o encaminhada \u00e0 Secretaria de Estado de Patrim\u00f4nio e Regulariza\u00e7\u00e3o Fundi\u00e1ria (Sepat).<\/p>\n<p>A parlamentar destacou que os servi\u00e7os de topografia e georreferenciamento da \u00e1rea urbana do setor chacareiro foram iniciados pela Sepat no ano de 2020, por\u00e9m n\u00e3o foram conclu\u00eddos. Atualmente, restam pendentes apenas os procedimentos administrativos para a abertura de processos individuais de cada ocupante, etapa necess\u00e1ria para a transfer\u00eancia definitiva da propriedade.<\/p>\n<p>\u201cEstamos falando de fam\u00edlias que aguardam h\u00e1 anos pela titula\u00e7\u00e3o definitiva de seus im\u00f3veis. A conclus\u00e3o desse trabalho vai garantir seguran\u00e7a jur\u00eddica, valoriza\u00e7\u00e3o das \u00e1reas e mais dignidade para quem vive e constr\u00f3i sua hist\u00f3ria ali\u201d, afirmou Cl\u00e1udia de Jesus.<\/p>\n","protected":false},"excerpt":{"rendered":"<p>Deputada solicita conclus\u00e3o de georreferenciamento iniciado em 2020 no setor chacareiro.<\/p>\n","protected":false},"author":1,"featured_media":0,"comment_status":"closed","ping_status":"open","sticky":false,"template":"","format":"standard","meta":{"_exactmetrics_skip_tracking":false,"_exactmetrics_sitenote_active":false,"_exactmetrics_sitenote_note":"","_exactmetrics_sitenote_category":0,"jetpack_post_was_ever_published":false,"_jetpack_newsletter_access":"","_jetpack_dont_email_post_to_subs":false,"_jetpack_newsletter_tier_id":0,"_jetpack_memberships_contains_paywalled_content":false,"_jetpack_memberships_contains_paid_content":false,"footnotes":"","jetpack_publicize_message":"","jetpack_publicize_feature_enabled":true,"jetpack_social_post_already_shared":true,"jetpack_social_options":{"image_generator_settings":{"template":"highway","enabled":false},"version":2}},"categories":[1],"tags":[1429,1609],"class_list":["post-38189","post","type-post","status-publish","format-standard","hentry","category-notas","tag-deputada-claudia-de-jesus","tag-titulacao"],"jetpack_publicize_connections":[],"jetpack_sharing_enabled":true,"jetpack_featured_media_url":"","jetpack_shortlink":"https:\/\/wp.me\/p7wKYW-9VX","jetpack-related-posts":[],"_links":{"self":[{"href":"http:\/\/blogdalucianaoliveira.com.br\/blog\/wp-json\/wp\/v2\/posts\/38189","targetHints":{"allow":["GET"]}}],"collection":[{"href":"http:\/\/blogdalucianaoliveira.com.br\/blog\/wp-json\/wp\/v2\/posts"}],"about":[{"href":"http:\/\/blogdalucianaoliveira.com.br\/blog\/wp-json\/wp\/v2\/types\/post"}],"author":[{"embeddable":true,"href":"http:\/\/blogdalucianaoliveira.com.br\/blog\/wp-json\/wp\/v2\/users\/1"}],"replies":[{"embeddable":true,"href":"http:\/\/blogdalucianaoliveira.com.br\/blog\/wp-json\/wp\/v2\/comments?post=38189"}],"version-history":[{"count":1,"href":"http:\/\/blogdalucianaoliveira.com.br\/blog\/wp-json\/wp\/v2\/posts\/38189\/revisions"}],"predecessor-version":[{"id":38191,"href":"http:\/\/blogdalucianaoliveira.com.br\/blog\/wp-json\/wp\/v2\/posts\/38189\/revisions\/38191"}],"wp:attachment":[{"href":"http:\/\/blogdalucianaoliveira.com.br\/blog\/wp-json\/wp\/v2\/media?parent=38189"}],"wp:term":[{"taxonomy":"category","embeddable":true,"href":"http:\/\/blogdalucianaoliveira.com.br\/blog\/wp-json\/wp\/v2\/categories?post=38189"},{"taxonomy":"post_tag","embeddable":true,"href":"http:\/\/blogdalucianaoliveira.com.br\/blog\/wp-json\/wp\/v2\/tags?post=38189"}],"curies":[{"name":"wp","href":"https:\/\/api.w.org\/{rel}","templated":true}]}}