{"id":38196,"date":"2026-01-21T16:49:47","date_gmt":"2026-01-21T20:49:47","guid":{"rendered":"https:\/\/blogdalucianaoliveira.com.br\/blog\/?p=38196"},"modified":"2026-01-21T16:49:47","modified_gmt":"2026-01-21T20:49:47","slug":"o-que-a-aparicao-da-lenda-da-perna-cabeluda-em-o-agente-secreto-diz-sobre-a-ditadura","status":"publish","type":"post","link":"http:\/\/blogdalucianaoliveira.com.br\/blog\/2026\/01\/21\/o-que-a-aparicao-da-lenda-da-perna-cabeluda-em-o-agente-secreto-diz-sobre-a-ditadura\/","title":{"rendered":"O que a apari\u00e7\u00e3o da lenda da &#8216;Perna Cabeluda&#8217; em &#8216;O Agente Secreto&#8217; diz sobre a ditadura"},"content":{"rendered":"<p><img data-recalc-dims=\"1\" loading=\"lazy\" decoding=\"async\" data-attachment-id=\"38197\" data-permalink=\"http:\/\/blogdalucianaoliveira.com.br\/blog\/2026\/01\/21\/o-que-a-aparicao-da-lenda-da-perna-cabeluda-em-o-agente-secreto-diz-sobre-a-ditadura\/img_4327\/\" data-orig-file=\"https:\/\/i0.wp.com\/blogdalucianaoliveira.com.br\/blog\/wp-content\/uploads\/2026\/01\/IMG_4327.webp?fit=800%2C368\" data-orig-size=\"800,368\" data-comments-opened=\"0\" data-image-meta=\"{&quot;aperture&quot;:&quot;0&quot;,&quot;credit&quot;:&quot;&quot;,&quot;camera&quot;:&quot;&quot;,&quot;caption&quot;:&quot;&quot;,&quot;created_timestamp&quot;:&quot;0&quot;,&quot;copyright&quot;:&quot;&quot;,&quot;focal_length&quot;:&quot;0&quot;,&quot;iso&quot;:&quot;0&quot;,&quot;shutter_speed&quot;:&quot;0&quot;,&quot;title&quot;:&quot;&quot;,&quot;orientation&quot;:&quot;0&quot;}\" data-image-title=\"IMG_4327\" data-image-description=\"\" data-image-caption=\"\" data-medium-file=\"https:\/\/i0.wp.com\/blogdalucianaoliveira.com.br\/blog\/wp-content\/uploads\/2026\/01\/IMG_4327.webp?fit=300%2C138\" data-large-file=\"https:\/\/i0.wp.com\/blogdalucianaoliveira.com.br\/blog\/wp-content\/uploads\/2026\/01\/IMG_4327.webp?fit=600%2C276\" class=\"alignnone size-medium wp-image-38197\" src=\"https:\/\/i0.wp.com\/blogdalucianaoliveira.com.br\/blog\/wp-content\/uploads\/2026\/01\/IMG_4327.webp?resize=300%2C138\" alt=\"\" width=\"300\" height=\"138\" srcset=\"https:\/\/i0.wp.com\/blogdalucianaoliveira.com.br\/blog\/wp-content\/uploads\/2026\/01\/IMG_4327.webp?resize=300%2C138 300w, https:\/\/i0.wp.com\/blogdalucianaoliveira.com.br\/blog\/wp-content\/uploads\/2026\/01\/IMG_4327.webp?resize=768%2C353 768w, https:\/\/i0.wp.com\/blogdalucianaoliveira.com.br\/blog\/wp-content\/uploads\/2026\/01\/IMG_4327.webp?resize=652%2C300 652w, https:\/\/i0.wp.com\/blogdalucianaoliveira.com.br\/blog\/wp-content\/uploads\/2026\/01\/IMG_4327.webp?w=800 800w\" sizes=\"auto, (max-width: 300px) 100vw, 300px\" \/><\/p>\n<div class=\"css-1k9op6x e17x9cvu0\" dir=\"ltr\">\n<p class=\"css-s4cjt0 e1yuyadm0\" dir=\"ltr\">Em 10 de dezembro de 1975, est\u00e1 registrada em papel uma rara &#8220;certid\u00e3o de nascimento&#8221; de uma <a class=\"focusIndicatorReducedWidth css-n8oauk e1h2ur550\" href=\"https:\/\/www.bbc.com\/portuguese\/vert-earth-38363455\">lenda urbana<\/a>.<\/p>\n<\/div>\n<p><!--more--><\/p>\n<div class=\"css-1k9op6x e17x9cvu0\" dir=\"ltr\">\n<p class=\"css-s4cjt0 e1yuyadm0\" dir=\"ltr\">BBC, por Vitor Tavares &#8211; Naquela edi\u00e7\u00e3o de quarta-feira do jornal Diario de Pernambuco, pela primeira vez se falava de uma &#8220;perna fantasma&#8221; (mais tarde, &#8220;cabeluda&#8221;) que aterrorizava moradores do Grande Recife \u2014 uma lenda que, 50 anos mais tarde, seria imortalizada e projetada internacionalmente com <a class=\"focusIndicatorReducedWidth css-n8oauk e1h2ur550\" href=\"https:\/\/www.bbc.com\/portuguese\/articles\/cz7nlp8yq9wo\"><i class=\"css-6whwaq e1vymu7d0\">O Agente Secreto<\/i><\/a>, vencedor do <a class=\"focusIndicatorReducedWidth css-n8oauk e1h2ur550\" href=\"https:\/\/www.bbc.com\/portuguese\/articles\/cy09j50w5weo\">Globo de Ouro de melhor filme de l\u00edngua n\u00e3o inglesa<\/a>.<\/p>\n<\/div>\n<div class=\"css-1k9op6x e17x9cvu0\" dir=\"ltr\">\n<p class=\"css-s4cjt0 e1yuyadm0\" dir=\"ltr\">A &#8220;Perna Cabeluda&#8221; aparece na segunda metade no filme, nas not\u00edcias de jornal e atormentando homens homossexuais que aproveitam o escuro dos arbustos do Parque 13 de Maio, no centro do <a class=\"focusIndicatorReducedWidth css-n8oauk e1h2ur550\" href=\"https:\/\/www.bbc.com\/portuguese\/topics\/c5qvpqy6vw5t\">Recife<\/a>, para exercer sua sexualidade.<\/p>\n<\/div>\n<div class=\"css-1k9op6x e17x9cvu0\" dir=\"ltr\">\n<p class=\"css-s4cjt0 e1yuyadm0\" dir=\"ltr\">Mas, muito al\u00e9m de um elemento <i class=\"css-6whwaq e1vymu7d0\">nonsense<\/i> ou de realismo m\u00e1gico comum em filmes do diretor <a class=\"focusIndicatorReducedWidth css-n8oauk e1h2ur550\" href=\"https:\/\/www.bbc.com\/portuguese\/articles\/czdq0r3rpjjo\">Kl\u00e9ber Mendon\u00e7a Filho<\/a>, a Perna representa uma hist\u00f3ria maior e real sobre repress\u00e3o, censura e viol\u00eancia institucional no Recife (e no Brasil) dos anos 1970, durante a <a class=\"focusIndicatorReducedWidth css-n8oauk e1h2ur550\" href=\"https:\/\/www.bbc.com\/portuguese\/articles\/cz77xg4z1rpo\">ditadura militar.<\/a><\/p>\n<\/div>\n<div class=\"css-1k9op6x e17x9cvu0\" dir=\"ltr\">\n<p class=\"css-s4cjt0 e1yuyadm0\" dir=\"ltr\">&#8220;Lendas como essa no Recife eram usadas para sublimar as dores da sociedade&#8221;, diz Roberto Beltr\u00e3o, jornalista, escritor e organizador de livros sobre as muitas assombra\u00e7\u00f5es famosas na capital pernambucana, entre eles <i class=\"css-6whwaq e1vymu7d0\">Treze Noites com a Perna Cabeluda.<\/i><\/p>\n<div class=\"css-1k9op6x e17x9cvu0\" dir=\"ltr\">\n<p class=\"css-s4cjt0 e1yuyadm0\" dir=\"ltr\">Ap\u00f3s a primeira apari\u00e7\u00e3o no jornal, a lenda ganhou popularidade nas ruas da cidade ao ser retratada em diversos textos e reportagens na imprensa, o que \u00e9 mostrado em <i class=\"css-6whwaq e1vymu7d0\">O Agente Secreto<\/i>.<\/p>\n<\/div>\n<div class=\"css-1k9op6x e17x9cvu0\" dir=\"ltr\">\n<p class=\"css-s4cjt0 e1yuyadm0\" dir=\"ltr\">A presen\u00e7a de textos ficcionais nos jornais da \u00e9poca era comum, explica Beltr\u00e3o, como uma forma de ocupar espa\u00e7os que seriam de hist\u00f3rias que poderiam incomodar o regime militar.<\/p>\n<\/div>\n<div class=\"css-1k9op6x e17x9cvu0\" dir=\"ltr\">\n<p class=\"css-s4cjt0 e1yuyadm0\" dir=\"ltr\">&#8220;Os censores estavam dentro dos jornais, que tinham muita dificuldade de retratar assuntos espinhosos para o regime&#8221;, diz.<\/p>\n<div class=\"css-1k9op6x e17x9cvu0\" dir=\"ltr\">\n<p class=\"css-s4cjt0 e1yuyadm0\" dir=\"ltr\">&#8220;Ent\u00e3o, hist\u00f3rias absurdas passaram a fazer parte da imprensa porque precisavam vender jornal e n\u00e3o havia liberdade de voc\u00ea estar lidando com os verdadeiros problemas da sociedade.&#8221;<\/p>\n<\/div>\n<div class=\"css-1k9op6x e17x9cvu0\" dir=\"ltr\">\n<p class=\"css-s4cjt0 e1yuyadm0\" dir=\"ltr\">Portanto, hist\u00f3rias de viol\u00eancia contra determinados grupos reprimidos, como mulheres ou os homossexuais, tamb\u00e9m acabavam sendo contadas em tom de fantasia.<\/p>\n<div class=\"css-1k9op6x e17x9cvu0\" dir=\"ltr\">\n<p class=\"css-s4cjt0 e1yuyadm0\" dir=\"ltr\">Al\u00e9m de uma assombra\u00e7\u00e3o assustadora, a Perna ganhou no Recife e em outros Estados do Nordeste ares de uma pol\u00edcia moral contra aqueles que desafiavam os bons costumes \u2014 e mereciam ser chutados e levar rasteira.<\/p>\n<\/div>\n<div class=\"css-1k9op6x e17x9cvu0\" dir=\"ltr\">\n<p class=\"css-s4cjt0 e1yuyadm0\" dir=\"ltr\">O temor da repress\u00e3o moral e f\u00edsica da ditadura era latente no Recife dos anos 1970, explica o advogado e cientista pol\u00edtico Manoel Moraes, pesquisador na Universidade Cat\u00f3lica de Pernambuco e membro da Comiss\u00e3o Estadual da Mem\u00f3ria e Verdade Dom Helder C\u00e2mara.<\/p>\n<\/div>\n<div class=\"css-1k9op6x e17x9cvu0\" dir=\"ltr\">\n<p class=\"css-s4cjt0 e1yuyadm0\" dir=\"ltr\">Quando se fala em ditadura no Brasil, diz Moraes, pouco se comenta sobre a repress\u00e3o longe do eixo Rio-S\u00e3o Paulo \u2014 isso apesar de Pernambuco ter tido proporcionalmente mais mortes cometidas oficialmente pelo regime do que os Estados do Sudeste.<\/p>\n<\/div>\n<div class=\"css-1k9op6x e17x9cvu0\" dir=\"ltr\">\n<p class=\"css-s4cjt0 e1yuyadm0\" dir=\"ltr\">&#8220;Muitas vezes a gente aqui fica em segundo plano nessa discuss\u00e3o&#8221;, lamenta.<\/p>\n<\/div>\n<div class=\"css-1k9op6x e17x9cvu0\" dir=\"ltr\">\n<h2 id=\"A-consolida\u00e7\u00e3o-de-uma-hist\u00f3ria-fant\u00e1stica\" class=\"css-jtxtr9 emoh99e1\" tabindex=\"-1\">A consolida\u00e7\u00e3o de uma hist\u00f3ria fant\u00e1stica<\/h2>\n<\/div>\n<div class=\"css-1k9op6x e17x9cvu0\" dir=\"ltr\">\n<p class=\"css-s4cjt0 e1yuyadm0\" dir=\"ltr\">A primeira not\u00edcia sobre a &#8220;perna fantasma&#8221; relatava que ela caminhava nas paredes de uma casa de S\u00e3o Louren\u00e7o da Mata, na Regi\u00e3o Metropolitana do Recife.<\/p>\n<\/div>\n<div class=\"css-1k9op6x e17x9cvu0\" dir=\"ltr\">\n<p class=\"css-s4cjt0 e1yuyadm0\" dir=\"ltr\">Nos dias seguintes, o assunto repercutiu em &#8220;su\u00edtes&#8221;, jarg\u00e3o no jornalismo para novas reportagens sobre um mesmo assunto.<\/p>\n<\/div>\n<div class=\"css-1k9op6x e17x9cvu0\" dir=\"ltr\">\n<p class=\"css-s4cjt0 e1yuyadm0\" dir=\"ltr\">Mas a consolida\u00e7\u00e3o ocorreria em 1976, com um texto ficcional de Raimundo Carrero, ent\u00e3o rep\u00f3rter do Diario, depois premiado escritor pernambucano.<\/p>\n<div class=\"css-1k9op6x e17x9cvu0\" dir=\"ltr\">\n<p class=\"css-s4cjt0 e1yuyadm0\" dir=\"ltr\">Na concorrida edi\u00e7\u00e3o de domingo do jornal, Carrero contava a hist\u00f3ria da Perna Cabeluda que pulava igual a um <a class=\"focusIndicatorReducedWidth css-n8oauk e1h2ur550\" href=\"https:\/\/www.bbc.com\/portuguese\/brasil-54706996\">saci-perer\u00ea<\/a> e atormentava e se deitava ao lado de mulheres indefesas.<\/p>\n<\/div>\n<div class=\"css-1k9op6x e17x9cvu0\" dir=\"ltr\">\n<p class=\"css-s4cjt0 e1yuyadm0\" dir=\"ltr\">&#8220;Ele n\u00e3o faz a rela\u00e7\u00e3o com as not\u00edcias [de 1975]. Mas eu acho que ficou no subconsciente&#8221;, avalia Beltr\u00e3o.<\/p>\n<div class=\"css-1k9op6x e17x9cvu0\" dir=\"ltr\">\n<p class=\"css-s4cjt0 e1yuyadm0\" dir=\"ltr\">Carrero traz pela primeira vez o <i class=\"css-6whwaq e1vymu7d0\">modus operandi <\/i>pelo qual a perna ficaria famosa, chutando e dando rasteira nas pessoas. A edi\u00e7\u00e3o tamb\u00e9m traz a primeira iconografia da perna, peluda e usando um sapato.<\/p>\n<\/div>\n<div class=\"css-1k9op6x e17x9cvu0\" dir=\"ltr\">\n<p class=\"css-s4cjt0 e1yuyadm0\" dir=\"ltr\">Em recente entrevista ao Diario de Pernambuco, Carrero disse que era proibido para o jornal publicar, al\u00e9m de cr\u00edticas ao governo, casos de viol\u00eancia contra a mulher.<\/p>\n<\/div>\n<div class=\"css-1k9op6x e17x9cvu0\" dir=\"ltr\">\n<p class=\"css-s4cjt0 e1yuyadm0\" dir=\"ltr\">&#8220;A maior parte das hist\u00f3rias [da Perna Cabeluda] que come\u00e7aram a circular envolviam casos de viol\u00eancia contra a mulher&#8221;, declarou o escritor.<\/p>\n<\/div>\n<div class=\"css-1k9op6x e17x9cvu0\" dir=\"ltr\">\n<p class=\"css-s4cjt0 e1yuyadm0\" dir=\"ltr\">Apesar de absurda, a lenda foi se espalhando pela cidade, comentada em programas de r\u00e1dio e causando medo na vida real.<\/p>\n<\/div>\n<div class=\"css-1k9op6x e17x9cvu0\" dir=\"ltr\">\n<p class=\"css-s4cjt0 e1yuyadm0\" dir=\"ltr\">&#8220;Ela se adaptou tanto ao imagin\u00e1rio popular que estudiosos da literatura cordel identificam que ela se tornou na \u00e9poca o terceiro tema mais recorrente dos folhetos, perdendo s\u00f3 para o <a class=\"focusIndicatorReducedWidth css-n8oauk e1h2ur550\" href=\"https:\/\/www.bbc.com\/portuguese\/articles\/c25lvk9rz1lo\">Padre C\u00edcero<\/a> e <a class=\"focusIndicatorReducedWidth css-n8oauk e1h2ur550\" href=\"https:\/\/www.bbc.com\/portuguese\/brasil-46491014\">Lampi\u00e3o<\/a>&#8220;, diz Beltr\u00e3o. A lenda se espalhou at\u00e9 para Estados vizinhos, como o Cear\u00e1.<\/p>\n<\/div>\n<div class=\"css-1k9op6x e17x9cvu0\" dir=\"ltr\">\n<p class=\"css-s4cjt0 e1yuyadm0\" dir=\"ltr\">Em sua pesquisa, o escritor identifica que o medo no Recife de fato durou cerca de dois anos. Depois, &#8220;virou grea&#8221;, g\u00edria pernambucana para brincadeira.<\/p>\n<\/div>\n<div class=\"css-1k9op6x e17x9cvu0\" dir=\"ltr\">\n<p class=\"css-s4cjt0 e1yuyadm0\" dir=\"ltr\">&#8220;Porque era t\u00e3o surreal que era dif\u00edcil de acreditar&#8221;, diz o escritor.<\/p>\n<\/div>\n<div class=\"css-1k9op6x e17x9cvu0\" dir=\"ltr\">\n<p class=\"css-s4cjt0 e1yuyadm0\" dir=\"ltr\">A Perna Cabeluda virou frevo, bloco de carnaval e fantasia nos anos seguintes \u2014 inclusive uma dentro da boca de um tubar\u00e3o exibida em foto no Diario, que inspira outra cena de <i class=\"css-6whwaq e1vymu7d0\">O Agente Secreto<\/i>.<\/p>\n<\/div>\n<div class=\"css-1k9op6x e17x9cvu0\" dir=\"ltr\">\n<h2 class=\"css-jtxtr9 emoh99e1\" tabindex=\"-1\">Recife foi uma das cidades que mais viveu a repress\u00e3o militar<\/h2>\n<div class=\"css-1k9op6x e17x9cvu0\" dir=\"ltr\">\n<p class=\"css-s4cjt0 e1yuyadm0\" dir=\"ltr\">O mundo fant\u00e1stico trazido pela Perna Cabeluda est\u00e1 ligado ao ambiente de uma cidade bastante reprimida, explica o advogado Manoel Moraes, membro da Comiss\u00e3o da Verdade pernambucana.<\/p>\n<\/div>\n<div class=\"css-1k9op6x e17x9cvu0\" dir=\"ltr\">\n<p class=\"css-s4cjt0 e1yuyadm0\" dir=\"ltr\">Recife era sede do Quarto Ex\u00e9rcito, utilizado como centro de opera\u00e7\u00f5es e local de deten\u00e7\u00e3o de presos de Pernambuco, Para\u00edba, Alagoas e Rio Grande do Norte.<\/p>\n<\/div>\n<div class=\"css-1k9op6x e17x9cvu0\" dir=\"ltr\">\n<p class=\"css-s4cjt0 e1yuyadm0\" dir=\"ltr\">Al\u00e9m disso, Pernambuco era o epicentro das ligas camponesas e onde se destacaram figuras como Dom H\u00e9lder C\u00e2mara, arcebispo de Olinda e Recife famoso pela sua luta por Justi\u00e7a social e contra ditadura, e <a class=\"focusIndicatorReducedWidth css-n8oauk e1h2ur550\" href=\"https:\/\/www.bbc.com\/portuguese\/brasil-46830942\">Paulo Freire<\/a>, idealizador do Movimento de Cultura Popular.<\/p>\n<\/div>\n<div class=\"css-1k9op6x e17x9cvu0\" dir=\"ltr\">\n<p class=\"css-s4cjt0 e1yuyadm0\" dir=\"ltr\">&#8220;H\u00e1 um apagamento da hist\u00f3ria da repress\u00e3o do Nordeste, que \u00e9 muito grave, at\u00e9 porque ela se confunde ainda com o coronelismo local, com o crime de pistolagem, como \u00e9 mostrado no filme&#8221;, diz Moraes.<\/p>\n<\/div>\n<div class=\"css-1k9op6x e17x9cvu0\" dir=\"ltr\">\n<p class=\"css-s4cjt0 e1yuyadm0\" dir=\"ltr\">O pesquisador explica que, anos antes do golpe militar de 1964, durante o Estado Novo de Get\u00falio Vargas, o rec\u00e9m-criado DOPS (Departamento de Ordem Pol\u00edtica e Social) se tornou um \u00f3rg\u00e3o poderoso em Pernambuco, atravessado pela violenta pol\u00edtica local.<\/p>\n<\/div>\n<div class=\"css-1k9op6x e17x9cvu0\" dir=\"ltr\">\n<p class=\"css-s4cjt0 e1yuyadm0\" dir=\"ltr\">&#8220;No Recife, os delegados do DOPS se tornaram verdadeiros precursores da pol\u00edtica pernambucana&#8221;, explica.<\/p>\n<\/div>\n<div class=\"css-1k9op6x e17x9cvu0\" dir=\"ltr\">\n<p class=\"css-s4cjt0 e1yuyadm0\" dir=\"ltr\">&#8220;Eles se tornaram donos de cart\u00f3rios, os filhos foram para pol\u00edtica ou magistratura. Montaram uma verdadeira estrutura que, quando o golpe se instalou em 1964, esses grupos v\u00e3o se fortalecer.&#8221;<\/p>\n<\/div>\n<div class=\"css-1k9op6x e17x9cvu0\" dir=\"ltr\">\n<p class=\"css-s4cjt0 e1yuyadm0\" dir=\"ltr\">Esse cen\u00e1rio, na avalia\u00e7\u00e3o de Moraes, fica evidente em <i class=\"css-6whwaq e1vymu7d0\">O Agente Secreto<\/i> com o personagem do delegado que mata pessoas e invade com\u00e9rcios.<\/p>\n<\/div>\n<div class=\"css-1k9op6x e17x9cvu0\" dir=\"ltr\">\n<p class=\"css-s4cjt0 e1yuyadm0\" dir=\"ltr\">&#8220;O filme passa de forma brilhante como essa estrutura de seguran\u00e7a p\u00fablica local j\u00e1 era repressiva, engendrada no malfeito, no crime organizado, com conex\u00f5es com pistoleiros.&#8221;<\/p>\n<\/div>\n<div class=\"css-1k9op6x e17x9cvu0\" dir=\"ltr\">\n<p class=\"css-s4cjt0 e1yuyadm0\" dir=\"ltr\">\u00c9 nesse cen\u00e1rio que surge a Perna Cabeluda.<\/p>\n<\/div>\n<div class=\"css-1k9op6x e17x9cvu0\" dir=\"ltr\">\n<h2 id=\"Terreno-f\u00e9rtil-para-lenda-urbana\" class=\"css-jtxtr9 emoh99e1\" tabindex=\"-1\">Terreno f\u00e9rtil para lenda urbana<\/h2>\n<div class=\"css-1k9op6x e17x9cvu0\" dir=\"ltr\">\n<p class=\"css-s4cjt0 e1yuyadm0\" dir=\"ltr\">A Perna Cabeluda \u00e9 apenas uma entre as muitas lendas urbanas que assombraram o Recife.<\/p>\n<\/div>\n<div class=\"css-1k9op6x e17x9cvu0\" dir=\"ltr\">\n<p class=\"css-s4cjt0 e1yuyadm0\" dir=\"ltr\">Ao lado de figuras como Biu do Olho Verde, Galeguinho do Coque \u2014 todos citados na m\u00fasica <i class=\"css-6whwaq e1vymu7d0\">Banditismo por uma Quest\u00e3o de Classe<\/i>, de Chico Science &amp; Na\u00e7\u00e3o Zumbi \u2014, al\u00e9m da Velhinha da Caxang\u00e1, da Emparedada da Rua Nova, entre outros.<\/p>\n<\/div>\n<div class=\"css-1k9op6x e17x9cvu0\" dir=\"ltr\">\n<p class=\"css-s4cjt0 e1yuyadm0\" dir=\"ltr\">Para Roberto Beltr\u00e3o, h\u00e1 uma combina\u00e7\u00e3o de fatores que explicam por que a capital pernambucana foi terreno f\u00e9rtil para tanta assombra\u00e7\u00e3o.<\/p>\n<\/div>\n<div class=\"css-1k9op6x e17x9cvu0\" dir=\"ltr\">\n<p class=\"css-s4cjt0 e1yuyadm0\" dir=\"ltr\">Primeiro, \u00e9 preciso lembrar a antiguidade da cidade. Recife \u00e9 a mais antiga entre as capitais do Brasil, fundada em 1537 \u2014 antes at\u00e9 que Salvador.<\/p>\n<\/div>\n<div class=\"css-1k9op6x e17x9cvu0\" dir=\"ltr\">\n<p class=\"css-s4cjt0 e1yuyadm0\" dir=\"ltr\">&#8220;A cidade acumula muitas hist\u00f3rias, muitas delas tr\u00e1gicas tamb\u00e9m. E elas levam um pouco de sobrenatural para uma mem\u00f3ria coletiva&#8221;, diz Beltr\u00e3o.<\/p>\n<\/div>\n<div class=\"css-1k9op6x e17x9cvu0\" dir=\"ltr\">\n<p class=\"css-s4cjt0 e1yuyadm0\" dir=\"ltr\">O escritor ressalta ainda que a cidade foi &#8220;caldeir\u00e3o cultural&#8221; com muita presen\u00e7a ind\u00edgena, negra e de europeus com uma cultura supersticiosa \u2014 mistura que gerava uma esp\u00e9cie de &#8220;catolicismo medi\u00fanico&#8221; nos engenhos de cana-de-a\u00e7\u00facar, base da economia local.<\/p>\n<\/div>\n<div class=\"css-1k9op6x e17x9cvu0\" dir=\"ltr\">\n<p class=\"css-s4cjt0 e1yuyadm0\" dir=\"ltr\">Durante o per\u00edodo colonial, em Pernambuco, os mortos poderosos tamb\u00e9m eram enterrados nas pr\u00f3prias terras.<\/p>\n<\/div>\n<div class=\"css-1k9op6x e17x9cvu0\" dir=\"ltr\">\n<p class=\"css-s4cjt0 e1yuyadm0\" dir=\"ltr\">&#8220;Acontecia de os donos de engenho se tornarem fantasmas porque em vida eles foram muito cru\u00e9is com os escravizados. As lendas apareceram como forma de lidar com muito sofrimento&#8221;, diz Beltr\u00e3o.<\/p>\n<\/div>\n<\/div>\n<h2 id=\"Recife-foi-uma-das-cidades-que-mais-viveu-a-repress\u00e3o-militar\" class=\"css-jtxtr9 emoh99e1\" tabindex=\"-1\"><\/h2>\n<\/div>\n<\/div>\n<\/div>\n<\/div>\n<\/div>\n<\/div>\n","protected":false},"excerpt":{"rendered":"<p>Em 10 de dezembro de 1975, est\u00e1 registrada em papel uma rara &#8220;certid\u00e3o de nascimento&#8221; de uma lenda urbana.<\/p>\n","protected":false},"author":1,"featured_media":0,"comment_status":"closed","ping_status":"open","sticky":false,"template":"","format":"standard","meta":{"_exactmetrics_skip_tracking":false,"_exactmetrics_sitenote_active":false,"_exactmetrics_sitenote_note":"","_exactmetrics_sitenote_category":0,"jetpack_post_was_ever_published":false,"_jetpack_newsletter_access":"","_jetpack_dont_email_post_to_subs":false,"_jetpack_newsletter_tier_id":0,"_jetpack_memberships_contains_paywalled_content":false,"_jetpack_memberships_contains_paid_content":false,"footnotes":"","jetpack_publicize_message":"","jetpack_publicize_feature_enabled":true,"jetpack_social_post_already_shared":true,"jetpack_social_options":{"image_generator_settings":{"template":"highway","enabled":false},"version":2}},"categories":[1],"tags":[],"class_list":["post-38196","post","type-post","status-publish","format-standard","hentry","category-notas"],"jetpack_publicize_connections":[],"jetpack_sharing_enabled":true,"jetpack_featured_media_url":"","jetpack_shortlink":"https:\/\/wp.me\/p7wKYW-9W4","jetpack-related-posts":[],"_links":{"self":[{"href":"http:\/\/blogdalucianaoliveira.com.br\/blog\/wp-json\/wp\/v2\/posts\/38196","targetHints":{"allow":["GET"]}}],"collection":[{"href":"http:\/\/blogdalucianaoliveira.com.br\/blog\/wp-json\/wp\/v2\/posts"}],"about":[{"href":"http:\/\/blogdalucianaoliveira.com.br\/blog\/wp-json\/wp\/v2\/types\/post"}],"author":[{"embeddable":true,"href":"http:\/\/blogdalucianaoliveira.com.br\/blog\/wp-json\/wp\/v2\/users\/1"}],"replies":[{"embeddable":true,"href":"http:\/\/blogdalucianaoliveira.com.br\/blog\/wp-json\/wp\/v2\/comments?post=38196"}],"version-history":[{"count":1,"href":"http:\/\/blogdalucianaoliveira.com.br\/blog\/wp-json\/wp\/v2\/posts\/38196\/revisions"}],"predecessor-version":[{"id":38198,"href":"http:\/\/blogdalucianaoliveira.com.br\/blog\/wp-json\/wp\/v2\/posts\/38196\/revisions\/38198"}],"wp:attachment":[{"href":"http:\/\/blogdalucianaoliveira.com.br\/blog\/wp-json\/wp\/v2\/media?parent=38196"}],"wp:term":[{"taxonomy":"category","embeddable":true,"href":"http:\/\/blogdalucianaoliveira.com.br\/blog\/wp-json\/wp\/v2\/categories?post=38196"},{"taxonomy":"post_tag","embeddable":true,"href":"http:\/\/blogdalucianaoliveira.com.br\/blog\/wp-json\/wp\/v2\/tags?post=38196"}],"curies":[{"name":"wp","href":"https:\/\/api.w.org\/{rel}","templated":true}]}}