{"id":38199,"date":"2026-01-21T18:15:28","date_gmt":"2026-01-21T22:15:28","guid":{"rendered":"https:\/\/blogdalucianaoliveira.com.br\/blog\/?p=38199"},"modified":"2026-01-21T18:15:28","modified_gmt":"2026-01-21T22:15:28","slug":"lula-assina-mp-que-reajusta-piso-salarial-dos-professores-acima-da-inflacao-em-2026","status":"publish","type":"post","link":"http:\/\/blogdalucianaoliveira.com.br\/blog\/2026\/01\/21\/lula-assina-mp-que-reajusta-piso-salarial-dos-professores-acima-da-inflacao-em-2026\/","title":{"rendered":"Lula assina MP que reajusta piso salarial dos professores acima da infla\u00e7\u00e3o em 2026"},"content":{"rendered":"<p><img data-recalc-dims=\"1\" loading=\"lazy\" decoding=\"async\" data-attachment-id=\"38200\" data-permalink=\"http:\/\/blogdalucianaoliveira.com.br\/blog\/2026\/01\/21\/lula-assina-mp-que-reajusta-piso-salarial-dos-professores-acima-da-inflacao-em-2026\/img_4334\/\" data-orig-file=\"https:\/\/i0.wp.com\/blogdalucianaoliveira.com.br\/blog\/wp-content\/uploads\/2026\/01\/IMG_4334.webp?fit=1170%2C700\" data-orig-size=\"1170,700\" data-comments-opened=\"0\" data-image-meta=\"{&quot;aperture&quot;:&quot;0&quot;,&quot;credit&quot;:&quot;&quot;,&quot;camera&quot;:&quot;&quot;,&quot;caption&quot;:&quot;&quot;,&quot;created_timestamp&quot;:&quot;0&quot;,&quot;copyright&quot;:&quot;&quot;,&quot;focal_length&quot;:&quot;0&quot;,&quot;iso&quot;:&quot;0&quot;,&quot;shutter_speed&quot;:&quot;0&quot;,&quot;title&quot;:&quot;&quot;,&quot;orientation&quot;:&quot;0&quot;}\" data-image-title=\"IMG_4334\" data-image-description=\"\" data-image-caption=\"\" data-medium-file=\"https:\/\/i0.wp.com\/blogdalucianaoliveira.com.br\/blog\/wp-content\/uploads\/2026\/01\/IMG_4334.webp?fit=300%2C179\" data-large-file=\"https:\/\/i0.wp.com\/blogdalucianaoliveira.com.br\/blog\/wp-content\/uploads\/2026\/01\/IMG_4334.webp?fit=600%2C359\" class=\"alignnone size-medium wp-image-38200\" src=\"https:\/\/i0.wp.com\/blogdalucianaoliveira.com.br\/blog\/wp-content\/uploads\/2026\/01\/IMG_4334.webp?resize=300%2C179\" alt=\"\" width=\"300\" height=\"179\" srcset=\"https:\/\/i0.wp.com\/blogdalucianaoliveira.com.br\/blog\/wp-content\/uploads\/2026\/01\/IMG_4334.webp?resize=300%2C179 300w, https:\/\/i0.wp.com\/blogdalucianaoliveira.com.br\/blog\/wp-content\/uploads\/2026\/01\/IMG_4334.webp?resize=1024%2C613 1024w, https:\/\/i0.wp.com\/blogdalucianaoliveira.com.br\/blog\/wp-content\/uploads\/2026\/01\/IMG_4334.webp?resize=768%2C459 768w, https:\/\/i0.wp.com\/blogdalucianaoliveira.com.br\/blog\/wp-content\/uploads\/2026\/01\/IMG_4334.webp?resize=501%2C300 501w, https:\/\/i0.wp.com\/blogdalucianaoliveira.com.br\/blog\/wp-content\/uploads\/2026\/01\/IMG_4334.webp?w=1170 1170w\" sizes=\"auto, (max-width: 300px) 100vw, 300px\" \/><\/p>\n<h2 class=\"article__lead\">Aumento de 5,4% supera infla\u00e7\u00e3o e estabelece nova f\u00f3rmula de atualiza\u00e7\u00e3o salarial<\/h2>\n<p><!--more--><b>247 &#8211;<\/b> O presidente Luiz In\u00e1cio Lula da Silva (PT) assinou nesta quarta-feira (21) uma medida provis\u00f3ria que autoriza o reajuste do piso salarial nacional dos professores da educa\u00e7\u00e3o b\u00e1sica. O aumento definido \u00e9 de 5,4% e passa a valer em 2026, elevando o valor m\u00ednimo da categoria de R$ 4.867,77 para R$ 5.130,63. Segundo o <a href=\"https:\/\/g1.globo.com\/politica\/noticia\/2026\/01\/21\/ao-lado-de-lula-camilo-santana-anuncia-reajuste-do-piso-salarial-dos-professores.ghtml\" target=\"_blank\" rel=\"noopener noreferrer nofollow\">G1<\/a>, o reajuste representa um ganho real de 1,5 ponto percentual acima da infla\u00e7\u00e3o medida pelo \u00cdndice Nacional de Pre\u00e7os ao Consumidor (INPC) de 2025, que fechou em 3,9%.<\/p>\n<h2>Medida provis\u00f3ria redefine c\u00e1lculo do piso nacional<\/h2>\n<p>Al\u00e9m do reajuste nominal, o texto altera os crit\u00e9rios de c\u00e1lculo do piso salarial do magist\u00e9rio, que corresponde ao valor m\u00ednimo que deve ser pago a professores das redes p\u00fablicas de educa\u00e7\u00e3o b\u00e1sica em todo o pa\u00eds, incluindo estados, munic\u00edpios e o Distrito Federal.<\/p>\n<p>A atualiza\u00e7\u00e3o anual passar\u00e1 a considerar a soma da infla\u00e7\u00e3o medida pelo INPC do ano anterior com 50% da m\u00e9dia da varia\u00e7\u00e3o percentual da receita real, tamb\u00e9m corrigida pelo INPC, referente \u00e0s contribui\u00e7\u00f5es de estados, Distrito Federal e munic\u00edpios ao Fundo de Manuten\u00e7\u00e3o e Desenvolvimento da Educa\u00e7\u00e3o B\u00e1sica e de Valoriza\u00e7\u00e3o dos Profissionais da Educa\u00e7\u00e3o (Fundeb) nos cinco anos anteriores ao reajuste.<\/p>\n<h2>Nova f\u00f3rmula garante corre\u00e7\u00e3o m\u00ednima pela infla\u00e7\u00e3o<\/h2>\n<p>O texto da medida provis\u00f3ria estabelece ainda que o percentual aplicado ao piso salarial jamais poder\u00e1 ser inferior \u00e0 infla\u00e7\u00e3o do ano anterior. Dessa forma, a nova metodologia assegura, no m\u00ednimo, a preserva\u00e7\u00e3o do poder de compra dos professores. De acordo com o Minist\u00e9rio da Educa\u00e7\u00e3o, a mudan\u00e7a tem como objetivo adequar a Lei do Piso \u00e0s transforma\u00e7\u00f5es introduzidas pela emenda constitucional que instituiu o novo Fundeb, fortalecendo o financiamento da educa\u00e7\u00e3o b\u00e1sica e a valoriza\u00e7\u00e3o dos profissionais do magist\u00e9rio.<\/p>\n<h2>Mudan\u00e7a busca adequar lei ao novo Fundeb<\/h2>\n<p>A pasta destaca que a nova f\u00f3rmula est\u00e1 alinhada \u00e0 meta 17 do Plano Nacional de Educa\u00e7\u00e3o, que estabelece a valoriza\u00e7\u00e3o dos profissionais da educa\u00e7\u00e3o b\u00e1sica das redes p\u00fablicas. A atualiza\u00e7\u00e3o oficial do piso ser\u00e1 formalizada por meio de portaria a ser assinada pelo ministro da Educa\u00e7\u00e3o, Camilo Santana, com base nas regras previstas na medida provis\u00f3ria.<\/p>\n","protected":false},"excerpt":{"rendered":"<p>Aumento de 5,4% supera infla\u00e7\u00e3o e estabelece nova f\u00f3rmula de atualiza\u00e7\u00e3o salarial<\/p>\n","protected":false},"author":1,"featured_media":0,"comment_status":"closed","ping_status":"open","sticky":false,"template":"","format":"standard","meta":{"_exactmetrics_skip_tracking":false,"_exactmetrics_sitenote_active":false,"_exactmetrics_sitenote_note":"","_exactmetrics_sitenote_category":0,"jetpack_post_was_ever_published":false,"_jetpack_newsletter_access":"","_jetpack_dont_email_post_to_subs":false,"_jetpack_newsletter_tier_id":0,"_jetpack_memberships_contains_paywalled_content":false,"_jetpack_memberships_contains_paid_content":false,"footnotes":"","jetpack_publicize_message":"","jetpack_publicize_feature_enabled":true,"jetpack_social_post_already_shared":true,"jetpack_social_options":{"image_generator_settings":{"template":"highway","enabled":false},"version":2}},"categories":[1],"tags":[],"class_list":["post-38199","post","type-post","status-publish","format-standard","hentry","category-notas"],"jetpack_publicize_connections":[],"jetpack_sharing_enabled":true,"jetpack_featured_media_url":"","jetpack_shortlink":"https:\/\/wp.me\/p7wKYW-9W7","jetpack-related-posts":[],"_links":{"self":[{"href":"http:\/\/blogdalucianaoliveira.com.br\/blog\/wp-json\/wp\/v2\/posts\/38199","targetHints":{"allow":["GET"]}}],"collection":[{"href":"http:\/\/blogdalucianaoliveira.com.br\/blog\/wp-json\/wp\/v2\/posts"}],"about":[{"href":"http:\/\/blogdalucianaoliveira.com.br\/blog\/wp-json\/wp\/v2\/types\/post"}],"author":[{"embeddable":true,"href":"http:\/\/blogdalucianaoliveira.com.br\/blog\/wp-json\/wp\/v2\/users\/1"}],"replies":[{"embeddable":true,"href":"http:\/\/blogdalucianaoliveira.com.br\/blog\/wp-json\/wp\/v2\/comments?post=38199"}],"version-history":[{"count":1,"href":"http:\/\/blogdalucianaoliveira.com.br\/blog\/wp-json\/wp\/v2\/posts\/38199\/revisions"}],"predecessor-version":[{"id":38201,"href":"http:\/\/blogdalucianaoliveira.com.br\/blog\/wp-json\/wp\/v2\/posts\/38199\/revisions\/38201"}],"wp:attachment":[{"href":"http:\/\/blogdalucianaoliveira.com.br\/blog\/wp-json\/wp\/v2\/media?parent=38199"}],"wp:term":[{"taxonomy":"category","embeddable":true,"href":"http:\/\/blogdalucianaoliveira.com.br\/blog\/wp-json\/wp\/v2\/categories?post=38199"},{"taxonomy":"post_tag","embeddable":true,"href":"http:\/\/blogdalucianaoliveira.com.br\/blog\/wp-json\/wp\/v2\/tags?post=38199"}],"curies":[{"name":"wp","href":"https:\/\/api.w.org\/{rel}","templated":true}]}}