{"id":38202,"date":"2026-01-21T18:24:38","date_gmt":"2026-01-21T22:24:38","guid":{"rendered":"https:\/\/blogdalucianaoliveira.com.br\/blog\/?p=38202"},"modified":"2026-01-21T18:24:38","modified_gmt":"2026-01-21T22:24:38","slug":"educacao-inclusiva-claudia-de-jesus-pede-inclusao-de-cuidadores-e-psicopedagogos-em-concursos-da-seduc","status":"publish","type":"post","link":"http:\/\/blogdalucianaoliveira.com.br\/blog\/2026\/01\/21\/educacao-inclusiva-claudia-de-jesus-pede-inclusao-de-cuidadores-e-psicopedagogos-em-concursos-da-seduc\/","title":{"rendered":"Educa\u00e7\u00e3o inclusiva: Cl\u00e1udia de Jesus pede inclus\u00e3o de cuidadores e psicopedagogos em concursos da Seduc"},"content":{"rendered":"<p><img data-recalc-dims=\"1\" loading=\"lazy\" decoding=\"async\" data-attachment-id=\"38205\" data-permalink=\"http:\/\/blogdalucianaoliveira.com.br\/blog\/2026\/01\/21\/educacao-inclusiva-claudia-de-jesus-pede-inclusao-de-cuidadores-e-psicopedagogos-em-concursos-da-seduc\/img_4337\/\" data-orig-file=\"https:\/\/i0.wp.com\/blogdalucianaoliveira.com.br\/blog\/wp-content\/uploads\/2026\/01\/IMG_4337.jpeg?fit=1153%2C698\" data-orig-size=\"1153,698\" data-comments-opened=\"0\" data-image-meta=\"{&quot;aperture&quot;:&quot;0&quot;,&quot;credit&quot;:&quot;&quot;,&quot;camera&quot;:&quot;&quot;,&quot;caption&quot;:&quot;&quot;,&quot;created_timestamp&quot;:&quot;0&quot;,&quot;copyright&quot;:&quot;&quot;,&quot;focal_length&quot;:&quot;0&quot;,&quot;iso&quot;:&quot;0&quot;,&quot;shutter_speed&quot;:&quot;0&quot;,&quot;title&quot;:&quot;&quot;,&quot;orientation&quot;:&quot;1&quot;}\" data-image-title=\"IMG_4337\" data-image-description=\"\" data-image-caption=\"\" data-medium-file=\"https:\/\/i0.wp.com\/blogdalucianaoliveira.com.br\/blog\/wp-content\/uploads\/2026\/01\/IMG_4337.jpeg?fit=300%2C182\" data-large-file=\"https:\/\/i0.wp.com\/blogdalucianaoliveira.com.br\/blog\/wp-content\/uploads\/2026\/01\/IMG_4337.jpeg?fit=600%2C363\" class=\"alignnone size-medium wp-image-38205\" src=\"https:\/\/i0.wp.com\/blogdalucianaoliveira.com.br\/blog\/wp-content\/uploads\/2026\/01\/IMG_4337.jpeg?resize=300%2C182\" alt=\"\" width=\"300\" height=\"182\" srcset=\"https:\/\/i0.wp.com\/blogdalucianaoliveira.com.br\/blog\/wp-content\/uploads\/2026\/01\/IMG_4337.jpeg?resize=300%2C182 300w, https:\/\/i0.wp.com\/blogdalucianaoliveira.com.br\/blog\/wp-content\/uploads\/2026\/01\/IMG_4337.jpeg?resize=1024%2C620 1024w, https:\/\/i0.wp.com\/blogdalucianaoliveira.com.br\/blog\/wp-content\/uploads\/2026\/01\/IMG_4337.jpeg?resize=768%2C465 768w, https:\/\/i0.wp.com\/blogdalucianaoliveira.com.br\/blog\/wp-content\/uploads\/2026\/01\/IMG_4337.jpeg?resize=496%2C300 496w, https:\/\/i0.wp.com\/blogdalucianaoliveira.com.br\/blog\/wp-content\/uploads\/2026\/01\/IMG_4337.jpeg?w=1153 1153w\" sizes=\"auto, (max-width: 300px) 100vw, 300px\" \/><\/p>\n<p>Parlamentar solicita retifica\u00e7\u00e3o de editais para garantir profissionais essenciais na rede de ensino.<!--more--><\/p>\n<p>A deputada estadual Cl\u00e1udia de Jesus (PT) apresentou duas indica\u00e7\u00f5es ao Governo do Estado solicitando a retifica\u00e7\u00e3o dos editais da Superintend\u00eancia Estadual de Gest\u00e3o de Pessoas (Segep), referentes a concursos da Secretaria de Estado da Educa\u00e7\u00e3o (Seduc), para incluir vagas destinadas a T\u00e9cnico Educacional\/Cuidador e psicopedagogos.<\/p>\n<p>Segundo a parlamentar, a aus\u00eancia desses cargos compromete a efetividade da educa\u00e7\u00e3o inclusiva na rede p\u00fablica estadual. O T\u00e9cnico Educacional\/Cuidador, previsto em lei estadual, atua no apoio direto a alunos com defici\u00eancia, enquanto o psicopedagogo \u00e9 fundamental para o Atendimento Educacional Especializado (AEE), voltado \u00e0 identifica\u00e7\u00e3o e interven\u00e7\u00e3o nas dificuldades de aprendizagem.<\/p>\n<p>Para Cl\u00e1udia de Jesus, a retifica\u00e7\u00e3o dos editais \u00e9 uma medida necess\u00e1ria para garantir estrutura adequada \u00e0s escolas e assegurar o direito \u00e0 educa\u00e7\u00e3o com qualidade. \u201cN\u00e3o h\u00e1 inclus\u00e3o sem profissionais preparados. \u00c9 preciso alinhar os concursos \u00e0 realidade das escolas e \u00e0s necessidades dos alunos\u201d, afirmou a deputada.<\/p>\n","protected":false},"excerpt":{"rendered":"<p>Parlamentar solicita retifica\u00e7\u00e3o de editais para garantir profissionais essenciais na rede de ensino.<\/p>\n","protected":false},"author":1,"featured_media":0,"comment_status":"closed","ping_status":"open","sticky":false,"template":"","format":"standard","meta":{"_exactmetrics_skip_tracking":false,"_exactmetrics_sitenote_active":false,"_exactmetrics_sitenote_note":"","_exactmetrics_sitenote_category":0,"jetpack_post_was_ever_published":false,"_jetpack_newsletter_access":"","_jetpack_dont_email_post_to_subs":false,"_jetpack_newsletter_tier_id":0,"_jetpack_memberships_contains_paywalled_content":false,"_jetpack_memberships_contains_paid_content":false,"footnotes":"","jetpack_publicize_message":"","jetpack_publicize_feature_enabled":true,"jetpack_social_post_already_shared":true,"jetpack_social_options":{"image_generator_settings":{"template":"highway","enabled":false},"version":2}},"categories":[1],"tags":[1429,158],"class_list":["post-38202","post","type-post","status-publish","format-standard","hentry","category-notas","tag-deputada-claudia-de-jesus","tag-educacao"],"jetpack_publicize_connections":[],"jetpack_sharing_enabled":true,"jetpack_featured_media_url":"","jetpack_shortlink":"https:\/\/wp.me\/p7wKYW-9Wa","jetpack-related-posts":[],"_links":{"self":[{"href":"http:\/\/blogdalucianaoliveira.com.br\/blog\/wp-json\/wp\/v2\/posts\/38202","targetHints":{"allow":["GET"]}}],"collection":[{"href":"http:\/\/blogdalucianaoliveira.com.br\/blog\/wp-json\/wp\/v2\/posts"}],"about":[{"href":"http:\/\/blogdalucianaoliveira.com.br\/blog\/wp-json\/wp\/v2\/types\/post"}],"author":[{"embeddable":true,"href":"http:\/\/blogdalucianaoliveira.com.br\/blog\/wp-json\/wp\/v2\/users\/1"}],"replies":[{"embeddable":true,"href":"http:\/\/blogdalucianaoliveira.com.br\/blog\/wp-json\/wp\/v2\/comments?post=38202"}],"version-history":[{"count":1,"href":"http:\/\/blogdalucianaoliveira.com.br\/blog\/wp-json\/wp\/v2\/posts\/38202\/revisions"}],"predecessor-version":[{"id":38206,"href":"http:\/\/blogdalucianaoliveira.com.br\/blog\/wp-json\/wp\/v2\/posts\/38202\/revisions\/38206"}],"wp:attachment":[{"href":"http:\/\/blogdalucianaoliveira.com.br\/blog\/wp-json\/wp\/v2\/media?parent=38202"}],"wp:term":[{"taxonomy":"category","embeddable":true,"href":"http:\/\/blogdalucianaoliveira.com.br\/blog\/wp-json\/wp\/v2\/categories?post=38202"},{"taxonomy":"post_tag","embeddable":true,"href":"http:\/\/blogdalucianaoliveira.com.br\/blog\/wp-json\/wp\/v2\/tags?post=38202"}],"curies":[{"name":"wp","href":"https:\/\/api.w.org\/{rel}","templated":true}]}}