{"id":38208,"date":"2026-01-27T10:20:50","date_gmt":"2026-01-27T14:20:50","guid":{"rendered":"https:\/\/blogdalucianaoliveira.com.br\/blog\/?p=38208"},"modified":"2026-01-27T10:20:50","modified_gmt":"2026-01-27T14:20:50","slug":"fundo-amazonia-amplia-acoes-e-bate-recorde-anual-de-investimentos","status":"publish","type":"post","link":"http:\/\/blogdalucianaoliveira.com.br\/blog\/2026\/01\/27\/fundo-amazonia-amplia-acoes-e-bate-recorde-anual-de-investimentos\/","title":{"rendered":"Fundo Amaz\u00f4nia amplia a\u00e7\u00f5es e bate recorde anual de investimentos"},"content":{"rendered":"<p><img data-recalc-dims=\"1\" loading=\"lazy\" decoding=\"async\" data-attachment-id=\"38209\" data-permalink=\"http:\/\/blogdalucianaoliveira.com.br\/blog\/2026\/01\/27\/fundo-amazonia-amplia-acoes-e-bate-recorde-anual-de-investimentos\/img_4821\/\" data-orig-file=\"https:\/\/i0.wp.com\/blogdalucianaoliveira.com.br\/blog\/wp-content\/uploads\/2026\/01\/IMG_4821.webp?fit=610%2C380\" data-orig-size=\"610,380\" data-comments-opened=\"0\" data-image-meta=\"{&quot;aperture&quot;:&quot;0&quot;,&quot;credit&quot;:&quot;&quot;,&quot;camera&quot;:&quot;&quot;,&quot;caption&quot;:&quot;&quot;,&quot;created_timestamp&quot;:&quot;0&quot;,&quot;copyright&quot;:&quot;&quot;,&quot;focal_length&quot;:&quot;0&quot;,&quot;iso&quot;:&quot;0&quot;,&quot;shutter_speed&quot;:&quot;0&quot;,&quot;title&quot;:&quot;&quot;,&quot;orientation&quot;:&quot;0&quot;}\" data-image-title=\"IMG_4821\" data-image-description=\"\" data-image-caption=\"\" data-medium-file=\"https:\/\/i0.wp.com\/blogdalucianaoliveira.com.br\/blog\/wp-content\/uploads\/2026\/01\/IMG_4821.webp?fit=300%2C187\" data-large-file=\"https:\/\/i0.wp.com\/blogdalucianaoliveira.com.br\/blog\/wp-content\/uploads\/2026\/01\/IMG_4821.webp?fit=600%2C374\" class=\"alignnone size-medium wp-image-38209\" src=\"https:\/\/i0.wp.com\/blogdalucianaoliveira.com.br\/blog\/wp-content\/uploads\/2026\/01\/IMG_4821.webp?resize=300%2C187\" alt=\"\" width=\"300\" height=\"187\" srcset=\"https:\/\/i0.wp.com\/blogdalucianaoliveira.com.br\/blog\/wp-content\/uploads\/2026\/01\/IMG_4821.webp?resize=300%2C187 300w, https:\/\/i0.wp.com\/blogdalucianaoliveira.com.br\/blog\/wp-content\/uploads\/2026\/01\/IMG_4821.webp?resize=482%2C300 482w, https:\/\/i0.wp.com\/blogdalucianaoliveira.com.br\/blog\/wp-content\/uploads\/2026\/01\/IMG_4821.webp?w=610 610w\" sizes=\"auto, (max-width: 300px) 100vw, 300px\" \/><\/p>\n<h2 class=\"article__lead\">Com mais de R$ 2 bilh\u00f5es aprovados em 2025, iniciativa refor\u00e7a combate a inc\u00eandios, restaura\u00e7\u00e3o florestal e atividades sustent\u00e1veis na Amaz\u00f4nia Legal<\/h2>\n<p><!--more-->247 &#8211; Com o maior volume anual desde sua cria\u00e7\u00e3o, o Fundo Amaz\u00f4nia consolidou, em 2025, uma nova escala de atua\u00e7\u00e3o no combate ao desmatamento, na restaura\u00e7\u00e3o florestal e no apoio a atividades produtivas sustent\u00e1veis. Somente no ano passado, mais de R$ 2 bilh\u00f5es em projetos foram aprovados, resultado que se soma ao desempenho do tri\u00eanio 2023 \u20132025, per\u00edodo em que o fundo aprovou e contratou R$ 3,7 bilh\u00f5es, o equivalente a 56% de todo o volume apoiado desde 2008.<\/p>\n<p>Os n\u00fameros foram apresentados durante a Reuni\u00e3o Anual de Doadores do Fundo Amaz\u00f4nia com o Banco Nacional de Desenvolvimento Econ\u00f4mico e Social (BNDES), realizada em dezembro, na sede da institui\u00e7\u00e3o, no Rio de Janeiro. O encontro reuniu representantes de pa\u00edses apoiadores para a presta\u00e7\u00e3o de contas sobre a execu\u00e7\u00e3o dos projetos. Gerido pelo BNDES, sob coordena\u00e7\u00e3o do Minist\u00e9rio do Meio Ambiente e Mudan\u00e7a do Clima (MMA), o Fundo Amaz\u00f4nia \u00e9 considerado a maior iniciativa mundial voltada \u00e0 redu\u00e7\u00e3o de emiss\u00f5es por desmatamento e degrada\u00e7\u00e3o florestal (REDD+) e um dos principais instrumentos da pol\u00edtica ambiental e clim\u00e1tica brasileira.<\/p>\n<div class=\"marginBottom30\">\n<div class=\"ad ad--center marginBottom0\">\n<div id=\"b247-multipage-video-1\" data-google-query-id=\"CLTsiJ70q5IDFdtOuAQdtrEKaw\">\n<div id=\"google_ads_iframe_\/55115104\/b247-multipage-video-1_0__container__\"><\/div>\n<div id=\"notsy_container_478141513\" class=\"B24_VIDEO_GAM\" data-notsy-container-index=\"1\" data-notsy-mapped-container=\"1\"><\/div>\n<\/div>\n<\/div>\n<\/div>\n<p>O desempenho recente reflete a retomada operacional do fundo e a amplia\u00e7\u00e3o da capacidade de execu\u00e7\u00e3o. Desde 2023, foram aprovados mais de 140 projetos, com apoio a mais de 650 institui\u00e7\u00f5es, alcan\u00e7ando mais de 75% dos munic\u00edpios da Amaz\u00f4nia Legal e beneficiando diretamente mais de 260 mil pessoas.<\/p>\n<p>O presidente do BNDES, Aloizio Mercadante, afirmou que os resultados confirmam a relev\u00e2ncia do fundo como pol\u00edtica p\u00fablica estruturante. \u201c<b>O Fundo Amaz\u00f4nia demonstra que \u00e9 poss\u00edvel combinar rigor na governan\u00e7a, escala de financiamento e resultados concretos no territ\u00f3rio. A retomada do fundo permitiu acelerar a an\u00e1lise e a execu\u00e7\u00e3o dos projetos, ampliar a coopera\u00e7\u00e3o internacional e transformar recursos em a\u00e7\u00f5es efetivas de prote\u00e7\u00e3o ambiental, desenvolvimento sustent\u00e1vel e inclus\u00e3o social<\/b>\u201d, disse.<\/p>\n<h2><b>Mais doadores e expans\u00e3o internacional<\/b><\/h2>\n<p>Ap\u00f3s a retomada do apoio a novos projetos, em 2023, o n\u00famero de doadores internacionais passou de dois para nove pa\u00edses: Noruega, Alemanha, Estados Unidos, Reino Unido, Su\u00ed\u00e7a, Jap\u00e3o, Dinamarca, Irlanda e Uni\u00e3o Europeia. Desde janeiro daquele ano, foram firmados US$ 309 milh\u00f5es em novos contratos de doa\u00e7\u00e3o, dos quais US$ 212 milh\u00f5es j\u00e1 foram internalizados, al\u00e9m de compromissos financeiros adicionais em negocia\u00e7\u00e3o.<\/p>\n<p>Essa expans\u00e3o, segundo o MMA, contribui diretamente para o cumprimento das metas clim\u00e1ticas brasileiras no \u00e2mbito do Acordo de Paris e dos objetivos do Plano de A\u00e7\u00e3o para Preven\u00e7\u00e3o e Controle do Desmatamento na Amaz\u00f4nia Legal (PPCDAm).<\/p>\n<p>A ministra do Meio Ambiente e Mudan\u00e7a do Clima, Marina Silva, destacou a rela\u00e7\u00e3o entre os resultados do fundo e a redu\u00e7\u00e3o do desmatamento. \u201c<b>Os excepcionais resultados atingidos pelo Fundo Amaz\u00f4nia nestes tr\u00eas anos refletem a retomada, de modo priorit\u00e1rio, da pol\u00edtica ambiental e clim\u00e1tica no Brasil, que se traduz na redu\u00e7\u00e3o de mais de 50% do desmatamento na Amaz\u00f4nia em 2025 na compara\u00e7\u00e3o a 2022<\/b>\u201d, afirmou.<\/p>\n<p>Ela acrescentou: \u201c<b>Essa queda viabiliza a capta\u00e7\u00e3o de novos recursos ao fundo, o que nos permite, por sua vez, lev\u00e1-los a quem de fato protege a floresta \u2013 popula\u00e7\u00f5es ind\u00edgenas, comunidades tradicionais e locais \u2013, fortalecendo tamb\u00e9m a promo\u00e7\u00e3o da ci\u00eancia, tecnologia e inova\u00e7\u00e3o no bioma. Dessa forma, o mecanismo atinge o principal objetivo pelo qual foi criado: promover o desenvolvimento sustent\u00e1vel na regi\u00e3o<\/b>\u201d.<\/p>\n<h2><b>Combate a inc\u00eandios e fortalecimento institucional<\/b><\/h2>\n<p>Entre os projetos aprovados neste ciclo, o Fundo Amaz\u00f4nia financiou a estrutura\u00e7\u00e3o de 30 bases operacionais, a capacita\u00e7\u00e3o de cerca de 5 mil profissionais e a distribui\u00e7\u00e3o de 500 ve\u00edculos e 30 mil equipamentos. As a\u00e7\u00f5es refor\u00e7am brigadas estaduais e os Corpos de Bombeiros no enfrentamento aos inc\u00eandios florestais nos nove estados da Amaz\u00f4nia Legal e em unidades da federa\u00e7\u00e3o com \u00e1reas de Cerrado e Pantanal, como Minas Gerais, Goi\u00e1s, Piau\u00ed, Bahia, Mato Grosso do Sul e o Distrito Federal.<\/p>\n<p>As iniciativas ampliam a capacidade de resposta dos estados e fortalecem a preven\u00e7\u00e3o de inc\u00eandios florestais e queimadas, contribuindo para a implementa\u00e7\u00e3o da pol\u00edtica de Manejo Integrado do Fogo.<\/p>\n<p>Ao detalhar as a\u00e7\u00f5es apoiadas pelo fundo no \u00e2mbito do MMA, o secret\u00e1rio-executivo da pasta, Jo\u00e3o Paulo Capobianco, ressaltou que a coopera\u00e7\u00e3o internacional tem potencializado o cumprimento dos compromissos ambientais do pa\u00eds. Ele citou a redu\u00e7\u00e3o de 39,5% na m\u00e9dia nacional de inc\u00eandios na compara\u00e7\u00e3o entre 2017 e 2024, com destaque para a Amaz\u00f4nia, que registrou queda de 75,8%, e para o Pantanal, com redu\u00e7\u00e3o de 93,3%. Tamb\u00e9m mencionou o programa Uni\u00e3o com os Munic\u00edpios, que j\u00e1 conta com a ades\u00e3o de 70 dos 81 munic\u00edpios priorit\u00e1rios no combate ao desmatamento e aos inc\u00eandios florestais na Amaz\u00f4nia Legal.<\/p>\n<p>\u201cO apoio da comunidade internacional n\u00e3o reduz o nosso empenho. Pelo contr\u00e1rio, ele se soma ao esfor\u00e7o crescente do Governo do Brasil para cumprir suas metas. Estamos cumprindo nossos compromissos e criando adicionalidade. Realizando concursos, integramos mais de 800 novos servidores ao Ibama e aumentamos significativamente o or\u00e7amento do \u00f3rg\u00e3o\u201d, afirmou Capobianco.<\/p>\n<h2><b>Restaura\u00e7\u00e3o e atividades produtivas sustent\u00e1veis<\/b><\/h2>\n<p>Na agenda de restaura\u00e7\u00e3o florestal, o programa Restaura Amaz\u00f4nia destina R$ 450 milh\u00f5es \u00e0 recupera\u00e7\u00e3o de \u00e1reas degradadas. At\u00e9 o momento, 45 projetos foram selecionados, abrangendo 26 terras ind\u00edgenas, 80 assentamentos e oito unidades de conserva\u00e7\u00e3o, consolidando o chamado Arco da Restaura\u00e7\u00e3o como pol\u00edtica p\u00fablica estruturante.<\/p>\n<p>O fundo tamb\u00e9m direcionou R$ 595 milh\u00f5es para atividades produtivas sustent\u00e1veis, em projetos que beneficiam mais de 20 mil fam\u00edlias e fortalecem mais de 60 organiza\u00e7\u00f5es locais, com destaque para iniciativas voltadas \u00e0 agenda ind\u00edgena e \u00e0 bioeconomia.<\/p>\n<p>Durante a apresenta\u00e7\u00e3o dos resultados, o superintendente da \u00c1rea de Meio Ambiente do BNDES, Nabil Kadri, destacou a amplia\u00e7\u00e3o da capilaridade do fundo e a mudan\u00e7a de estrat\u00e9gia, que passou a colocar comunidades ind\u00edgenas e tradicionais no centro das a\u00e7\u00f5es.<\/p>\n<p>\u201c<b>Na nova fase do Fundo Amaz\u00f4nia, alcan\u00e7amos a totalidade das terras ind\u00edgenas da Amaz\u00f4nia Legal. Criamos um verdadeiro cintur\u00e3o de prote\u00e7\u00e3o contra o avan\u00e7o do desmatamento ilegal, com uma estrat\u00e9gia que combina escala, foco territorial e participa\u00e7\u00e3o direta dos povos ind\u00edgenas. Todos os projetos contam com participa\u00e7\u00e3o efetiva dos povos, tanto na gest\u00e3o dos recursos quanto na implementa\u00e7\u00e3o. Essa governan\u00e7a compartilhada representa uma mudan\u00e7a estrutural na atua\u00e7\u00e3o<\/b>\u201d, afirmou.<\/p>\n<h2><b>17 anos de atua\u00e7\u00e3o e consolida\u00e7\u00e3o do modelo<\/b><\/h2>\n<p>Em 2025, o Fundo Amaz\u00f4nia completou 17 anos de atua\u00e7\u00e3o, consolidando-se como o principal instrumento de coopera\u00e7\u00e3o internacional para o combate ao desmatamento e o fortalecimento das comunidades da Amaz\u00f4nia Legal. Ao longo de sua trajet\u00f3ria, apoiou mais de 600 organiza\u00e7\u00f5es comunit\u00e1rias e impactou positivamente cerca de 260 mil pessoas, com investimentos em produ\u00e7\u00e3o sustent\u00e1vel, ordenamento territorial e melhoria das condi\u00e7\u00f5es de vida de popula\u00e7\u00f5es que dependem da floresta.<\/p>\n<p>O marco foi celebrado em evento realizado em Manaus, nos dias 12 e 13 de agosto, que reuniu representantes ind\u00edgenas, comunidades tradicionais, governos estaduais, sociedade civil e Uni\u00e3o. Com o tema \u201cRa\u00edzes e Rumos: O que aprendemos. O que queremos. O que construiremos juntos\u201d, o encontro destacou resultados e perspectivas do fundo, que atualmente apoia 139 projetos ativos na regi\u00e3o.<\/p>\n<p>No balan\u00e7o hist\u00f3rico, o Fundo Amaz\u00f4nia j\u00e1 aprovou mais de R$ 5,5 bilh\u00f5es em mais de 130 projetos, com cerca de R$ 2,5 bilh\u00f5es desembolsados. As a\u00e7\u00f5es incluem monitoramento ambiental, combate a inc\u00eandios florestais, regulariza\u00e7\u00e3o fundi\u00e1ria e fortalecimento da bioeconomia. Criado em 2008, o fundo \u00e9 reconhecido internacionalmente como modelo de financiamento clim\u00e1tico baseado em resultados, com gest\u00e3o, monitoramento e auditorias independentes conduzidas pelo BNDES.<\/p>\n","protected":false},"excerpt":{"rendered":"<p>Com mais de R$ 2 bilh\u00f5es aprovados em 2025, iniciativa refor\u00e7a combate a inc\u00eandios, restaura\u00e7\u00e3o florestal e atividades sustent\u00e1veis na Amaz\u00f4nia Legal<\/p>\n","protected":false},"author":1,"featured_media":0,"comment_status":"closed","ping_status":"open","sticky":false,"template":"","format":"standard","meta":{"_exactmetrics_skip_tracking":false,"_exactmetrics_sitenote_active":false,"_exactmetrics_sitenote_note":"","_exactmetrics_sitenote_category":0,"jetpack_post_was_ever_published":false,"_jetpack_newsletter_access":"","_jetpack_dont_email_post_to_subs":false,"_jetpack_newsletter_tier_id":0,"_jetpack_memberships_contains_paywalled_content":false,"_jetpack_memberships_contains_paid_content":false,"footnotes":"","jetpack_publicize_message":"","jetpack_publicize_feature_enabled":true,"jetpack_social_post_already_shared":true,"jetpack_social_options":{"image_generator_settings":{"template":"highway","enabled":false},"version":2}},"categories":[1],"tags":[252,1610],"class_list":["post-38208","post","type-post","status-publish","format-standard","hentry","category-notas","tag-amazonia","tag-fundo"],"jetpack_publicize_connections":[],"jetpack_sharing_enabled":true,"jetpack_featured_media_url":"","jetpack_shortlink":"https:\/\/wp.me\/p7wKYW-9Wg","jetpack-related-posts":[],"_links":{"self":[{"href":"http:\/\/blogdalucianaoliveira.com.br\/blog\/wp-json\/wp\/v2\/posts\/38208","targetHints":{"allow":["GET"]}}],"collection":[{"href":"http:\/\/blogdalucianaoliveira.com.br\/blog\/wp-json\/wp\/v2\/posts"}],"about":[{"href":"http:\/\/blogdalucianaoliveira.com.br\/blog\/wp-json\/wp\/v2\/types\/post"}],"author":[{"embeddable":true,"href":"http:\/\/blogdalucianaoliveira.com.br\/blog\/wp-json\/wp\/v2\/users\/1"}],"replies":[{"embeddable":true,"href":"http:\/\/blogdalucianaoliveira.com.br\/blog\/wp-json\/wp\/v2\/comments?post=38208"}],"version-history":[{"count":1,"href":"http:\/\/blogdalucianaoliveira.com.br\/blog\/wp-json\/wp\/v2\/posts\/38208\/revisions"}],"predecessor-version":[{"id":38210,"href":"http:\/\/blogdalucianaoliveira.com.br\/blog\/wp-json\/wp\/v2\/posts\/38208\/revisions\/38210"}],"wp:attachment":[{"href":"http:\/\/blogdalucianaoliveira.com.br\/blog\/wp-json\/wp\/v2\/media?parent=38208"}],"wp:term":[{"taxonomy":"category","embeddable":true,"href":"http:\/\/blogdalucianaoliveira.com.br\/blog\/wp-json\/wp\/v2\/categories?post=38208"},{"taxonomy":"post_tag","embeddable":true,"href":"http:\/\/blogdalucianaoliveira.com.br\/blog\/wp-json\/wp\/v2\/tags?post=38208"}],"curies":[{"name":"wp","href":"https:\/\/api.w.org\/{rel}","templated":true}]}}