{"id":38213,"date":"2026-01-27T10:29:13","date_gmt":"2026-01-27T14:29:13","guid":{"rendered":"https:\/\/blogdalucianaoliveira.com.br\/blog\/?p=38213"},"modified":"2026-01-27T10:29:13","modified_gmt":"2026-01-27T14:29:13","slug":"deputados-da-franca-aprovam-proibicao-de-redes-sociais-para-menores-de-15-anos","status":"publish","type":"post","link":"http:\/\/blogdalucianaoliveira.com.br\/blog\/2026\/01\/27\/deputados-da-franca-aprovam-proibicao-de-redes-sociais-para-menores-de-15-anos\/","title":{"rendered":"Deputados da Fran\u00e7a aprovam proibi\u00e7\u00e3o de redes sociais para menores de 15 anos"},"content":{"rendered":"<p><img data-recalc-dims=\"1\" loading=\"lazy\" decoding=\"async\" data-attachment-id=\"38214\" data-permalink=\"http:\/\/blogdalucianaoliveira.com.br\/blog\/2026\/01\/27\/deputados-da-franca-aprovam-proibicao-de-redes-sociais-para-menores-de-15-anos\/img_4823\/\" data-orig-file=\"https:\/\/i0.wp.com\/blogdalucianaoliveira.com.br\/blog\/wp-content\/uploads\/2026\/01\/IMG_4823.webp?fit=1536%2C1024\" data-orig-size=\"1536,1024\" data-comments-opened=\"0\" data-image-meta=\"{&quot;aperture&quot;:&quot;0&quot;,&quot;credit&quot;:&quot;&quot;,&quot;camera&quot;:&quot;&quot;,&quot;caption&quot;:&quot;&quot;,&quot;created_timestamp&quot;:&quot;0&quot;,&quot;copyright&quot;:&quot;&quot;,&quot;focal_length&quot;:&quot;0&quot;,&quot;iso&quot;:&quot;0&quot;,&quot;shutter_speed&quot;:&quot;0&quot;,&quot;title&quot;:&quot;&quot;,&quot;orientation&quot;:&quot;0&quot;}\" data-image-title=\"IMG_4823\" data-image-description=\"\" data-image-caption=\"\" data-medium-file=\"https:\/\/i0.wp.com\/blogdalucianaoliveira.com.br\/blog\/wp-content\/uploads\/2026\/01\/IMG_4823.webp?fit=300%2C200\" data-large-file=\"https:\/\/i0.wp.com\/blogdalucianaoliveira.com.br\/blog\/wp-content\/uploads\/2026\/01\/IMG_4823.webp?fit=600%2C400\" class=\"alignnone size-medium wp-image-38214\" src=\"https:\/\/i0.wp.com\/blogdalucianaoliveira.com.br\/blog\/wp-content\/uploads\/2026\/01\/IMG_4823.webp?resize=300%2C200\" alt=\"\" width=\"300\" height=\"200\" srcset=\"https:\/\/i0.wp.com\/blogdalucianaoliveira.com.br\/blog\/wp-content\/uploads\/2026\/01\/IMG_4823.webp?resize=300%2C200 300w, https:\/\/i0.wp.com\/blogdalucianaoliveira.com.br\/blog\/wp-content\/uploads\/2026\/01\/IMG_4823.webp?resize=1024%2C683 1024w, https:\/\/i0.wp.com\/blogdalucianaoliveira.com.br\/blog\/wp-content\/uploads\/2026\/01\/IMG_4823.webp?resize=768%2C512 768w, https:\/\/i0.wp.com\/blogdalucianaoliveira.com.br\/blog\/wp-content\/uploads\/2026\/01\/IMG_4823.webp?resize=450%2C300 450w, https:\/\/i0.wp.com\/blogdalucianaoliveira.com.br\/blog\/wp-content\/uploads\/2026\/01\/IMG_4823.webp?w=1536 1536w, https:\/\/i0.wp.com\/blogdalucianaoliveira.com.br\/blog\/wp-content\/uploads\/2026\/01\/IMG_4823.webp?w=1200 1200w\" sizes=\"auto, (max-width: 300px) 100vw, 300px\" \/><\/p>\n<div class=\"desc\">\n<p>Projeto para proteger a sa\u00fade mental de adolescentes na internet avan\u00e7a no pa\u00eds<\/p>\n<\/div>\n<p><!--more--><span class=\"name\"><span class=\"name\"><br \/>\nAFP &#8211; <\/span><\/span>Os deputados franceses aprovaram na madrugada desta ter\u00e7a-feira (27, data local) a proibi\u00e7\u00e3o do uso das redes sociais para menores de 15 anos, uma medida que busca proteger a sa\u00fade mental dos adolescentes e combater o ciberbullying.<\/p>\n<div class=\"info\">\n<div class=\"info-author\">\n<div class=\"text\">\n<p>A medida, que tamb\u00e9m precisa da aprova\u00e7\u00e3o do Senado para entrar em vigor, chega ap\u00f3s a Austr\u00e1lia ter vetado, em dezembro, o uso de redes sociais por menores de 16 anos \u2014 algo in\u00e9dito no mundo.<\/p>\n<p>O presidente franc\u00eas, Emmanuel Macron, quer transformar a prote\u00e7\u00e3o dos menores nas redes sociais e a regula\u00e7\u00e3o do tempo diante das telas em um dos marcos de seu segundo mandato, que termina em meados de 2027.<\/p>\n<p>Essa vontade se materializou em uma proposta de lei de seu partido, o Renascimento, que a Assembleia Nacional (c\u00e2mara baixa) aprovou ap\u00f3s a meia-noite do hor\u00e1rio local por 130 votos a favor e 21 contra, depois de mais de sete horas de debates acalorados. O Senado, por sua vez, examinar\u00e1 o texto nas pr\u00f3ximas semanas.<\/p>\n<div id=\"teads-container\"><\/div>\n<p>\u201cO c\u00e9rebro de nossos filhos n\u00e3o est\u00e1 \u00e0 venda, nem para as plataformas americanas nem para as redes chinesas. (\u2026) Seus sonhos n\u00e3o devem ser ditados pelos algoritmos\u201d, destacou Macron na rede social X, ap\u00f3s celebrar uma \u201cetapa importante\u201d.<\/p>\n<h2><b>-\u201cPaternalismo digital\u201d \u2013<\/b><\/h2>\n<p>A preocupa\u00e7\u00e3o com o impacto das redes sociais na sa\u00fade mental de adolescentes e jovens cresce no mundo. Pa\u00edses como Espanha ou Dinamarca tamb\u00e9m estudam sua proibi\u00e7\u00e3o.<\/p>\n<p>E um julgamento sem precedentes come\u00e7a nesta ter\u00e7a-feira na Calif\u00f3rnia, onde um j\u00fari popular dever\u00e1 determinar se TikTok, Instagram e YouTube projetaram deliberadamente seus aplicativos para tornar a juventude dependente.<\/p>\n<p>As redes sociais como TikTok ou Snapchat, onipresentes na vida dos adolescentes, podem prejudicar sua sa\u00fade mental, alerta a ag\u00eancia francesa de seguran\u00e7a sanit\u00e1ria, Anses.<\/p>\n<p>S\u00e3o numerosos os riscos apontados, incluindo o ciberbullying, a compara\u00e7\u00e3o permanente ou a exposi\u00e7\u00e3o a conte\u00fados violentos. Tamb\u00e9m se alerta para os sistemas de capta\u00e7\u00e3o da aten\u00e7\u00e3o, em detrimento do sono.<\/p>\n<p>O governo quer agir rapidamente: menores de 15 anos n\u00e3o poder\u00e3o criar novas contas a partir de 1\u00ba de setembro, com a volta \u00e0s aulas ap\u00f3s as f\u00e9rias de ver\u00e3o; e, caso j\u00e1 tenham, elas ser\u00e3o desativadas at\u00e9 1\u00ba de janeiro de 2027.<\/p>\n<p>As for\u00e7as de centro, direita e extrema direita apoiaram a proibi\u00e7\u00e3o, que, em contrapartida, dividiu a oposi\u00e7\u00e3o de esquerda. Sua ala radical, representada pela A Fran\u00e7a Insubmissa (LFI), denunciou um \u201cpaternalismo digital\u201d e uma solu\u00e7\u00e3o \u201csimplista\u201d.<\/p>\n<p>\u201cN\u00e3o se deixa de beber proibindo o \u00e1lcool. Deixa-se de beber por meio da preven\u00e7\u00e3o e com investimento em sa\u00fade p\u00fablica\u201d, afirmou o deputado da LFI Arnaud Saint-Martin.<\/p>\n<h2><b>\u2013 \u201cViciada no celular\u201d \u2013<\/b><\/h2>\n<p>Os deputados tamb\u00e9m aprovaram proibir os celulares nos liceus frequentados por jovens de 15 a 18 anos. Essa norma j\u00e1 se aplica nas escolas prim\u00e1rias e nos centros do primeiro ciclo do ensino secund\u00e1rio.<\/p>\n<p>Alguns j\u00e1 experimentam essa medida, como o liceu profissional de Montsoult, cerca de 25 quil\u00f4metros ao norte de Paris. Ali, seus 600 alunos devem deixar os celulares em maletas durante as aulas.<\/p>\n<p>No in\u00edcio de cada aula, o professor passa uma maleta preta onde cada aluno deposita seu celular. Isso \u201cacalmou o clima escolar\u201d, porque \u201cmuitas alterca\u00e7\u00f5es\u201d estavam ligadas ao uso dos aparelhos, explicou \u00e0 AFP a professora Christine Antunes.<\/p>\n<p>\u201cNo come\u00e7o foi complicado, porque sou viciada no celular\u201d, admitiu, por sua vez, Lina, de 18 anos. \u201cMas isso me ajudou a me concentrar\u201d e \u201cminhas notas melhoraram\u201d, reconheceu a aluna, que afirmou passar at\u00e9 12 horas por dia diante da tela.<\/p>\n<p>\u00a9 Agence France-Presse<\/p>\n<\/div>\n<\/div>\n<\/div>\n","protected":false},"excerpt":{"rendered":"<p>Projeto para proteger a sa\u00fade mental de adolescentes na internet avan\u00e7a no pa\u00eds<\/p>\n","protected":false},"author":1,"featured_media":0,"comment_status":"closed","ping_status":"open","sticky":false,"template":"","format":"standard","meta":{"_exactmetrics_skip_tracking":false,"_exactmetrics_sitenote_active":false,"_exactmetrics_sitenote_note":"","_exactmetrics_sitenote_category":0,"jetpack_post_was_ever_published":false,"_jetpack_newsletter_access":"","_jetpack_dont_email_post_to_subs":false,"_jetpack_newsletter_tier_id":0,"_jetpack_memberships_contains_paywalled_content":false,"_jetpack_memberships_contains_paid_content":false,"footnotes":"","jetpack_publicize_message":"","jetpack_publicize_feature_enabled":true,"jetpack_social_post_already_shared":true,"jetpack_social_options":{"image_generator_settings":{"template":"highway","enabled":false},"version":2}},"categories":[1],"tags":[1611,164,1031],"class_list":["post-38213","post","type-post","status-publish","format-standard","hentry","category-notas","tag-adolescentes","tag-celular","tag-franca"],"jetpack_publicize_connections":[],"jetpack_sharing_enabled":true,"jetpack_featured_media_url":"","jetpack_shortlink":"https:\/\/wp.me\/p7wKYW-9Wl","jetpack-related-posts":[],"_links":{"self":[{"href":"http:\/\/blogdalucianaoliveira.com.br\/blog\/wp-json\/wp\/v2\/posts\/38213","targetHints":{"allow":["GET"]}}],"collection":[{"href":"http:\/\/blogdalucianaoliveira.com.br\/blog\/wp-json\/wp\/v2\/posts"}],"about":[{"href":"http:\/\/blogdalucianaoliveira.com.br\/blog\/wp-json\/wp\/v2\/types\/post"}],"author":[{"embeddable":true,"href":"http:\/\/blogdalucianaoliveira.com.br\/blog\/wp-json\/wp\/v2\/users\/1"}],"replies":[{"embeddable":true,"href":"http:\/\/blogdalucianaoliveira.com.br\/blog\/wp-json\/wp\/v2\/comments?post=38213"}],"version-history":[{"count":1,"href":"http:\/\/blogdalucianaoliveira.com.br\/blog\/wp-json\/wp\/v2\/posts\/38213\/revisions"}],"predecessor-version":[{"id":38215,"href":"http:\/\/blogdalucianaoliveira.com.br\/blog\/wp-json\/wp\/v2\/posts\/38213\/revisions\/38215"}],"wp:attachment":[{"href":"http:\/\/blogdalucianaoliveira.com.br\/blog\/wp-json\/wp\/v2\/media?parent=38213"}],"wp:term":[{"taxonomy":"category","embeddable":true,"href":"http:\/\/blogdalucianaoliveira.com.br\/blog\/wp-json\/wp\/v2\/categories?post=38213"},{"taxonomy":"post_tag","embeddable":true,"href":"http:\/\/blogdalucianaoliveira.com.br\/blog\/wp-json\/wp\/v2\/tags?post=38213"}],"curies":[{"name":"wp","href":"https:\/\/api.w.org\/{rel}","templated":true}]}}