{"id":38221,"date":"2026-01-27T10:45:06","date_gmt":"2026-01-27T14:45:06","guid":{"rendered":"https:\/\/blogdalucianaoliveira.com.br\/blog\/?p=38221"},"modified":"2026-01-27T10:45:06","modified_gmt":"2026-01-27T14:45:06","slug":"transporte-intermunicipal-claudia-de-jesus-defende-mais-vagas-para-idosos-e-pcds-em-onibus-executivos","status":"publish","type":"post","link":"http:\/\/blogdalucianaoliveira.com.br\/blog\/2026\/01\/27\/transporte-intermunicipal-claudia-de-jesus-defende-mais-vagas-para-idosos-e-pcds-em-onibus-executivos\/","title":{"rendered":"Transporte intermunicipal: Cl\u00e1udia de Jesus defende mais vagas para idosos e PCDs em \u00f4nibus executivos"},"content":{"rendered":"<p><img data-recalc-dims=\"1\" loading=\"lazy\" decoding=\"async\" data-attachment-id=\"38205\" data-permalink=\"http:\/\/blogdalucianaoliveira.com.br\/blog\/2026\/01\/21\/educacao-inclusiva-claudia-de-jesus-pede-inclusao-de-cuidadores-e-psicopedagogos-em-concursos-da-seduc\/img_4337\/\" data-orig-file=\"https:\/\/i0.wp.com\/blogdalucianaoliveira.com.br\/blog\/wp-content\/uploads\/2026\/01\/IMG_4337.jpeg?fit=1153%2C698\" data-orig-size=\"1153,698\" data-comments-opened=\"0\" data-image-meta=\"{&quot;aperture&quot;:&quot;0&quot;,&quot;credit&quot;:&quot;&quot;,&quot;camera&quot;:&quot;&quot;,&quot;caption&quot;:&quot;&quot;,&quot;created_timestamp&quot;:&quot;0&quot;,&quot;copyright&quot;:&quot;&quot;,&quot;focal_length&quot;:&quot;0&quot;,&quot;iso&quot;:&quot;0&quot;,&quot;shutter_speed&quot;:&quot;0&quot;,&quot;title&quot;:&quot;&quot;,&quot;orientation&quot;:&quot;1&quot;}\" data-image-title=\"IMG_4337\" data-image-description=\"\" data-image-caption=\"\" data-medium-file=\"https:\/\/i0.wp.com\/blogdalucianaoliveira.com.br\/blog\/wp-content\/uploads\/2026\/01\/IMG_4337.jpeg?fit=300%2C182\" data-large-file=\"https:\/\/i0.wp.com\/blogdalucianaoliveira.com.br\/blog\/wp-content\/uploads\/2026\/01\/IMG_4337.jpeg?fit=600%2C363\" class=\"alignnone size-medium wp-image-38205\" src=\"https:\/\/i0.wp.com\/blogdalucianaoliveira.com.br\/blog\/wp-content\/uploads\/2026\/01\/IMG_4337.jpeg?resize=300%2C182\" alt=\"\" width=\"300\" height=\"182\" srcset=\"https:\/\/i0.wp.com\/blogdalucianaoliveira.com.br\/blog\/wp-content\/uploads\/2026\/01\/IMG_4337.jpeg?resize=300%2C182 300w, https:\/\/i0.wp.com\/blogdalucianaoliveira.com.br\/blog\/wp-content\/uploads\/2026\/01\/IMG_4337.jpeg?resize=1024%2C620 1024w, https:\/\/i0.wp.com\/blogdalucianaoliveira.com.br\/blog\/wp-content\/uploads\/2026\/01\/IMG_4337.jpeg?resize=768%2C465 768w, https:\/\/i0.wp.com\/blogdalucianaoliveira.com.br\/blog\/wp-content\/uploads\/2026\/01\/IMG_4337.jpeg?resize=496%2C300 496w, https:\/\/i0.wp.com\/blogdalucianaoliveira.com.br\/blog\/wp-content\/uploads\/2026\/01\/IMG_4337.jpeg?w=1153 1153w\" sizes=\"auto, (max-width: 300px) 100vw, 300px\" \/><\/p>\n<p>Objetivo \u00e9 tornar efetivo direito j\u00e1 previsto em lei.<!--more--><\/p>\n<p>Garantir que idosos e pessoas com defici\u00eancia tenham acesso real ao passe livre no transporte intermunicipal, inclusive em \u00f4nibus da categoria executiva, \u00e9 o foco da indica\u00e7\u00e3o apresentada pela deputada estadual Cl\u00e1udia de Jesus (PT) ao Departamento de Estradas e Rodagens (DER).<\/p>\n<p>A proposta busca adequar a Lei Estadual n\u00ba 1.307 de 2004 \u00e0 realidade atual do sistema de transporte, diante da redu\u00e7\u00e3o da frota de \u00f4nibus convencionais e da amplia\u00e7\u00e3o do uso de ve\u00edculos executivos. A nova reda\u00e7\u00e3o sugerida prev\u00ea a reserva de quatro assentos por \u00f4nibus \u2014 dois para idosos e dois para pessoas com defici\u00eancia \u2014 tamb\u00e9m nessa categoria de servi\u00e7o.<br \/>\nAl\u00e9m da amplia\u00e7\u00e3o do benef\u00edcio, a indica\u00e7\u00e3o defende a cria\u00e7\u00e3o de um mecanismo de compensa\u00e7\u00e3o financeira \u00e0s empresas, de modo a preservar o equil\u00edbrio dos contratos e garantir a continuidade do servi\u00e7o p\u00fablico, assegurando a efetividade de uma pol\u00edtica de mobilidade mais inclusiva em Rond\u00f4nia.<\/p>\n","protected":false},"excerpt":{"rendered":"<p>Objetivo \u00e9 tornar efetivo direito j\u00e1 previsto em lei.<\/p>\n","protected":false},"author":1,"featured_media":0,"comment_status":"closed","ping_status":"open","sticky":false,"template":"","format":"standard","meta":{"_exactmetrics_skip_tracking":false,"_exactmetrics_sitenote_active":false,"_exactmetrics_sitenote_note":"","_exactmetrics_sitenote_category":0,"jetpack_post_was_ever_published":false,"_jetpack_newsletter_access":"","_jetpack_dont_email_post_to_subs":false,"_jetpack_newsletter_tier_id":0,"_jetpack_memberships_contains_paywalled_content":false,"_jetpack_memberships_contains_paid_content":false,"footnotes":"","jetpack_publicize_message":"","jetpack_publicize_feature_enabled":true,"jetpack_social_post_already_shared":true,"jetpack_social_options":{"image_generator_settings":{"template":"highway","enabled":false},"version":2}},"categories":[1],"tags":[1429],"class_list":["post-38221","post","type-post","status-publish","format-standard","hentry","category-notas","tag-deputada-claudia-de-jesus"],"jetpack_publicize_connections":[],"jetpack_sharing_enabled":true,"jetpack_featured_media_url":"","jetpack_shortlink":"https:\/\/wp.me\/p7wKYW-9Wt","jetpack-related-posts":[],"_links":{"self":[{"href":"http:\/\/blogdalucianaoliveira.com.br\/blog\/wp-json\/wp\/v2\/posts\/38221","targetHints":{"allow":["GET"]}}],"collection":[{"href":"http:\/\/blogdalucianaoliveira.com.br\/blog\/wp-json\/wp\/v2\/posts"}],"about":[{"href":"http:\/\/blogdalucianaoliveira.com.br\/blog\/wp-json\/wp\/v2\/types\/post"}],"author":[{"embeddable":true,"href":"http:\/\/blogdalucianaoliveira.com.br\/blog\/wp-json\/wp\/v2\/users\/1"}],"replies":[{"embeddable":true,"href":"http:\/\/blogdalucianaoliveira.com.br\/blog\/wp-json\/wp\/v2\/comments?post=38221"}],"version-history":[{"count":1,"href":"http:\/\/blogdalucianaoliveira.com.br\/blog\/wp-json\/wp\/v2\/posts\/38221\/revisions"}],"predecessor-version":[{"id":38224,"href":"http:\/\/blogdalucianaoliveira.com.br\/blog\/wp-json\/wp\/v2\/posts\/38221\/revisions\/38224"}],"wp:attachment":[{"href":"http:\/\/blogdalucianaoliveira.com.br\/blog\/wp-json\/wp\/v2\/media?parent=38221"}],"wp:term":[{"taxonomy":"category","embeddable":true,"href":"http:\/\/blogdalucianaoliveira.com.br\/blog\/wp-json\/wp\/v2\/categories?post=38221"},{"taxonomy":"post_tag","embeddable":true,"href":"http:\/\/blogdalucianaoliveira.com.br\/blog\/wp-json\/wp\/v2\/tags?post=38221"}],"curies":[{"name":"wp","href":"https:\/\/api.w.org\/{rel}","templated":true}]}}