{"id":38225,"date":"2026-01-28T17:18:18","date_gmt":"2026-01-28T21:18:18","guid":{"rendered":"https:\/\/blogdalucianaoliveira.com.br\/blog\/?p=38225"},"modified":"2026-01-28T17:18:18","modified_gmt":"2026-01-28T21:18:18","slug":"mais-de-60-da-populacao-brasileira-tem-excesso-de-peso","status":"publish","type":"post","link":"http:\/\/blogdalucianaoliveira.com.br\/blog\/2026\/01\/28\/mais-de-60-da-populacao-brasileira-tem-excesso-de-peso\/","title":{"rendered":"Mais de 60% da popula\u00e7\u00e3o brasileira t\u00eam excesso de peso"},"content":{"rendered":"<p><img data-recalc-dims=\"1\" loading=\"lazy\" decoding=\"async\" data-attachment-id=\"38227\" data-permalink=\"http:\/\/blogdalucianaoliveira.com.br\/blog\/2026\/01\/28\/mais-de-60-da-populacao-brasileira-tem-excesso-de-peso\/img_4919\/\" data-orig-file=\"https:\/\/i0.wp.com\/blogdalucianaoliveira.com.br\/blog\/wp-content\/uploads\/2026\/01\/IMG_4919.webp?fit=1170%2C700\" data-orig-size=\"1170,700\" data-comments-opened=\"0\" data-image-meta=\"{&quot;aperture&quot;:&quot;0&quot;,&quot;credit&quot;:&quot;&quot;,&quot;camera&quot;:&quot;&quot;,&quot;caption&quot;:&quot;&quot;,&quot;created_timestamp&quot;:&quot;0&quot;,&quot;copyright&quot;:&quot;&quot;,&quot;focal_length&quot;:&quot;0&quot;,&quot;iso&quot;:&quot;0&quot;,&quot;shutter_speed&quot;:&quot;0&quot;,&quot;title&quot;:&quot;&quot;,&quot;orientation&quot;:&quot;0&quot;}\" data-image-title=\"IMG_4919\" data-image-description=\"\" data-image-caption=\"\" data-medium-file=\"https:\/\/i0.wp.com\/blogdalucianaoliveira.com.br\/blog\/wp-content\/uploads\/2026\/01\/IMG_4919.webp?fit=300%2C179\" data-large-file=\"https:\/\/i0.wp.com\/blogdalucianaoliveira.com.br\/blog\/wp-content\/uploads\/2026\/01\/IMG_4919.webp?fit=600%2C359\" class=\"alignnone size-medium wp-image-38227\" src=\"https:\/\/i0.wp.com\/blogdalucianaoliveira.com.br\/blog\/wp-content\/uploads\/2026\/01\/IMG_4919.webp?resize=300%2C179\" alt=\"\" width=\"300\" height=\"179\" srcset=\"https:\/\/i0.wp.com\/blogdalucianaoliveira.com.br\/blog\/wp-content\/uploads\/2026\/01\/IMG_4919.webp?resize=300%2C179 300w, https:\/\/i0.wp.com\/blogdalucianaoliveira.com.br\/blog\/wp-content\/uploads\/2026\/01\/IMG_4919.webp?resize=1024%2C613 1024w, https:\/\/i0.wp.com\/blogdalucianaoliveira.com.br\/blog\/wp-content\/uploads\/2026\/01\/IMG_4919.webp?resize=768%2C459 768w, https:\/\/i0.wp.com\/blogdalucianaoliveira.com.br\/blog\/wp-content\/uploads\/2026\/01\/IMG_4919.webp?resize=501%2C300 501w, https:\/\/i0.wp.com\/blogdalucianaoliveira.com.br\/blog\/wp-content\/uploads\/2026\/01\/IMG_4919.webp?w=1170 1170w\" sizes=\"auto, (max-width: 300px) 100vw, 300px\" \/><\/p>\n<p>Entre 2006 e 2024, obesidade dobrou, atingindo 25,7% dos brasileiros<!--more--><\/p>\n<p>Ag\u00eancia Brasil &#8211; Em 18 anos, o excesso de peso da popula\u00e7\u00e3o brasileira aumentou em 20 pontos percentuais. Em 2024, 62,6% dos brasileiros tinham excesso de peso, contra 42,6% em 2006. A obesidade (IMC igual ou maior que 30 kg\/m\u00b2) dobrou, passando de 11,8% para 25,7% da popula\u00e7\u00e3o.<img data-recalc-dims=\"1\" decoding=\"async\" src=\"https:\/\/i0.wp.com\/agenciabrasil.ebc.com.br\/ebc.png?w=600&#038;ssl=1\" \/><img data-recalc-dims=\"1\" decoding=\"async\" src=\"https:\/\/i0.wp.com\/agenciabrasil.ebc.com.br\/ebc.gif?w=600&#038;ssl=1\" \/><\/p>\n<p>Os dados s\u00e3o do Sistema de Vigil\u00e2ncia de Fatores de Risco e Prote\u00e7\u00e3o para Doen\u00e7as Cr\u00f4nicas por Inqu\u00e9rito Telef\u00f4nico (Vigitel) do Minist\u00e9rio da Sa\u00fade, divulgados nesta quarta-feira (28). <strong>O levantamento \u00e9 realizado em todas as capitais e no Distrito Federal.<\/strong><\/p>\n<p>O diagn\u00f3stico m\u00e9dico de diabetes em adultos apresentou aumento de 5,5%, em 2006, para 12,9% em 2024. A hipertens\u00e3o em adultos passou de 22,6% para 29,7%.<\/p>\n<p><strong>A atividade f\u00edsica no deslocamento pelas cidades diminuiu de 17% em 2009 para 11,3% em 2024 devido ao maior uso de carros por aplicativos e transporte p\u00fablico.<\/strong> J\u00e1 a atividade moderada no tempo livre com pelo menos 150 minutos semanais cresceu de 30,3% em 2009 para 42,3% em 2024.<\/p>\n<p>O consumo regular de frutas e hortali\u00e7as (5 dias por semana ou mais) manteve-se relativamente est\u00e1vel, variando de 33% (2008) para 31,4% (2024).<\/p>\n<p>O consumo de refrigerantes e sucos artificiais (5 dias por semana ou mais) teve redu\u00e7\u00e3o de 30,9% (2007) para 16,2% (2024).<\/p>\n<p><strong>O ministro da Sa\u00fade, Alexandre Padilha, avaliou que dados positivos como diminui\u00e7\u00e3o do consumo de refrigerante e aumento da atividade f\u00edsica n\u00e3o t\u00eam sido suficientes para reduzir a incid\u00eancia de doen\u00e7as cr\u00f4nicas como diabetes, hipertens\u00e3o e obesidade.<\/strong><\/p>\n<p>\u201c\u00c0 medida que o Brasil vai envelhecendo cada vez mais, surgem mais pessoas com doen\u00e7as cr\u00f4nicas. Por isso, precisamos ter mais pol\u00edticas de cuidado e preven\u00e7\u00e3o\u201d, defendeu.<\/p>\n<h2>Ins\u00f4nia<\/h2>\n<p><strong>Pela primeira vez, o Vigitel analisou o sono da popula\u00e7\u00e3o brasileira: 20,2% dos adultos nas capitais disseram dormir menos de 6 horas por noite e 31,7% dos adultos t\u00eam pelo menos um dos sintomas de ins\u00f4nia, com maior preval\u00eancia entre mulheres (36,2%) que homens (26,2%).<\/strong><\/p>\n<p>Segundo Padilha, esse dado mostra que o sono tem sido insuficiente e interrompido ao longo da noite.<\/p>\n<blockquote><p>\u201cIsso preocupa porque um sono sem qualidade tem rela\u00e7\u00e3o direta com ganho de peso, obesidade, com piora das doen\u00e7as cr\u00f4nicas e com o tema da sa\u00fade mental. Chama a aten\u00e7\u00e3o esse dado nacional e vamos refor\u00e7ar com as equipes de aten\u00e7\u00e3o prim\u00e1ria para perguntar sobre o sono\u201d, disse.<\/p><\/blockquote>\n<h2>Viva Mais Brasil<\/h2>\n<p><strong>Em cerim\u00f4nia no Super Centro Carioca de Vacina\u00e7\u00e3o, em Botafogo, na zona sul do Rio de Janeiro, Padilha lan\u00e7ou a estrat\u00e9gia Viva Mais Brasil, mobiliza\u00e7\u00e3o nacional voltada \u00e0 promo\u00e7\u00e3o da sa\u00fade, preven\u00e7\u00e3o de doen\u00e7as cr\u00f4nicas e melhoria da qualidade de vida dos brasileiros.<\/strong><\/p>\n<p>De acordo com o minist\u00e9rio, ser\u00e3o investidos R$ 340 milh\u00f5es em pol\u00edticas de promo\u00e7\u00e3o da atividade f\u00edsica, com destaque para a retomada da Academia da Sa\u00fade, que receber\u00e1 R$ 40 milh\u00f5es ainda em 2026.<\/p>\n<p><strong>A nova estrat\u00e9gia articula e fortalece pol\u00edticas j\u00e1 existentes do Sistema \u00danico de Sa\u00fade (SUS), com a\u00e7\u00f5es voltadas \u00e0 alimenta\u00e7\u00e3o adequada e saud\u00e1vel, \u00e0 pr\u00e1tica de atividade f\u00edsica, ao cuidado integral e ao acesso \u00e0 informa\u00e7\u00e3o de qualidade.<\/strong><\/p>\n<p>A iniciativa busca incentivar e apoiar a popula\u00e7\u00e3o brasileira na ado\u00e7\u00e3o de modos de vida saud\u00e1veis, com a\u00e7\u00f5es nas unidades do SUS e no setor privado, ampliando o alcance das pol\u00edticas de promo\u00e7\u00e3o da sa\u00fade.<\/p>\n<p><strong>O Viva Mais Brasil conta com dez compromissos para viver mais e melhor:<\/strong><\/p>\n<ul>\n<li>mais movimento e vida ativa;<\/li>\n<li>mais alimenta\u00e7\u00e3o saud\u00e1vel;<\/li>\n<li>menos tabaco e \u00e1lcool;<\/li>\n<li>mais sa\u00fade nas escolas;<\/li>\n<li>menos doen\u00e7as cr\u00f4nicas;<\/li>\n<li>mais vacina\u00e7\u00e3o em todo o Brasil;<\/li>\n<li>mais protagonismo e autonomia;<\/li>\n<li>mais sa\u00fade digital;<\/li>\n<li>mais cultura da paz e menos viol\u00eancias; e<\/li>\n<li>mais pr\u00e1ticas integrativas e complementares.<\/li>\n<\/ul>\n","protected":false},"excerpt":{"rendered":"<p>Entre 2006 e 2024, obesidade dobrou, atingindo 25,7% dos brasileiros<\/p>\n","protected":false},"author":1,"featured_media":0,"comment_status":"closed","ping_status":"open","sticky":false,"template":"","format":"standard","meta":{"_exactmetrics_skip_tracking":false,"_exactmetrics_sitenote_active":false,"_exactmetrics_sitenote_note":"","_exactmetrics_sitenote_category":0,"jetpack_post_was_ever_published":false,"_jetpack_newsletter_access":"","_jetpack_dont_email_post_to_subs":false,"_jetpack_newsletter_tier_id":0,"_jetpack_memberships_contains_paywalled_content":false,"_jetpack_memberships_contains_paid_content":false,"footnotes":"","jetpack_publicize_message":"","jetpack_publicize_feature_enabled":true,"jetpack_social_post_already_shared":true,"jetpack_social_options":{"image_generator_settings":{"template":"highway","enabled":false},"version":2}},"categories":[1],"tags":[],"class_list":["post-38225","post","type-post","status-publish","format-standard","hentry","category-notas"],"jetpack_publicize_connections":[],"jetpack_sharing_enabled":true,"jetpack_featured_media_url":"","jetpack_shortlink":"https:\/\/wp.me\/p7wKYW-9Wx","jetpack-related-posts":[],"_links":{"self":[{"href":"http:\/\/blogdalucianaoliveira.com.br\/blog\/wp-json\/wp\/v2\/posts\/38225","targetHints":{"allow":["GET"]}}],"collection":[{"href":"http:\/\/blogdalucianaoliveira.com.br\/blog\/wp-json\/wp\/v2\/posts"}],"about":[{"href":"http:\/\/blogdalucianaoliveira.com.br\/blog\/wp-json\/wp\/v2\/types\/post"}],"author":[{"embeddable":true,"href":"http:\/\/blogdalucianaoliveira.com.br\/blog\/wp-json\/wp\/v2\/users\/1"}],"replies":[{"embeddable":true,"href":"http:\/\/blogdalucianaoliveira.com.br\/blog\/wp-json\/wp\/v2\/comments?post=38225"}],"version-history":[{"count":2,"href":"http:\/\/blogdalucianaoliveira.com.br\/blog\/wp-json\/wp\/v2\/posts\/38225\/revisions"}],"predecessor-version":[{"id":38228,"href":"http:\/\/blogdalucianaoliveira.com.br\/blog\/wp-json\/wp\/v2\/posts\/38225\/revisions\/38228"}],"wp:attachment":[{"href":"http:\/\/blogdalucianaoliveira.com.br\/blog\/wp-json\/wp\/v2\/media?parent=38225"}],"wp:term":[{"taxonomy":"category","embeddable":true,"href":"http:\/\/blogdalucianaoliveira.com.br\/blog\/wp-json\/wp\/v2\/categories?post=38225"},{"taxonomy":"post_tag","embeddable":true,"href":"http:\/\/blogdalucianaoliveira.com.br\/blog\/wp-json\/wp\/v2\/tags?post=38225"}],"curies":[{"name":"wp","href":"https:\/\/api.w.org\/{rel}","templated":true}]}}