{"id":38232,"date":"2026-01-28T17:26:40","date_gmt":"2026-01-28T21:26:40","guid":{"rendered":"https:\/\/blogdalucianaoliveira.com.br\/blog\/?p=38232"},"modified":"2026-01-28T17:26:40","modified_gmt":"2026-01-28T21:26:40","slug":"com-80-mortes-em-2025-brasil-segue-como-o-pais-que-mais-mata-pessoas-trans-no-mundo","status":"publish","type":"post","link":"http:\/\/blogdalucianaoliveira.com.br\/blog\/2026\/01\/28\/com-80-mortes-em-2025-brasil-segue-como-o-pais-que-mais-mata-pessoas-trans-no-mundo\/","title":{"rendered":"Com 80 mortes em 2025, Brasil segue como o pa\u00eds que mais mata pessoas trans no mundo"},"content":{"rendered":"<p><img data-recalc-dims=\"1\" loading=\"lazy\" decoding=\"async\" data-attachment-id=\"38234\" data-permalink=\"http:\/\/blogdalucianaoliveira.com.br\/blog\/2026\/01\/28\/com-80-mortes-em-2025-brasil-segue-como-o-pais-que-mais-mata-pessoas-trans-no-mundo\/img_4921\/\" data-orig-file=\"https:\/\/i0.wp.com\/blogdalucianaoliveira.com.br\/blog\/wp-content\/uploads\/2026\/01\/IMG_4921.webp?fit=1170%2C700\" data-orig-size=\"1170,700\" data-comments-opened=\"0\" data-image-meta=\"{&quot;aperture&quot;:&quot;0&quot;,&quot;credit&quot;:&quot;&quot;,&quot;camera&quot;:&quot;&quot;,&quot;caption&quot;:&quot;&quot;,&quot;created_timestamp&quot;:&quot;0&quot;,&quot;copyright&quot;:&quot;&quot;,&quot;focal_length&quot;:&quot;0&quot;,&quot;iso&quot;:&quot;0&quot;,&quot;shutter_speed&quot;:&quot;0&quot;,&quot;title&quot;:&quot;&quot;,&quot;orientation&quot;:&quot;0&quot;}\" data-image-title=\"IMG_4921\" data-image-description=\"\" data-image-caption=\"\" data-medium-file=\"https:\/\/i0.wp.com\/blogdalucianaoliveira.com.br\/blog\/wp-content\/uploads\/2026\/01\/IMG_4921.webp?fit=300%2C179\" data-large-file=\"https:\/\/i0.wp.com\/blogdalucianaoliveira.com.br\/blog\/wp-content\/uploads\/2026\/01\/IMG_4921.webp?fit=600%2C359\" class=\"alignnone size-medium wp-image-38234\" src=\"https:\/\/i0.wp.com\/blogdalucianaoliveira.com.br\/blog\/wp-content\/uploads\/2026\/01\/IMG_4921.webp?resize=300%2C179\" alt=\"\" width=\"300\" height=\"179\" srcset=\"https:\/\/i0.wp.com\/blogdalucianaoliveira.com.br\/blog\/wp-content\/uploads\/2026\/01\/IMG_4921.webp?resize=300%2C179 300w, https:\/\/i0.wp.com\/blogdalucianaoliveira.com.br\/blog\/wp-content\/uploads\/2026\/01\/IMG_4921.webp?resize=1024%2C613 1024w, https:\/\/i0.wp.com\/blogdalucianaoliveira.com.br\/blog\/wp-content\/uploads\/2026\/01\/IMG_4921.webp?resize=768%2C459 768w, https:\/\/i0.wp.com\/blogdalucianaoliveira.com.br\/blog\/wp-content\/uploads\/2026\/01\/IMG_4921.webp?resize=501%2C300 501w, https:\/\/i0.wp.com\/blogdalucianaoliveira.com.br\/blog\/wp-content\/uploads\/2026\/01\/IMG_4921.webp?w=1170 1170w\" sizes=\"auto, (max-width: 300px) 100vw, 300px\" \/><\/p>\n<h2 class=\"elementor-heading-title elementor-size-default\">Apesar da queda de 34% em rela\u00e7\u00e3o a 2024, pa\u00eds mant\u00e9m primeiro lugar em assassinatos por transfobia pelo 18\u00ba ano<\/h2>\n<p><!--more--><\/p>\n<p>O Brasil \u00e9, pelo 18\u00ba ano consecutivo, o pa\u00eds que mais mata pessoas trans no mundo. Os dados s\u00e3o da edi\u00e7\u00e3o mais recente de um levantamento anual feito pela Associa\u00e7\u00e3o Nacional de Travestis e Transexuais (Antra), e divulgado nesta semana, per\u00edodo marcado pelo Dia Nacional da Visibilidade Trans, comemorado nesta quinta (29).<\/p>\n<p>Segundo o dossi\u00ea da Antra, o pa\u00eds registrou <a title=\"\" href=\"https:\/\/www.brasildefato.com.br\/2026\/01\/26\/entre-alices-e-christinas-mg-foi-o-estado-que-mais-matou-pessoas-trans-em-2025\/\">80 assassinatos de pessoas trans<\/a> durante todo o ano de 2025. O n\u00famero representa uma queda acentuada na compara\u00e7\u00e3o com o ano anterior, <a title=\"\" href=\"https:\/\/www.brasildefato.com.br\/2025\/01\/27\/122-pessoas-trans-foram-assassinadas-no-brasil-em-2024-aponta-dossie-da-associacao-nacional-de-travestis-e-transexuais-antra\/\">quando foram 122 crimes do tipo<\/a>. Ainda assim, o pa\u00eds segue liderando essa vergonhosa lista internacional.<\/p>\n<p>Em entrevista ao jornal <em>Conex\u00e3o BdF<\/em>, da <strong>R\u00e1dio Brasil de Fato<\/strong>, a presidente da Antra, Bruna Benevides, disse que os dados resultam de um sistema que naturaliza a opress\u00e3o contra pessoas trans no pa\u00eds. Ela relata a falta de pol\u00edticas p\u00fablicas para enfrentar esse tipo de viol\u00eancia.<\/p>\n<div id=\"bdf-12f6c9cce61affb4aa4f10915260f050\" class=\"bdf-12f6c9cce61affb4aa4f10915260f050 bdf-apos-paragrafo-3\">\n<div id=\"bdf-2010309757\" class=\"bdf-apos-paragrafo-3\">\n<div id=\"bdf-4278070618\" class=\"bdf-target\" data-bdf-trackid=\"878878\" data-bdf-trackbid=\"1\">\n<div id=\"div-gpt-ad-artigos-mobile_rectangle_mobile_1\" class=\"ad-slot\"><\/div>\n<\/div>\n<\/div>\n<\/div>\n<p>\u201cN\u00e3o h\u00e1 monitoramento, n\u00e3o h\u00e1 medidas de preven\u00e7\u00e3o, n\u00e3o h\u00e1 pol\u00edticas p\u00fablicas, n\u00e3o h\u00e1 sequer o reconhecimento de que essas viol\u00eancias acontecem\u201d, lamenta. \u201cH\u00e1 um contexto de desamparo, h\u00e1 um contexto de tentativa de criminaliza\u00e7\u00e3o das exist\u00eancias de pessoas trans\u201d.<\/p>\n<div class=\"elementor-element elementor-element-8136daa elementor-widget elementor-widget-theme-post-content\" data-id=\"8136daa\" data-element_type=\"widget\" data-widget_type=\"theme-post-content.default\">\n<div class=\"elementor-widget-container\">\n<p>Bruna destaca, ainda, que muitas das mortes registradas pelo levantamento tiveram requintes de crueldade, o que evidencia elementos de \u00f3dio e mostram que a identidade de g\u00eanero quase sempre foi determinante para o crime.<\/p>\n<div id=\"bdf-462933423\" class=\"bdf-apos-paragrafo-5\">\n<div id=\"bdf-2888558146\" class=\"bdf-target\" data-bdf-trackid=\"878842\" data-bdf-trackbid=\"1\">\n<div id=\"div-gpt-ad-artigos-medium_incontent_2\" class=\"ad-slot\"><\/div>\n<\/div>\n<\/div>\n<p>\u201cA comunidade trans, por conta da viol\u00eancia, sai menos de casa. Tem pesquisas que demonstram isso. S\u00e3o impedidas de ter uma vida p\u00fablica. A todo instante est\u00e3o tentando tirar a gente da possibilidade de habitar os ambientes educacionais, os postos de trabalho\u201d, relata a presidente da Antra.<\/p>\n<p>\u201cA omiss\u00e3o estatal e a a\u00e7\u00e3o de agentes anti trans fazem com que a gente viva em estado de permanente alerta. Ser uma pessoa trans no Brasil \u00e9 insalubre, e n\u00f3s precisamos mudar essa realidade. Sem pol\u00edticas p\u00fablicas, sem medidas de enfrentamento e repara\u00e7\u00e3o, vamos continuar por muito mais anos tendo esse triste \u00edndice\u201d, concluiu.<\/p>\n<h2 class=\"wp-block-heading\">Para ouvir e assistir<\/h2>\n<p>O jornal\u00a0<em>Conex\u00e3o BdF\u00a0<\/em>vai ao ar em duas edi\u00e7\u00f5es, de segunda a sexta-feira: a primeira \u00e0s 12h e a segunda \u00e0s 17h, na\u00a0<strong>R\u00e1dio Brasil de Fato<\/strong>, 98.9 FM na Grande S\u00e3o Paulo, com transmiss\u00e3o simult\u00e2nea tamb\u00e9m pelo\u00a0<a href=\"https:\/\/www.youtube.com\/@brasildefato\">YouTube do\u00a0<strong>Brasil de Fato<\/strong><\/a>.<\/p>\n<div id=\"bdf-1537252720\" class=\"bdf-fim-do-conteudo\">\n<div id=\"bdf-858718657\" class=\"bdf-target\" data-bdf-trackid=\"878911\" data-bdf-trackbid=\"1\">\n<div id=\"div-gpt-ad-artigos-leaderboard_content_end\" class=\"ad-slot\"><\/div>\n<\/div>\n<\/div>\n<\/div>\n<\/div>\n<div class=\"elementor-element elementor-element-6950de8 elementor-widget elementor-widget-text-editor\" data-id=\"6950de8\" data-element_type=\"widget\" data-widget_type=\"text-editor.default\">\n<div class=\"elementor-widget-container\">Editado por: Lu\u00eds Indriunas<\/div>\n<\/div>\n","protected":false},"excerpt":{"rendered":"<p>Apesar da queda de 34% em rela\u00e7\u00e3o a 2024, pa\u00eds mant\u00e9m primeiro lugar em assassinatos por transfobia pelo 18\u00ba ano<\/p>\n","protected":false},"author":1,"featured_media":0,"comment_status":"closed","ping_status":"open","sticky":false,"template":"","format":"standard","meta":{"_exactmetrics_skip_tracking":false,"_exactmetrics_sitenote_active":false,"_exactmetrics_sitenote_note":"","_exactmetrics_sitenote_category":0,"jetpack_post_was_ever_published":false,"_jetpack_newsletter_access":"","_jetpack_dont_email_post_to_subs":false,"_jetpack_newsletter_tier_id":0,"_jetpack_memberships_contains_paywalled_content":false,"_jetpack_memberships_contains_paid_content":false,"footnotes":"","jetpack_publicize_message":"","jetpack_publicize_feature_enabled":true,"jetpack_social_post_already_shared":true,"jetpack_social_options":{"image_generator_settings":{"template":"highway","enabled":false},"version":2}},"categories":[1],"tags":[],"class_list":["post-38232","post","type-post","status-publish","format-standard","hentry","category-notas"],"jetpack_publicize_connections":[],"jetpack_sharing_enabled":true,"jetpack_featured_media_url":"","jetpack_shortlink":"https:\/\/wp.me\/p7wKYW-9WE","jetpack-related-posts":[],"_links":{"self":[{"href":"http:\/\/blogdalucianaoliveira.com.br\/blog\/wp-json\/wp\/v2\/posts\/38232","targetHints":{"allow":["GET"]}}],"collection":[{"href":"http:\/\/blogdalucianaoliveira.com.br\/blog\/wp-json\/wp\/v2\/posts"}],"about":[{"href":"http:\/\/blogdalucianaoliveira.com.br\/blog\/wp-json\/wp\/v2\/types\/post"}],"author":[{"embeddable":true,"href":"http:\/\/blogdalucianaoliveira.com.br\/blog\/wp-json\/wp\/v2\/users\/1"}],"replies":[{"embeddable":true,"href":"http:\/\/blogdalucianaoliveira.com.br\/blog\/wp-json\/wp\/v2\/comments?post=38232"}],"version-history":[{"count":2,"href":"http:\/\/blogdalucianaoliveira.com.br\/blog\/wp-json\/wp\/v2\/posts\/38232\/revisions"}],"predecessor-version":[{"id":38235,"href":"http:\/\/blogdalucianaoliveira.com.br\/blog\/wp-json\/wp\/v2\/posts\/38232\/revisions\/38235"}],"wp:attachment":[{"href":"http:\/\/blogdalucianaoliveira.com.br\/blog\/wp-json\/wp\/v2\/media?parent=38232"}],"wp:term":[{"taxonomy":"category","embeddable":true,"href":"http:\/\/blogdalucianaoliveira.com.br\/blog\/wp-json\/wp\/v2\/categories?post=38232"},{"taxonomy":"post_tag","embeddable":true,"href":"http:\/\/blogdalucianaoliveira.com.br\/blog\/wp-json\/wp\/v2\/tags?post=38232"}],"curies":[{"name":"wp","href":"https:\/\/api.w.org\/{rel}","templated":true}]}}