{"id":38242,"date":"2026-01-31T12:43:14","date_gmt":"2026-01-31T16:43:14","guid":{"rendered":"https:\/\/blogdalucianaoliveira.com.br\/blog\/?p=38242"},"modified":"2026-01-31T12:43:14","modified_gmt":"2026-01-31T16:43:14","slug":"semias-tera-atendimento-especializado-a-criancas-no-carnaval","status":"publish","type":"post","link":"http:\/\/blogdalucianaoliveira.com.br\/blog\/2026\/01\/31\/semias-tera-atendimento-especializado-a-criancas-no-carnaval\/","title":{"rendered":"SEMIAS ter\u00e1 atendimento especializado \u00e0 crian\u00e7as no carnaval"},"content":{"rendered":"<p><img data-recalc-dims=\"1\" loading=\"lazy\" decoding=\"async\" data-attachment-id=\"38244\" data-permalink=\"http:\/\/blogdalucianaoliveira.com.br\/blog\/2026\/01\/31\/semias-tera-atendimento-especializado-a-criancas-no-carnaval\/421b0d31-6f52-4d5a-91e3-18eb6e4eb922\/\" data-orig-file=\"https:\/\/i0.wp.com\/blogdalucianaoliveira.com.br\/blog\/wp-content\/uploads\/2026\/01\/421b0d31-6f52-4d5a-91e3-18eb6e4eb922.jpeg?fit=1600%2C1200\" data-orig-size=\"1600,1200\" data-comments-opened=\"0\" data-image-meta=\"{&quot;aperture&quot;:&quot;0&quot;,&quot;credit&quot;:&quot;&quot;,&quot;camera&quot;:&quot;&quot;,&quot;caption&quot;:&quot;&quot;,&quot;created_timestamp&quot;:&quot;1769876184&quot;,&quot;copyright&quot;:&quot;&quot;,&quot;focal_length&quot;:&quot;0&quot;,&quot;iso&quot;:&quot;0&quot;,&quot;shutter_speed&quot;:&quot;0&quot;,&quot;title&quot;:&quot;&quot;,&quot;orientation&quot;:&quot;0&quot;}\" data-image-title=\"421b0d31-6f52-4d5a-91e3-18eb6e4eb922\" data-image-description=\"\" data-image-caption=\"\" data-medium-file=\"https:\/\/i0.wp.com\/blogdalucianaoliveira.com.br\/blog\/wp-content\/uploads\/2026\/01\/421b0d31-6f52-4d5a-91e3-18eb6e4eb922.jpeg?fit=300%2C225\" data-large-file=\"https:\/\/i0.wp.com\/blogdalucianaoliveira.com.br\/blog\/wp-content\/uploads\/2026\/01\/421b0d31-6f52-4d5a-91e3-18eb6e4eb922.jpeg?fit=600%2C450\" class=\"alignnone size-medium wp-image-38244\" src=\"https:\/\/i0.wp.com\/blogdalucianaoliveira.com.br\/blog\/wp-content\/uploads\/2026\/01\/421b0d31-6f52-4d5a-91e3-18eb6e4eb922.jpeg?resize=300%2C225\" alt=\"\" width=\"300\" height=\"225\" srcset=\"https:\/\/i0.wp.com\/blogdalucianaoliveira.com.br\/blog\/wp-content\/uploads\/2026\/01\/421b0d31-6f52-4d5a-91e3-18eb6e4eb922.jpeg?resize=300%2C225 300w, https:\/\/i0.wp.com\/blogdalucianaoliveira.com.br\/blog\/wp-content\/uploads\/2026\/01\/421b0d31-6f52-4d5a-91e3-18eb6e4eb922.jpeg?resize=1024%2C768 1024w, https:\/\/i0.wp.com\/blogdalucianaoliveira.com.br\/blog\/wp-content\/uploads\/2026\/01\/421b0d31-6f52-4d5a-91e3-18eb6e4eb922.jpeg?resize=768%2C576 768w, https:\/\/i0.wp.com\/blogdalucianaoliveira.com.br\/blog\/wp-content\/uploads\/2026\/01\/421b0d31-6f52-4d5a-91e3-18eb6e4eb922.jpeg?resize=1536%2C1152 1536w, https:\/\/i0.wp.com\/blogdalucianaoliveira.com.br\/blog\/wp-content\/uploads\/2026\/01\/421b0d31-6f52-4d5a-91e3-18eb6e4eb922.jpeg?resize=400%2C300 400w, https:\/\/i0.wp.com\/blogdalucianaoliveira.com.br\/blog\/wp-content\/uploads\/2026\/01\/421b0d31-6f52-4d5a-91e3-18eb6e4eb922.jpeg?w=1600 1600w, https:\/\/i0.wp.com\/blogdalucianaoliveira.com.br\/blog\/wp-content\/uploads\/2026\/01\/421b0d31-6f52-4d5a-91e3-18eb6e4eb922.jpeg?w=1200 1200w\" sizes=\"auto, (max-width: 300px) 100vw, 300px\" \/><\/p>\n<p>Assessoria &#8211; Pensando especialmente nas nossas crian\u00e7as at\u00edpicas, teremos um espa\u00e7o inclusivo na frente do palco, abafadores de ru\u00eddo, al\u00e9m de uma van da SEMIAS no local, com equipe preparada para apoiar na regula\u00e7\u00e3o das crian\u00e7as, sempre que for necess\u00e1rio, tanto hoje quanto amanh\u00e3, e nos blocos indicados no nosso banner.<br \/>\n<!--more-->\u00c9 importante tamb\u00e9m falar sobre o Cadastro Infantil da Prefeitura, que funciona por meio de um QR Code. Ao se cadastrar, o QR Code chega no e-mail da fam\u00edlia. Ele pode ser impresso, recortado e colocado no bolsinho da crian\u00e7a, pendurado em um crach\u00e1, preso com fitinha, fita adesiva ou at\u00e9 coladinho com durex.<\/p>\n<p>Esse cadastro \u00e9 muito importante porque, caso a crian\u00e7a se perca, nossa equipe consegue identificar rapidamente o contato da fam\u00edlia pelo QR Code e promover o reencontro com seguran\u00e7a.<\/p>\n<p><a href=\"https:\/\/cadastroinfantil.portovelho.ro.gov.br\">https:\/\/cadastroinfantil.portovelho.ro.gov.br<\/a><\/p>\n<p>\ud83d\udccc Quem quiser, pode se antecipar e fazer o cadastro antes pelo link da Prefeitura.<br \/>\n\ud83d\udccc Para quem n\u00e3o conseguir, teremos atendimento no local para imprimir o QR Code na hora hoje e amanh\u00e3.<\/p>\n<p>Esse mesmo cadastro vale n\u00e3o s\u00f3 para o Curumim Folia, mas tamb\u00e9m para outros blocos familiares, como o Pirarucu do Madeira e demais eventos diurnos onde as crian\u00e7as poder\u00e3o participar com mais seguran\u00e7a.<\/p>\n<p><img data-recalc-dims=\"1\" loading=\"lazy\" decoding=\"async\" data-attachment-id=\"38245\" data-permalink=\"http:\/\/blogdalucianaoliveira.com.br\/blog\/2026\/01\/31\/semias-tera-atendimento-especializado-a-criancas-no-carnaval\/fe52a1cc-2128-4331-87ea-9f98e4b1a87d\/\" data-orig-file=\"https:\/\/i0.wp.com\/blogdalucianaoliveira.com.br\/blog\/wp-content\/uploads\/2026\/01\/fe52a1cc-2128-4331-87ea-9f98e4b1a87d.jpeg?fit=1200%2C1600\" data-orig-size=\"1200,1600\" data-comments-opened=\"0\" data-image-meta=\"{&quot;aperture&quot;:&quot;0&quot;,&quot;credit&quot;:&quot;&quot;,&quot;camera&quot;:&quot;&quot;,&quot;caption&quot;:&quot;&quot;,&quot;created_timestamp&quot;:&quot;1769876185&quot;,&quot;copyright&quot;:&quot;&quot;,&quot;focal_length&quot;:&quot;0&quot;,&quot;iso&quot;:&quot;0&quot;,&quot;shutter_speed&quot;:&quot;0&quot;,&quot;title&quot;:&quot;&quot;,&quot;orientation&quot;:&quot;0&quot;}\" data-image-title=\"fe52a1cc-2128-4331-87ea-9f98e4b1a87d\" data-image-description=\"\" data-image-caption=\"\" data-medium-file=\"https:\/\/i0.wp.com\/blogdalucianaoliveira.com.br\/blog\/wp-content\/uploads\/2026\/01\/fe52a1cc-2128-4331-87ea-9f98e4b1a87d.jpeg?fit=225%2C300\" data-large-file=\"https:\/\/i0.wp.com\/blogdalucianaoliveira.com.br\/blog\/wp-content\/uploads\/2026\/01\/fe52a1cc-2128-4331-87ea-9f98e4b1a87d.jpeg?fit=600%2C800\" class=\"alignnone size-medium wp-image-38245\" src=\"https:\/\/i0.wp.com\/blogdalucianaoliveira.com.br\/blog\/wp-content\/uploads\/2026\/01\/fe52a1cc-2128-4331-87ea-9f98e4b1a87d.jpeg?resize=225%2C300\" alt=\"\" width=\"225\" height=\"300\" srcset=\"https:\/\/i0.wp.com\/blogdalucianaoliveira.com.br\/blog\/wp-content\/uploads\/2026\/01\/fe52a1cc-2128-4331-87ea-9f98e4b1a87d.jpeg?resize=225%2C300 225w, https:\/\/i0.wp.com\/blogdalucianaoliveira.com.br\/blog\/wp-content\/uploads\/2026\/01\/fe52a1cc-2128-4331-87ea-9f98e4b1a87d.jpeg?resize=768%2C1024 768w, https:\/\/i0.wp.com\/blogdalucianaoliveira.com.br\/blog\/wp-content\/uploads\/2026\/01\/fe52a1cc-2128-4331-87ea-9f98e4b1a87d.jpeg?resize=1152%2C1536 1152w, https:\/\/i0.wp.com\/blogdalucianaoliveira.com.br\/blog\/wp-content\/uploads\/2026\/01\/fe52a1cc-2128-4331-87ea-9f98e4b1a87d.jpeg?w=1200 1200w\" sizes=\"auto, (max-width: 225px) 100vw, 225px\" \/> <img data-recalc-dims=\"1\" loading=\"lazy\" decoding=\"async\" data-attachment-id=\"38246\" data-permalink=\"http:\/\/blogdalucianaoliveira.com.br\/blog\/2026\/01\/31\/semias-tera-atendimento-especializado-a-criancas-no-carnaval\/fe335aa6-9b47-406e-9222-c92a9655f2ea\/\" data-orig-file=\"https:\/\/i0.wp.com\/blogdalucianaoliveira.com.br\/blog\/wp-content\/uploads\/2026\/01\/fe335aa6-9b47-406e-9222-c92a9655f2ea.jpeg?fit=1280%2C842\" data-orig-size=\"1280,842\" data-comments-opened=\"0\" data-image-meta=\"{&quot;aperture&quot;:&quot;0&quot;,&quot;credit&quot;:&quot;&quot;,&quot;camera&quot;:&quot;&quot;,&quot;caption&quot;:&quot;&quot;,&quot;created_timestamp&quot;:&quot;1769876186&quot;,&quot;copyright&quot;:&quot;&quot;,&quot;focal_length&quot;:&quot;0&quot;,&quot;iso&quot;:&quot;0&quot;,&quot;shutter_speed&quot;:&quot;0&quot;,&quot;title&quot;:&quot;&quot;,&quot;orientation&quot;:&quot;0&quot;}\" data-image-title=\"fe335aa6-9b47-406e-9222-c92a9655f2ea\" data-image-description=\"\" data-image-caption=\"\" data-medium-file=\"https:\/\/i0.wp.com\/blogdalucianaoliveira.com.br\/blog\/wp-content\/uploads\/2026\/01\/fe335aa6-9b47-406e-9222-c92a9655f2ea.jpeg?fit=300%2C197\" data-large-file=\"https:\/\/i0.wp.com\/blogdalucianaoliveira.com.br\/blog\/wp-content\/uploads\/2026\/01\/fe335aa6-9b47-406e-9222-c92a9655f2ea.jpeg?fit=600%2C395\" class=\"alignnone size-medium wp-image-38246\" src=\"https:\/\/i0.wp.com\/blogdalucianaoliveira.com.br\/blog\/wp-content\/uploads\/2026\/01\/fe335aa6-9b47-406e-9222-c92a9655f2ea.jpeg?resize=300%2C197\" alt=\"\" width=\"300\" height=\"197\" srcset=\"https:\/\/i0.wp.com\/blogdalucianaoliveira.com.br\/blog\/wp-content\/uploads\/2026\/01\/fe335aa6-9b47-406e-9222-c92a9655f2ea.jpeg?resize=300%2C197 300w, https:\/\/i0.wp.com\/blogdalucianaoliveira.com.br\/blog\/wp-content\/uploads\/2026\/01\/fe335aa6-9b47-406e-9222-c92a9655f2ea.jpeg?resize=1024%2C674 1024w, https:\/\/i0.wp.com\/blogdalucianaoliveira.com.br\/blog\/wp-content\/uploads\/2026\/01\/fe335aa6-9b47-406e-9222-c92a9655f2ea.jpeg?resize=768%2C505 768w, https:\/\/i0.wp.com\/blogdalucianaoliveira.com.br\/blog\/wp-content\/uploads\/2026\/01\/fe335aa6-9b47-406e-9222-c92a9655f2ea.jpeg?resize=456%2C300 456w, https:\/\/i0.wp.com\/blogdalucianaoliveira.com.br\/blog\/wp-content\/uploads\/2026\/01\/fe335aa6-9b47-406e-9222-c92a9655f2ea.jpeg?w=1280 1280w, https:\/\/i0.wp.com\/blogdalucianaoliveira.com.br\/blog\/wp-content\/uploads\/2026\/01\/fe335aa6-9b47-406e-9222-c92a9655f2ea.jpeg?w=1200 1200w\" sizes=\"auto, (max-width: 300px) 100vw, 300px\" \/> <img data-recalc-dims=\"1\" loading=\"lazy\" decoding=\"async\" data-attachment-id=\"38247\" data-permalink=\"http:\/\/blogdalucianaoliveira.com.br\/blog\/2026\/01\/31\/semias-tera-atendimento-especializado-a-criancas-no-carnaval\/e16f0338-c5a1-459e-a30a-87676c7402c5\/\" data-orig-file=\"https:\/\/i0.wp.com\/blogdalucianaoliveira.com.br\/blog\/wp-content\/uploads\/2026\/01\/e16f0338-c5a1-459e-a30a-87676c7402c5.jpeg?fit=1600%2C1089\" data-orig-size=\"1600,1089\" data-comments-opened=\"0\" data-image-meta=\"{&quot;aperture&quot;:&quot;0&quot;,&quot;credit&quot;:&quot;&quot;,&quot;camera&quot;:&quot;&quot;,&quot;caption&quot;:&quot;&quot;,&quot;created_timestamp&quot;:&quot;1769876186&quot;,&quot;copyright&quot;:&quot;&quot;,&quot;focal_length&quot;:&quot;0&quot;,&quot;iso&quot;:&quot;0&quot;,&quot;shutter_speed&quot;:&quot;0&quot;,&quot;title&quot;:&quot;&quot;,&quot;orientation&quot;:&quot;0&quot;}\" data-image-title=\"e16f0338-c5a1-459e-a30a-87676c7402c5\" data-image-description=\"\" data-image-caption=\"\" data-medium-file=\"https:\/\/i0.wp.com\/blogdalucianaoliveira.com.br\/blog\/wp-content\/uploads\/2026\/01\/e16f0338-c5a1-459e-a30a-87676c7402c5.jpeg?fit=300%2C204\" data-large-file=\"https:\/\/i0.wp.com\/blogdalucianaoliveira.com.br\/blog\/wp-content\/uploads\/2026\/01\/e16f0338-c5a1-459e-a30a-87676c7402c5.jpeg?fit=600%2C408\" class=\"alignnone size-medium wp-image-38247\" src=\"https:\/\/i0.wp.com\/blogdalucianaoliveira.com.br\/blog\/wp-content\/uploads\/2026\/01\/e16f0338-c5a1-459e-a30a-87676c7402c5.jpeg?resize=300%2C204\" alt=\"\" width=\"300\" height=\"204\" srcset=\"https:\/\/i0.wp.com\/blogdalucianaoliveira.com.br\/blog\/wp-content\/uploads\/2026\/01\/e16f0338-c5a1-459e-a30a-87676c7402c5.jpeg?resize=300%2C204 300w, https:\/\/i0.wp.com\/blogdalucianaoliveira.com.br\/blog\/wp-content\/uploads\/2026\/01\/e16f0338-c5a1-459e-a30a-87676c7402c5.jpeg?resize=1024%2C697 1024w, https:\/\/i0.wp.com\/blogdalucianaoliveira.com.br\/blog\/wp-content\/uploads\/2026\/01\/e16f0338-c5a1-459e-a30a-87676c7402c5.jpeg?resize=768%2C523 768w, https:\/\/i0.wp.com\/blogdalucianaoliveira.com.br\/blog\/wp-content\/uploads\/2026\/01\/e16f0338-c5a1-459e-a30a-87676c7402c5.jpeg?resize=1536%2C1045 1536w, https:\/\/i0.wp.com\/blogdalucianaoliveira.com.br\/blog\/wp-content\/uploads\/2026\/01\/e16f0338-c5a1-459e-a30a-87676c7402c5.jpeg?resize=441%2C300 441w, https:\/\/i0.wp.com\/blogdalucianaoliveira.com.br\/blog\/wp-content\/uploads\/2026\/01\/e16f0338-c5a1-459e-a30a-87676c7402c5.jpeg?w=1600 1600w, https:\/\/i0.wp.com\/blogdalucianaoliveira.com.br\/blog\/wp-content\/uploads\/2026\/01\/e16f0338-c5a1-459e-a30a-87676c7402c5.jpeg?w=1200 1200w\" sizes=\"auto, (max-width: 300px) 100vw, 300px\" \/><\/p>\n<p>Durante todo o Carnaval, estaremos atuando com o Programa Carnaval Seguro, com equipes identificadas e vans de apoio voltadas \u00e0 prote\u00e7\u00e3o da crian\u00e7a e do adolescente, pessoas com defici\u00eancia, combate ao trabalho infantil e enfrentamento \u00e0 viol\u00eancia contra a mulher.<\/p>\n<p>Vamos encaminhar aqui tamb\u00e9m o material da campanha, para que voc\u00eas saibam exatamente a identidade visual da equipe e quem procurar e como pedir ajuda durante os dias de festa, al\u00e9m da lista dos blocos onde teremos presen\u00e7a das equipes da Inclus\u00e3o da Prefeitura.<\/p>\n<p>Carnaval tamb\u00e9m \u00e9 alegria, cuidado e inclus\u00e3o. Estamos juntos para que nossas crian\u00e7as possam brincar com seguran\u00e7a.<\/p>\n","protected":false},"excerpt":{"rendered":"<p>Assessoria &#8211; Pensando especialmente nas nossas crian\u00e7as at\u00edpicas, teremos um espa\u00e7o inclusivo na frente do palco, abafadores de ru\u00eddo, al\u00e9m de uma van da SEMIAS no local, com equipe preparada para apoiar na regula\u00e7\u00e3o das crian\u00e7as, sempre que for necess\u00e1rio, tanto hoje quanto amanh\u00e3, e nos blocos indicados no nosso banner.<\/p>\n","protected":false},"author":1,"featured_media":0,"comment_status":"closed","ping_status":"open","sticky":false,"template":"","format":"standard","meta":{"_exactmetrics_skip_tracking":false,"_exactmetrics_sitenote_active":false,"_exactmetrics_sitenote_note":"","_exactmetrics_sitenote_category":0,"jetpack_post_was_ever_published":false,"_jetpack_newsletter_access":"","_jetpack_dont_email_post_to_subs":false,"_jetpack_newsletter_tier_id":0,"_jetpack_memberships_contains_paywalled_content":false,"_jetpack_memberships_contains_paid_content":false,"footnotes":"","jetpack_publicize_message":"","jetpack_publicize_feature_enabled":true,"jetpack_social_post_already_shared":true,"jetpack_social_options":{"image_generator_settings":{"template":"highway","enabled":false},"version":2}},"categories":[1],"tags":[248,8,1612],"class_list":["post-38242","post","type-post","status-publish","format-standard","hentry","category-notas","tag-carnaval","tag-porto-velho","tag-semias"],"jetpack_publicize_connections":[],"jetpack_sharing_enabled":true,"jetpack_featured_media_url":"","jetpack_shortlink":"https:\/\/wp.me\/p7wKYW-9WO","jetpack-related-posts":[],"_links":{"self":[{"href":"http:\/\/blogdalucianaoliveira.com.br\/blog\/wp-json\/wp\/v2\/posts\/38242","targetHints":{"allow":["GET"]}}],"collection":[{"href":"http:\/\/blogdalucianaoliveira.com.br\/blog\/wp-json\/wp\/v2\/posts"}],"about":[{"href":"http:\/\/blogdalucianaoliveira.com.br\/blog\/wp-json\/wp\/v2\/types\/post"}],"author":[{"embeddable":true,"href":"http:\/\/blogdalucianaoliveira.com.br\/blog\/wp-json\/wp\/v2\/users\/1"}],"replies":[{"embeddable":true,"href":"http:\/\/blogdalucianaoliveira.com.br\/blog\/wp-json\/wp\/v2\/comments?post=38242"}],"version-history":[{"count":1,"href":"http:\/\/blogdalucianaoliveira.com.br\/blog\/wp-json\/wp\/v2\/posts\/38242\/revisions"}],"predecessor-version":[{"id":38248,"href":"http:\/\/blogdalucianaoliveira.com.br\/blog\/wp-json\/wp\/v2\/posts\/38242\/revisions\/38248"}],"wp:attachment":[{"href":"http:\/\/blogdalucianaoliveira.com.br\/blog\/wp-json\/wp\/v2\/media?parent=38242"}],"wp:term":[{"taxonomy":"category","embeddable":true,"href":"http:\/\/blogdalucianaoliveira.com.br\/blog\/wp-json\/wp\/v2\/categories?post=38242"},{"taxonomy":"post_tag","embeddable":true,"href":"http:\/\/blogdalucianaoliveira.com.br\/blog\/wp-json\/wp\/v2\/tags?post=38242"}],"curies":[{"name":"wp","href":"https:\/\/api.w.org\/{rel}","templated":true}]}}