{"id":38254,"date":"2026-02-09T21:43:18","date_gmt":"2026-02-10T01:43:18","guid":{"rendered":"https:\/\/blogdalucianaoliveira.com.br\/blog\/?p=38254"},"modified":"2026-02-09T21:43:18","modified_gmt":"2026-02-10T01:43:18","slug":"lula-convida-lideres-da-base-para-desfile-de-carnaval-na-sapucai","status":"publish","type":"post","link":"http:\/\/blogdalucianaoliveira.com.br\/blog\/2026\/02\/09\/lula-convida-lideres-da-base-para-desfile-de-carnaval-na-sapucai\/","title":{"rendered":"Lula convida l\u00edderes da base para desfile de Carnaval na Sapuca\u00ed"},"content":{"rendered":"<p><img data-recalc-dims=\"1\" loading=\"lazy\" decoding=\"async\" data-attachment-id=\"38255\" data-permalink=\"http:\/\/blogdalucianaoliveira.com.br\/blog\/2026\/02\/09\/lula-convida-lideres-da-base-para-desfile-de-carnaval-na-sapucai\/img_6277\/\" data-orig-file=\"https:\/\/i0.wp.com\/blogdalucianaoliveira.com.br\/blog\/wp-content\/uploads\/2026\/02\/IMG_6277.webp?fit=1200%2C648\" data-orig-size=\"1200,648\" data-comments-opened=\"0\" data-image-meta=\"{&quot;aperture&quot;:&quot;0&quot;,&quot;credit&quot;:&quot;&quot;,&quot;camera&quot;:&quot;&quot;,&quot;caption&quot;:&quot;&quot;,&quot;created_timestamp&quot;:&quot;0&quot;,&quot;copyright&quot;:&quot;&quot;,&quot;focal_length&quot;:&quot;0&quot;,&quot;iso&quot;:&quot;0&quot;,&quot;shutter_speed&quot;:&quot;0&quot;,&quot;title&quot;:&quot;&quot;,&quot;orientation&quot;:&quot;0&quot;}\" data-image-title=\"IMG_6277\" data-image-description=\"\" data-image-caption=\"\" data-medium-file=\"https:\/\/i0.wp.com\/blogdalucianaoliveira.com.br\/blog\/wp-content\/uploads\/2026\/02\/IMG_6277.webp?fit=300%2C162\" data-large-file=\"https:\/\/i0.wp.com\/blogdalucianaoliveira.com.br\/blog\/wp-content\/uploads\/2026\/02\/IMG_6277.webp?fit=600%2C324\" class=\"alignnone size-medium wp-image-38255\" src=\"https:\/\/i0.wp.com\/blogdalucianaoliveira.com.br\/blog\/wp-content\/uploads\/2026\/02\/IMG_6277.webp?resize=300%2C162\" alt=\"\" width=\"300\" height=\"162\" srcset=\"https:\/\/i0.wp.com\/blogdalucianaoliveira.com.br\/blog\/wp-content\/uploads\/2026\/02\/IMG_6277.webp?resize=300%2C162 300w, https:\/\/i0.wp.com\/blogdalucianaoliveira.com.br\/blog\/wp-content\/uploads\/2026\/02\/IMG_6277.webp?resize=1024%2C553 1024w, https:\/\/i0.wp.com\/blogdalucianaoliveira.com.br\/blog\/wp-content\/uploads\/2026\/02\/IMG_6277.webp?resize=768%2C415 768w, https:\/\/i0.wp.com\/blogdalucianaoliveira.com.br\/blog\/wp-content\/uploads\/2026\/02\/IMG_6277.webp?resize=556%2C300 556w, https:\/\/i0.wp.com\/blogdalucianaoliveira.com.br\/blog\/wp-content\/uploads\/2026\/02\/IMG_6277.webp?w=1200 1200w\" sizes=\"auto, (max-width: 300px) 100vw, 300px\" \/><\/p>\n<div class=\"flex w-full flex-col gap-4\">\n<div tabindex=\"2\">\n<h2 class=\"text-lg font-normal group-[.isActiveSource]:text-xl\" data-single-excerpt=\"true\">Parlamentares t\u00eam lugar garantido no camarote da Prefeitura do Rio, mas precisam arcar com passagem, hospedagem e alimenta\u00e7\u00e3o<\/h2>\n<\/div>\n<\/div>\n<p><!--more--><\/p>\n<div class=\"flex w-full flex-col gap-1\" data-single-author=\"true\"><span class=\"text-sm font-normal\"><a class=\"text-sm underline\" href=\"https:\/\/www.cnnbrasil.com.br\/autor\/duda-cambraia\/\" target=\"_self\"><span class=\"text-sm font-medium\">Duda Cambraia<\/span><\/a> e <a class=\"text-sm underline\" href=\"https:\/\/www.cnnbrasil.com.br\/autor\/emilly-behnke\/\" target=\"_self\"><span class=\"text-sm font-medium\">Emilly Behnke<\/span><\/a>, da CNN Brasil, Bras\u00edlia<\/span><\/div>\n<div data-single-author=\"true\">O presidente <strong class=\"group-[.isActiveSource]:text-xl group-[.isActiveSource]:font-bold\">Luiz In\u00e1cio Lula da Silva (PT)<\/strong>convidou l\u00edderes partid\u00e1rios da<strong class=\"group-[.isActiveSource]:text-xl group-[.isActiveSource]:font-bold\"> C\u00e2mara dos Deputados<\/strong> para acompanhar o desfile das escolas de samba no<strong class=\"group-[.isActiveSource]:text-xl group-[.isActiveSource]:font-bold\"> Samb\u00f3dromo da Marqu\u00eas de Sapuca\u00ed<\/strong>, no Rio de Janeiro.<\/div>\n<div data-single-author=\"true\">\n<p class=\"my-5 break-words group-[.isActiveSource]:text-xl\">A primeira-dama Ros\u00e2ngela da Silva, a Janja, deve desfilar com a <strong class=\"group-[.isActiveSource]:text-xl group-[.isActiveSource]:font-bold\">Acad\u00eamicos de Niter\u00f3i<\/strong> no pr\u00f3ximo domingo, dia 15 de fevereiro. <a class=\"text-red-600 underline hover:text-red-500 font-medium break-words group-[.isActiveSource]:text-xl\" href=\"https:\/\/www.cnnbrasil.com.br\/eleicoes\/entenda-a-polemica-envolvendo-enredo-de-escola-de-samba-sobre-lula\/\" target=\"_self\" rel=\"\">A escola ter\u00e1 samba-enredo em homenagem ao presidente<\/a>. Segundo apurou a CNN, enquanto Janja desfila, Lula deve acompanhar o desfile do camarote da Prefeitura do Rio de Janeiro.<\/p>\n<p class=\"my-5 break-words group-[.isActiveSource]:text-xl\">Os<strong class=\"group-[.isActiveSource]:text-xl group-[.isActiveSource]:font-bold\"> l\u00edderes convidados por Lula<\/strong> t\u00eam espa\u00e7o garantido no camarote da <strong class=\"group-[.isActiveSource]:text-xl group-[.isActiveSource]:font-bold\">Prefeitura<\/strong>, ao lado do presidente, mas precisariam arcar com outras despesas, como deslocamento, hospedagem e alimenta\u00e7\u00e3o.<\/p>\n<p class=\"my-5 break-words group-[.isActiveSource]:text-xl\">O convite aos chefes de bancada foi feito em jantar de confraterniza\u00e7\u00e3o realizado na \u00faltima quarta-feira (4). Em gesto para estreitar rela\u00e7\u00f5es com o Congresso, o chefe do Executivo abriu as portas da Granja do Torto, casa de campo do presidente em Bras\u00edlia, para recepcionar l\u00edderes aliados.<\/p>\n<p class=\"my-5 break-words group-[.isActiveSource]:text-xl\">Existem quase 20 op\u00e7\u00f5es de camarotes na Sapuca\u00ed com ingressos \u00e0 venda para o p\u00fablico geral. Para o dia 15 de fevereiro, segundo o site oficial, os pre\u00e7os variam de R$ 2.500 a R$ 5.390.<\/p>\n<p class=\"my-5 break-words group-[.isActiveSource]:text-xl\">A Acad\u00eamicos de Niter\u00f3i, que ascendeu ao grupo especial do carnaval carioca no ano passado, ser\u00e1 a primeira escola a desfilar no dia 15 de fevereiro. <a class=\"text-red-600 underline hover:text-red-500 font-medium break-words group-[.isActiveSource]:text-xl\" href=\"https:\/\/www.cnnbrasil.com.br\/politica\/lula-e-convidado-para-desfilar-com-escola-de-samba-na-sapucai\/\" target=\"_self\" rel=\"\">O enredo escolhido, &#8220;Do alto do Mulungu surge a esperan\u00e7a: Lula, o oper\u00e1rio do Brasil&#8221;, exalta a trajet\u00f3ria do atual presidente.<\/a><\/p>\n<p class=\"my-5 break-words group-[.isActiveSource]:text-xl\">Como a CNN mostrou, Lula deve fazer um tour por tr\u00eas capitais do pa\u00eds durante o Carnaval.<\/p>\n<p class=\"my-5 break-words group-[.isActiveSource]:text-xl\">De acordo com fontes do Pal\u00e1cio do Planalto, o roteiro ter\u00e1 in\u00edcio no Recife (PE), onde desembarca na noite de sexta-feira de Carnaval (13), para acompanhar o desfile do bloco Galo da Madrugada, previsto para a manh\u00e3 seguinte.<\/p>\n<p class=\"my-5 break-words group-[.isActiveSource]:text-xl\">Na sequ\u00eancia, ainda na tarde de s\u00e1bado (14), Lula embarca para a capital baiana, Salvador, onde deve manter uma agenda curta.<\/p>\n<p class=\"my-5 break-words group-[.isActiveSource]:text-xl\">O p\u00e9riplo termina no Rio de Janeiro, onde assiste, no domingo (15), no Samb\u00f3dromo da Marqu\u00eas de Sapuca\u00ed, ao desfile da Escola de Samba Acad\u00eamicos de Niter\u00f3i.<\/p>\n<\/div>\n<div data-single-author=\"true\"><\/div>\n<div data-single-author=\"true\"><\/div>\n","protected":false},"excerpt":{"rendered":"<p>Parlamentares t\u00eam lugar garantido no camarote da Prefeitura do Rio, mas precisam arcar com passagem, hospedagem e alimenta\u00e7\u00e3o<\/p>\n","protected":false},"author":1,"featured_media":0,"comment_status":"closed","ping_status":"open","sticky":false,"template":"","format":"standard","meta":{"_exactmetrics_skip_tracking":false,"_exactmetrics_sitenote_active":false,"_exactmetrics_sitenote_note":"","_exactmetrics_sitenote_category":0,"jetpack_post_was_ever_published":false,"_jetpack_newsletter_access":"","_jetpack_dont_email_post_to_subs":false,"_jetpack_newsletter_tier_id":0,"_jetpack_memberships_contains_paywalled_content":false,"_jetpack_memberships_contains_paid_content":false,"footnotes":"","jetpack_publicize_message":"","jetpack_publicize_feature_enabled":true,"jetpack_social_post_already_shared":true,"jetpack_social_options":{"image_generator_settings":{"template":"highway","enabled":false},"version":2}},"categories":[1],"tags":[],"class_list":["post-38254","post","type-post","status-publish","format-standard","hentry","category-notas"],"jetpack_publicize_connections":[],"jetpack_sharing_enabled":true,"jetpack_featured_media_url":"","jetpack_shortlink":"https:\/\/wp.me\/p7wKYW-9X0","jetpack-related-posts":[],"_links":{"self":[{"href":"http:\/\/blogdalucianaoliveira.com.br\/blog\/wp-json\/wp\/v2\/posts\/38254","targetHints":{"allow":["GET"]}}],"collection":[{"href":"http:\/\/blogdalucianaoliveira.com.br\/blog\/wp-json\/wp\/v2\/posts"}],"about":[{"href":"http:\/\/blogdalucianaoliveira.com.br\/blog\/wp-json\/wp\/v2\/types\/post"}],"author":[{"embeddable":true,"href":"http:\/\/blogdalucianaoliveira.com.br\/blog\/wp-json\/wp\/v2\/users\/1"}],"replies":[{"embeddable":true,"href":"http:\/\/blogdalucianaoliveira.com.br\/blog\/wp-json\/wp\/v2\/comments?post=38254"}],"version-history":[{"count":1,"href":"http:\/\/blogdalucianaoliveira.com.br\/blog\/wp-json\/wp\/v2\/posts\/38254\/revisions"}],"predecessor-version":[{"id":38256,"href":"http:\/\/blogdalucianaoliveira.com.br\/blog\/wp-json\/wp\/v2\/posts\/38254\/revisions\/38256"}],"wp:attachment":[{"href":"http:\/\/blogdalucianaoliveira.com.br\/blog\/wp-json\/wp\/v2\/media?parent=38254"}],"wp:term":[{"taxonomy":"category","embeddable":true,"href":"http:\/\/blogdalucianaoliveira.com.br\/blog\/wp-json\/wp\/v2\/categories?post=38254"},{"taxonomy":"post_tag","embeddable":true,"href":"http:\/\/blogdalucianaoliveira.com.br\/blog\/wp-json\/wp\/v2\/tags?post=38254"}],"curies":[{"name":"wp","href":"https:\/\/api.w.org\/{rel}","templated":true}]}}